{"id":10626,"date":"2017-05-04T08:18:24","date_gmt":"2017-05-04T06:18:24","guid":{"rendered":"http:\/\/www.frankensicht.de\/?p=10626"},"modified":"2017-05-04T08:18:24","modified_gmt":"2017-05-04T06:18:24","slug":"bundesumweltministerin-barbara-hendricks-reist-zu-klimaschutz-gespraechen-in-die-usa","status":"publish","type":"post","link":"https:\/\/www.frankensicht.de\/?p=10626","title":{"rendered":"Bundesumweltministerin Barbara Hendricks reist zu Klimaschutz-Gespr\u00e4chen in die USA"},"content":{"rendered":"<p><span style=\"color: #ff0000;\">Berlin:<\/span><\/p>\n<p>Klimaschutz\/USA<br \/>\nBundesumweltministerin Barbara Hendricks reist zu Klimaschutz-Gespr\u00e4chen<br \/>\nin die USA<\/p>\n<p>Bundesumweltministerin Barbara Hendricks reist vom 15.-17. Mai zu<br \/>\npolitischen Gespr\u00e4chen in die USA. Im Mittelpunkt der dreit\u00e4gigen Reise<br \/>\nstehen Umwelt- und Klimaschutzthemen. In der amerikanischen Hauptstadt<br \/>\nWashington wird Hendricks unter anderem mit dem Leiter der<br \/>\nUS-Umweltschutzbeh\u00f6rde EPA, Scott Pruitt, und Vertretern von<br \/>\nNichtregierungsorganisationen sprechen. Weitere Station der Reise ist<br \/>\nKalifornien, wo die Bundesumweltministerin mit dem Gouverneur des Staates,<br \/>\nJerry Brown, zusammentreffen wird.<\/p>\n<p><a href=\"https:\/\/www.frankensicht.de\/?attachment_id=7477\" rel=\"attachment wp-att-7477\"><img loading=\"lazy\" decoding=\"async\" class=\"alignnone size-medium wp-image-7477\" src=\"https:\/\/www.frankensicht.de\/wp-content\/uploads\/2014\/08\/P1020626-300x225.jpg\" alt=\"\" width=\"300\" height=\"225\" srcset=\"https:\/\/www.frankensicht.de\/wp-content\/uploads\/2014\/08\/P1020626-300x225.jpg 300w, https:\/\/www.frankensicht.de\/wp-content\/uploads\/2014\/08\/P1020626.jpg 640w\" sizes=\"auto, (max-width: 300px) 100vw, 300px\" \/><\/a><\/p>\n<p>Hendricks: \u201eDie USA sind ein wichtiger Partner, und ich m\u00f6chte mit der<br \/>\nneuen Administration den direkten Dialog zum Klimaschutz aufnehmen. Ich<br \/>\nwerde mich insbesondere daf\u00fcr einsetzen, dass die USA Teil des Pariser<br \/>\nKlimaabkommens bleiben und ihren Beitrag zur Umsetzung des Abkommens<br \/>\nleisten.\u201c<\/p>\n<p>Mit Kaliforniens Gouverneur Jerry Brown wird Bundesumweltministerin Barbara<br \/>\nHendricks sich unter anderem \u00fcber die engere Kooperation und die wichtige<br \/>\nRolle von Bundesstaaten, St\u00e4dten und Regionen beim Vorantreiben der<br \/>\nKlimaschutzagenda austau-schen.<\/p>\n<p>Zum Abschluss ihrer Reise wird die Ministerin in einer Rede vor Studenten<br \/>\nder Stanford University Herausforderungen und Chancen des Klimaschutzes<br \/>\nskizzieren. Hendricks: \u201eKlimaschutz und Wirtschaftsentwicklung sind<br \/>\nkeine Gegens\u00e4tze. Eine engagierte Klimaschutzpolitik bedeutet Wachstum,<br \/>\nInnovation und Besch\u00e4ftigung. Die Chancen, die sich dadurch auch im<br \/>\ninternationalen Wettbewerb bieten, sind enorm. Die Transformation zu einer<br \/>\nklimafreundlichen Welt ist nicht mehr aufzuhalten.\u201c<\/p>\n<p>https:\/\/www.facebook.com\/bmub.bund<\/p>\n<p>https:\/\/www.instagram.com\/bmub\/<\/p>\n<p>Quelle:bmub.bund.de<\/p>\n<p>&nbsp;<\/p>\n","protected":false},"excerpt":{"rendered":"<p>Berlin: Klimaschutz\/USA Bundesumweltministerin Barbara Hendricks reist zu Klimaschutz-Gespr\u00e4chen in die USA Bundesumweltministerin Barbara Hendricks reist vom 15.-17. Mai zu politischen Gespr\u00e4chen in die USA. Im Mittelpunkt der dreit\u00e4gigen Reise stehen Umwelt- und Klimaschutzthemen. In der amerikanischen Hauptstadt Washington wird Hendricks unter anderem mit dem Leiter der US-Umweltschutzbeh\u00f6rde EPA, Scott Pruitt, und Vertretern von Nichtregierungsorganisationen sprechen. [&hellip;]<\/p>\n","protected":false},"author":7,"featured_media":0,"comment_status":"closed","ping_status":"open","sticky":false,"template":"","format":"standard","meta":{"footnotes":""},"categories":[44,3],"tags":[2242],"class_list":["post-10626","post","type-post","status-publish","format-standard","hentry","category-deutschland-2","category-news","tag-klimagespraeche"],"_links":{"self":[{"href":"https:\/\/www.frankensicht.de\/index.php?rest_route=\/wp\/v2\/posts\/10626","targetHints":{"allow":["GET"]}}],"collection":[{"href":"https:\/\/www.frankensicht.de\/index.php?rest_route=\/wp\/v2\/posts"}],"about":[{"href":"https:\/\/www.frankensicht.de\/index.php?rest_route=\/wp\/v2\/types\/post"}],"author":[{"embeddable":true,"href":"https:\/\/www.frankensicht.de\/index.php?rest_route=\/wp\/v2\/users\/7"}],"replies":[{"embeddable":true,"href":"https:\/\/www.frankensicht.de\/index.php?rest_route=%2Fwp%2Fv2%2Fcomments&post=10626"}],"version-history":[{"count":1,"href":"https:\/\/www.frankensicht.de\/index.php?rest_route=\/wp\/v2\/posts\/10626\/revisions"}],"predecessor-version":[{"id":10627,"href":"https:\/\/www.frankensicht.de\/index.php?rest_route=\/wp\/v2\/posts\/10626\/revisions\/10627"}],"wp:attachment":[{"href":"https:\/\/www.frankensicht.de\/index.php?rest_route=%2Fwp%2Fv2%2Fmedia&parent=10626"}],"wp:term":[{"taxonomy":"category","embeddable":true,"href":"https:\/\/www.frankensicht.de\/index.php?rest_route=%2Fwp%2Fv2%2Fcategories&post=10626"},{"taxonomy":"post_tag","embeddable":true,"href":"https:\/\/www.frankensicht.de\/index.php?rest_route=%2Fwp%2Fv2%2Ftags&post=10626"}],"curies":[{"name":"wp","href":"https:\/\/api.w.org\/{rel}","templated":true}]}}