{"id":10623,"date":"2017-05-02T09:49:41","date_gmt":"2017-05-02T07:49:41","guid":{"rendered":"http:\/\/www.frankensicht.de\/?p=10623"},"modified":"2017-05-02T09:49:41","modified_gmt":"2017-05-02T07:49:41","slug":"kein-platz-fuer-antisemitismus-und-extremismus","status":"publish","type":"post","link":"https:\/\/www.frankensicht.de\/?p=10623","title":{"rendered":"Kein Platz f\u00fcr Antisemitismus und Extremismus"},"content":{"rendered":"<p><span style=\"color: #ff0000;\">Dachau:<\/span><\/p>\n<p>&#8222;Kein Platz f\u00fcr Antisemitismus und Extremismus&#8220; &#8211; Staatssekret\u00e4r Georg Eisenreich gedenkt im ehemaligen KZ Dachau der Opfer des NS-Regimes<br \/>\n&#8222;Nie wieder! &#8211; Das ist der Auftrag aus unserer Vergangenheit f\u00fcr die Zukunft&#8220;, betonte Kultusstaatssekret\u00e4r Georg Eisenreich am Sonntag im Rahmen der Gedenkfeierlichkeiten anl\u00e4sslich der Befreiung des Konzentrationslagers Dachau durch amerikanische Truppen am 29. April 1945.<\/p>\n<p><a href=\"https:\/\/www.frankensicht.de\/?attachment_id=8164\" rel=\"attachment wp-att-8164\"><img loading=\"lazy\" decoding=\"async\" class=\"alignnone size-medium wp-image-8164\" src=\"https:\/\/www.frankensicht.de\/wp-content\/uploads\/2015\/02\/israel-300x218.png\" alt=\"\" width=\"300\" height=\"218\" srcset=\"https:\/\/www.frankensicht.de\/wp-content\/uploads\/2015\/02\/israel-300x218.png 300w, https:\/\/www.frankensicht.de\/wp-content\/uploads\/2015\/02\/israel.png 660w\" sizes=\"auto, (max-width: 300px) 100vw, 300px\" \/><\/a><\/p>\n<p>F\u00fcr die Staatsregierung seien auch in Zukunft das Erinnern an das Geschehene und das Lernen aus der Vergangenheit eine Verpflichtung. Dieser werde man zusammen mit den \u00dcberlebenden, der Stiftung Bayerische Gedenkst\u00e4tten und den Partnern in der schulischen und au\u00dferschulischen Bildungsarbeit verantwortungsbewusst nachkommen, so Eisenreich. Auch 72 Jahre nach dem Ende des Zweiten Weltkriegs m\u00fcsse man den Anf\u00e4ngen wehren: &#8222;Bei uns in Bayern und in Deutschland gibt es f\u00fcr Antisemitismus und Extremismus keinen Platz!&#8220;<\/p>\n<p>Eisenreich unterstrich die Bedeutung der Gedenkst\u00e4tten f\u00fcr die schulische Bildungsarbeit: &#8222;Die KZ-Gedenkst\u00e4tten sind zentrale Orte unserer Erinnerungskultur. Jede Sch\u00fclerin und jeder Sch\u00fcler soll deshalb eine KZ-Gedenkst\u00e4tte besucht haben.&#8220;<\/p>\n","protected":false},"excerpt":{"rendered":"<p>Dachau: &#8222;Kein Platz f\u00fcr Antisemitismus und Extremismus&#8220; &#8211; Staatssekret\u00e4r Georg Eisenreich gedenkt im ehemaligen KZ Dachau der Opfer des NS-Regimes &#8222;Nie wieder! &#8211; Das ist der Auftrag aus unserer Vergangenheit f\u00fcr die Zukunft&#8220;, betonte Kultusstaatssekret\u00e4r Georg Eisenreich am Sonntag im Rahmen der Gedenkfeierlichkeiten anl\u00e4sslich der Befreiung des Konzentrationslagers Dachau durch amerikanische Truppen am 29. April [&hellip;]<\/p>\n","protected":false},"author":7,"featured_media":8164,"comment_status":"closed","ping_status":"open","sticky":false,"template":"","format":"standard","meta":{"footnotes":""},"categories":[78,71],"tags":[2241],"class_list":["post-10623","post","type-post","status-publish","format-standard","has-post-thumbnail","hentry","category-bayern","category-menue","tag-antisemitismus"],"_links":{"self":[{"href":"https:\/\/www.frankensicht.de\/index.php?rest_route=\/wp\/v2\/posts\/10623","targetHints":{"allow":["GET"]}}],"collection":[{"href":"https:\/\/www.frankensicht.de\/index.php?rest_route=\/wp\/v2\/posts"}],"about":[{"href":"https:\/\/www.frankensicht.de\/index.php?rest_route=\/wp\/v2\/types\/post"}],"author":[{"embeddable":true,"href":"https:\/\/www.frankensicht.de\/index.php?rest_route=\/wp\/v2\/users\/7"}],"replies":[{"embeddable":true,"href":"https:\/\/www.frankensicht.de\/index.php?rest_route=%2Fwp%2Fv2%2Fcomments&post=10623"}],"version-history":[{"count":2,"href":"https:\/\/www.frankensicht.de\/index.php?rest_route=\/wp\/v2\/posts\/10623\/revisions"}],"predecessor-version":[{"id":10625,"href":"https:\/\/www.frankensicht.de\/index.php?rest_route=\/wp\/v2\/posts\/10623\/revisions\/10625"}],"wp:featuredmedia":[{"embeddable":true,"href":"https:\/\/www.frankensicht.de\/index.php?rest_route=\/wp\/v2\/media\/8164"}],"wp:attachment":[{"href":"https:\/\/www.frankensicht.de\/index.php?rest_route=%2Fwp%2Fv2%2Fmedia&parent=10623"}],"wp:term":[{"taxonomy":"category","embeddable":true,"href":"https:\/\/www.frankensicht.de\/index.php?rest_route=%2Fwp%2Fv2%2Fcategories&post=10623"},{"taxonomy":"post_tag","embeddable":true,"href":"https:\/\/www.frankensicht.de\/index.php?rest_route=%2Fwp%2Fv2%2Ftags&post=10623"}],"curies":[{"name":"wp","href":"https:\/\/api.w.org\/{rel}","templated":true}]}}