{"id":10595,"date":"2017-04-24T08:15:04","date_gmt":"2017-04-24T06:15:04","guid":{"rendered":"http:\/\/www.frankensicht.de\/?p=10595"},"modified":"2017-04-27T08:31:49","modified_gmt":"2017-04-27T06:31:49","slug":"10595","status":"publish","type":"post","link":"https:\/\/www.frankensicht.de\/?p=10595","title":{"rendered":"Ballett und Wildnis&#8220; verbindet Kultur und Natur"},"content":{"rendered":"<p><span style=\"color: #ff0000;\">M\u00fcnchen:<\/span><\/p>\n<p>&nbsp;<\/p>\n<p>Scharf: &#8222;Ballett und Wildnis&#8220; verbindet Kultur und Natur<\/p>\n<p>Bayerische Umweltmedaille f\u00fcr Ivan Li\u0161ka<\/p>\n<p><a href=\"https:\/\/www.frankensicht.de\/?attachment_id=10596\" rel=\"attachment wp-att-10596\"><img loading=\"lazy\" decoding=\"async\" class=\"alignnone size-medium wp-image-10596\" src=\"https:\/\/www.frankensicht.de\/wp-content\/uploads\/2017\/04\/agatha-300x225.jpg\" alt=\"\" width=\"300\" height=\"225\" srcset=\"https:\/\/www.frankensicht.de\/wp-content\/uploads\/2017\/04\/agatha-300x225.jpg 300w, https:\/\/www.frankensicht.de\/wp-content\/uploads\/2017\/04\/agatha.jpg 640w\" sizes=\"auto, (max-width: 300px) 100vw, 300px\" \/><\/a><\/p>\n<p>Seit 13 Jahren tragen das Bayerische Umweltministerium und das Bayerische Staatsballett mit einer einzigartigen Kooperation bayerische Wildnis in die Welt: Bei dem international beachteten und mehrfach ausgezeichneten Projekt &#8222;Ballett und Wildnis&#8220; sp\u00fcren die teilnehmenden T\u00e4nzerinnen und T\u00e4nzer Verbindungslinien zwischen Natur, Mensch und Kultur nach. Mitinitiator und unerm\u00fcdlicher Unterst\u00fctzer des Projekts ist der ehemalige Direktor des Staatsballetts, Ivan Li\u0161ka. F\u00fcr sein au\u00dfergew\u00f6hnliches Engagement hat ihm die Bayerische Umweltministerin Ulrike Scharf heute in M\u00fcnchen die Bayerische Umweltmedaille verliehen. Scharf: &#8222;Das Gemeinschaftsprojekt &#8218;Ballett und Wildnis&#8216; ist eine wundervolle Verbindung von Natur und Kultur. Mit dem Projekt verleiht Ivan Li\u0161ka seit 13 Jahren seiner Liebe zu Tanz und Natur Ausdruck. Durch seine Leidenschaft weckt er bei den Menschen die Begeisterung f\u00fcr unber\u00fchrte Natur. Bis heute h\u00e4lt Ivan Li\u0161ka die Kooperation mit dem Umweltministerium in Bewegung. Es ist mir deshalb eine gro\u00dfe Freude, ihn mit der Bayerischen Umweltmedaille auszuzeichnen.&#8220;<\/p>\n<p>&nbsp;<\/p>\n<p>Das Kooperationsprojekt &#8222;Ballett und Wildnis&#8220; wurde 2003 ins Leben gerufen. In vielf\u00e4ltiger Weise, ob durch Auff\u00fchrungen auf Naturb\u00fchnen in Schutzgebieten, Ausstellungen oder in Filmen, lenkt das Projekt regionale, nationale und internationale Aufmerksamkeit auf die bayerische Wildnis in den Nationalparken und Schutzgebieten. Scharf: &#8222;Um Bayerns Naturerbe gemeinsam f\u00fcr k\u00fcnftige Generationen zu bewahren, m\u00fcssen die Herzen der Menschen erreicht werden. Kreative und themen\u00fcbergreifende Projekte leisten dazu einen wichtigen Beitrag. Das Projekt &#8218;Ballett und Wildnis&#8216; verbindet Natursch\u00f6nheit mit k\u00fcnstlerischer Inszenierung und er\u00f6ffnet eine ganz neue Blickrichtung auf die Natur.&#8220;<\/p>\n<p>Im Rahmen des Projekts fanden in den Nationalparken Bayerischer Wald (2004), Berchtesgaden (2007) und \u0160umava (2015) sowie im Naturschutz- und Europadiplomgebiet Weltenburger Enge\/Kelheim (2013) Gastspiele sowohl des Bayerischen Staatsballetts als auch des Bayerischen Staatsballetts II \/ Junior Company statt. Mit den Auff\u00fchrungen im tschechischen Nationalpark \u0160umava setzte das Projekt auch ein Ausrufezeichen f\u00fcr die deutsch-tschechische Zusammenarbeit der beiden Nationalparke Bayerischer Wald und \u0160umava. Internationale Anerkennung fand die Kooperation durch die Auszeichnung des Bayerischen Staatsballetts 2007 als &amp;bdquo;Weltweiter Botschafter der Wildnis&amp;ldquo; durch die Wild Foundation (USA). Es folgte die zweimalige Auszeichnung als Projekt der UN-Dekade Biologische Vielfalt 2014 und 2016.<\/p>\n<p>Filme, Ausstellungen und weitere Informationen zum Projekt sind im Internet verf\u00fcgbar unter www.ballettundwildnis.bayern.de<\/p>\n<p>Quelle:stmuv.bayer.de<\/p>\n","protected":false},"excerpt":{"rendered":"<p>M\u00fcnchen: &nbsp; Scharf: &#8222;Ballett und Wildnis&#8220; verbindet Kultur und Natur Bayerische Umweltmedaille f\u00fcr Ivan Li\u0161ka Seit 13 Jahren tragen das Bayerische Umweltministerium und das Bayerische Staatsballett mit einer einzigartigen Kooperation bayerische Wildnis in die Welt: Bei dem international beachteten und mehrfach ausgezeichneten Projekt &#8222;Ballett und Wildnis&#8220; sp\u00fcren die teilnehmenden T\u00e4nzerinnen und T\u00e4nzer Verbindungslinien zwischen Natur, [&hellip;]<\/p>\n","protected":false},"author":7,"featured_media":10596,"comment_status":"closed","ping_status":"open","sticky":false,"template":"","format":"standard","meta":{"footnotes":""},"categories":[78,71],"tags":[2236],"class_list":["post-10595","post","type-post","status-publish","format-standard","has-post-thumbnail","hentry","category-bayern","category-menue","tag-kultur-natur"],"_links":{"self":[{"href":"https:\/\/www.frankensicht.de\/index.php?rest_route=\/wp\/v2\/posts\/10595","targetHints":{"allow":["GET"]}}],"collection":[{"href":"https:\/\/www.frankensicht.de\/index.php?rest_route=\/wp\/v2\/posts"}],"about":[{"href":"https:\/\/www.frankensicht.de\/index.php?rest_route=\/wp\/v2\/types\/post"}],"author":[{"embeddable":true,"href":"https:\/\/www.frankensicht.de\/index.php?rest_route=\/wp\/v2\/users\/7"}],"replies":[{"embeddable":true,"href":"https:\/\/www.frankensicht.de\/index.php?rest_route=%2Fwp%2Fv2%2Fcomments&post=10595"}],"version-history":[{"count":4,"href":"https:\/\/www.frankensicht.de\/index.php?rest_route=\/wp\/v2\/posts\/10595\/revisions"}],"predecessor-version":[{"id":10607,"href":"https:\/\/www.frankensicht.de\/index.php?rest_route=\/wp\/v2\/posts\/10595\/revisions\/10607"}],"wp:featuredmedia":[{"embeddable":true,"href":"https:\/\/www.frankensicht.de\/index.php?rest_route=\/wp\/v2\/media\/10596"}],"wp:attachment":[{"href":"https:\/\/www.frankensicht.de\/index.php?rest_route=%2Fwp%2Fv2%2Fmedia&parent=10595"}],"wp:term":[{"taxonomy":"category","embeddable":true,"href":"https:\/\/www.frankensicht.de\/index.php?rest_route=%2Fwp%2Fv2%2Fcategories&post=10595"},{"taxonomy":"post_tag","embeddable":true,"href":"https:\/\/www.frankensicht.de\/index.php?rest_route=%2Fwp%2Fv2%2Ftags&post=10595"}],"curies":[{"name":"wp","href":"https:\/\/api.w.org\/{rel}","templated":true}]}}