{"id":10533,"date":"2017-04-01T08:49:46","date_gmt":"2017-04-01T06:49:46","guid":{"rendered":"http:\/\/www.frankensicht.de\/?p=10533"},"modified":"2017-04-01T08:49:46","modified_gmt":"2017-04-01T06:49:46","slug":"bundesrat-beraet-bayerischen-gesetzentwurf-zur-strafzumessung-bei-kulturellen-und-religioesen-praegungen","status":"publish","type":"post","link":"https:\/\/www.frankensicht.de\/?p=10533","title":{"rendered":"Bundesrat ber\u00e4t bayerischen Gesetzentwurf zur Strafzumessung bei kulturellen und religi\u00f6sen Pr\u00e4gungen"},"content":{"rendered":"<p><span style=\"color: #ff0000;\">M\u00fcnchen &#8211; Berlin:<\/span><\/p>\n<p>Bundesrat ber\u00e4t bayerischen Gesetzentwurf zur Strafzumessung bei kulturellen und religi\u00f6sen Pr\u00e4gungen \/ Justizminister Bausback: &#8222;L\u00e4nderkammer muss klares Signal setzen: Religi\u00f6se und kulturelle Pr\u00e4gungen d\u00fcrfen kein Anlass f\u00fcr Strafmilderung sein!&#8220;<br \/>\nDer Bundesrat ber\u00e4t an diesem Freitag den bayerischen Gesetzentwurf zur Strafzumessung bei kulturellen und religi\u00f6sen Pr\u00e4gungen. Bayerns Justizminister Prof. Dr. Winfried Bausback zu diesem Anlass: &#8222;Die L\u00e4nderkammer muss durch eine eindeutige Regelung im Strafgesetzbuch ein ganz klares Signal setzen: Religi\u00f6se und kulturelle Pr\u00e4gungen des T\u00e4ters, die in fundamentalem Widerspruch zu unserer Rechtsordnung stehen, d\u00fcrfen kein Anlass f\u00fcr eine Strafmilderung sein! Ich fordere daher meine Kolleginnen und Kollegen in den L\u00e4ndern auf, diesem wichtigen bayerischen Vorhaben zuzustimmen und den Gesetzentwurf &#8211; wie es auch der Innenausschuss des Bundesrates empfiehlt &#8211; in den Bundestag einzubringen.&#8220;<\/p>\n<p>Da sich Angeklagte zum Beispiel bei Verfahren wegen sexueller und k\u00f6rperlicher Gewalt gegen\u00fcber ihren Ehefrauen vor den Gerichten h\u00e4ufig auf ihren religi\u00f6sen oder kulturellen Hintergrund beriefen, bestehe ein erhebliches praktisches Bed\u00fcrfnis f\u00fcr einen einheitlichen Bewertungsma\u00dfstab bei der Strafzumessung &#8211; also bei der Bestimmung einer gerechten Strafe durch das Gericht. Bausback: &#8222;Es muss deshalb k\u00fcnftig ausdr\u00fccklich geregelt sein: Die W\u00fcrdigung der Tatumst\u00e4nde hat auf Basis der Wertma\u00dfst\u00e4be der verfassungsm\u00e4\u00dfigen Ordnung der Bundesrepublik zu erfolgen. Es ist schlicht nicht hinnehmbar, dass wir unsere Gerichte hier weiterhin durch eine l\u00fcckenhafte Gesetzeslage alleine lassen.&#8220;<\/p>\n<p><a href=\"https:\/\/www.frankensicht.de\/?attachment_id=1410\" rel=\"attachment wp-att-1410\"><img loading=\"lazy\" decoding=\"async\" class=\"alignnone size-medium wp-image-1410\" src=\"https:\/\/www.frankensicht.de\/wp-content\/uploads\/2012\/05\/paragraf-300x187.jpg\" alt=\"\" width=\"300\" height=\"187\" srcset=\"https:\/\/www.frankensicht.de\/wp-content\/uploads\/2012\/05\/paragraf-300x187.jpg 300w, https:\/\/www.frankensicht.de\/wp-content\/uploads\/2012\/05\/paragraf.jpg 640w\" sizes=\"auto, (max-width: 300px) 100vw, 300px\" \/><\/a><br \/>\nBausback abschlie\u00dfend: &#8222;Mein Gesetzentwurf enth\u00e4lt ein klares Bekenntnis zu unseren Werten und zu unserer Rechtsordnung. Und genau das brauchen wir auch und gerade im Strafrecht, denn: Machen wir die Bewertung eines strafbaren Verhaltens auch von kulturellen oder religi\u00f6sen Pr\u00e4gungen abh\u00e4ngig, die unserem Grundgesetz widersprechen, b\u00fc\u00dft unsere Rechtsordnung einen wesentlichen Teil ihrer Orientierungskraft ein und stellt einen gesellschaftlichen Konsens in Frage. Das d\u00fcrfen wir auf keinen Fall zulassen.&#8220;<\/p>\n<p>Quelle: stmj.bayern.de<\/p>\n","protected":false},"excerpt":{"rendered":"<p>M\u00fcnchen &#8211; Berlin: Bundesrat ber\u00e4t bayerischen Gesetzentwurf zur Strafzumessung bei kulturellen und religi\u00f6sen Pr\u00e4gungen \/ Justizminister Bausback: &#8222;L\u00e4nderkammer muss klares Signal setzen: Religi\u00f6se und kulturelle Pr\u00e4gungen d\u00fcrfen kein Anlass f\u00fcr Strafmilderung sein!&#8220; Der Bundesrat ber\u00e4t an diesem Freitag den bayerischen Gesetzentwurf zur Strafzumessung bei kulturellen und religi\u00f6sen Pr\u00e4gungen. Bayerns Justizminister Prof. Dr. Winfried Bausback zu [&hellip;]<\/p>\n","protected":false},"author":7,"featured_media":1410,"comment_status":"closed","ping_status":"open","sticky":false,"template":"","format":"standard","meta":{"footnotes":""},"categories":[78,114],"tags":[2217],"class_list":["post-10533","post","type-post","status-publish","format-standard","has-post-thumbnail","hentry","category-bayern","category-meine-geschichte","tag-strafzumessung"],"_links":{"self":[{"href":"https:\/\/www.frankensicht.de\/index.php?rest_route=\/wp\/v2\/posts\/10533","targetHints":{"allow":["GET"]}}],"collection":[{"href":"https:\/\/www.frankensicht.de\/index.php?rest_route=\/wp\/v2\/posts"}],"about":[{"href":"https:\/\/www.frankensicht.de\/index.php?rest_route=\/wp\/v2\/types\/post"}],"author":[{"embeddable":true,"href":"https:\/\/www.frankensicht.de\/index.php?rest_route=\/wp\/v2\/users\/7"}],"replies":[{"embeddable":true,"href":"https:\/\/www.frankensicht.de\/index.php?rest_route=%2Fwp%2Fv2%2Fcomments&post=10533"}],"version-history":[{"count":1,"href":"https:\/\/www.frankensicht.de\/index.php?rest_route=\/wp\/v2\/posts\/10533\/revisions"}],"predecessor-version":[{"id":10534,"href":"https:\/\/www.frankensicht.de\/index.php?rest_route=\/wp\/v2\/posts\/10533\/revisions\/10534"}],"wp:featuredmedia":[{"embeddable":true,"href":"https:\/\/www.frankensicht.de\/index.php?rest_route=\/wp\/v2\/media\/1410"}],"wp:attachment":[{"href":"https:\/\/www.frankensicht.de\/index.php?rest_route=%2Fwp%2Fv2%2Fmedia&parent=10533"}],"wp:term":[{"taxonomy":"category","embeddable":true,"href":"https:\/\/www.frankensicht.de\/index.php?rest_route=%2Fwp%2Fv2%2Fcategories&post=10533"},{"taxonomy":"post_tag","embeddable":true,"href":"https:\/\/www.frankensicht.de\/index.php?rest_route=%2Fwp%2Fv2%2Ftags&post=10533"}],"curies":[{"name":"wp","href":"https:\/\/api.w.org\/{rel}","templated":true}]}}