{"id":10529,"date":"2017-03-31T08:28:58","date_gmt":"2017-03-31T06:28:58","guid":{"rendered":"http:\/\/www.frankensicht.de\/?p=10529"},"modified":"2017-03-31T08:28:58","modified_gmt":"2017-03-31T06:28:58","slug":"zum-gestalten-da-die-arbeitswelt-von-morgen","status":"publish","type":"post","link":"https:\/\/www.frankensicht.de\/?p=10529","title":{"rendered":"Zum Gestalten da: die Arbeitswelt von morgen"},"content":{"rendered":"<p><span style=\"color: #ff0000;\">Berlin:<\/span><\/p>\n<p>Zum Gestalten da: die Arbeitswelt von morgen<\/p>\n<p>Wie bereiten wir uns auf die Arbeitswelt von morgen vor? Die W\u00fcnsche der<br \/>\nB\u00fcrgerinnen und B\u00fcrger bei der vierten &#8222;ZukunftsNacht&#8220; im<br \/>\nBundesministerium f\u00fcr Bildung und Forschung (BMBF) fielen am Mittwochabend<br \/>\neindeutig aus: Digitale Kompetenzen sollen st\u00e4rker in Aus- und<br \/>\nWeiterbildung vermittelt, mehr Modellprojekte zur Anwendung neuer<br \/>\nTechnologien in kleinen Unternehmen gef\u00f6rdert und innovative<br \/>\nArbeitsmodelle erforscht werden.<\/p>\n<p>&#8222;Wissen schaffen &#8211; Denken und Arbeiten in der Welt von morgen&#8220; war der<br \/>\nTitel des B\u00fcrgerdialogs mit rund 150 B\u00fcrgerinnen und B\u00fcrgern, Vertretern<br \/>\nvon Politik und Wissenschaft sowie Bundesforschungsministerin Johanna<br \/>\nWanka. Mehr als zwei Stunden lang diskutierten die Teilnehmerinnen und<br \/>\nTeilnehmer dar\u00fcber, welche Chancen und Grenzen sie mit Blick auf Industrie<br \/>\n4.0, k\u00fcnstliche Intelligenz und neuen Formen der Zusammenarbeit f\u00fcr die<br \/>\nArbeitswelt von morgen erwarten. Die Ergebnisse des B\u00fcrgerdialogs wird das<br \/>\nBMBF auswerten und in die Entwicklung langfristiger, b\u00fcrgernaher<br \/>\nInnovationsstrategien einbeziehen.<\/p>\n<p>&#8222;Digitalisierung und Automatisierung ver\u00e4ndern unsere Arbeitswelt. Unser<br \/>\nB\u00fcrgerdialog hat zum Ausdruck gebracht, dass viele Menschen davon<br \/>\nverunsichert sind. Es zeigte sich aber auch: Wer sich intensiver mit den<br \/>\nM\u00f6glichkeiten befasst, die technologische Neuerungen f\u00fcr die Arbeitswelt<br \/>\nbringen k\u00f6nnen, sieht viel st\u00e4rker auch die Chancen dieses Wandels. Bei<br \/>\naller Digitalisierung darf die Menschlichkeit nicht verloren gehen, dieses<br \/>\nAnliegen war bei der ZukunftsNacht deutlich zu sp\u00fcren. Im BMBF<br \/>\nunterst\u00fctzen wir diesen Prozess zum Beispiel mit Forschung zur Zukunft der<br \/>\nArbeit oder indem wir die berufliche Bildung modernisieren. Und wir wollen<br \/>\ndar\u00fcber mit B\u00fcrgerinnen und B\u00fcrgern weiter im Gespr\u00e4ch bleiben, deshalb<br \/>\nwird das Thema unseres n\u00e4chsten Wissenschaftsjahrs 2018 die Zukunft der<br \/>\nArbeit sein&#8220;, sagte Bundesforschungsministerin Wanka.<\/p>\n<p><a href=\"https:\/\/www.frankensicht.de\/?attachment_id=8087\" rel=\"attachment wp-att-8087\"><img loading=\"lazy\" decoding=\"async\" class=\"alignnone size-medium wp-image-8087\" src=\"https:\/\/www.frankensicht.de\/wp-content\/uploads\/2015\/01\/P1020757-300x225.jpg\" alt=\"\" width=\"300\" height=\"225\" srcset=\"https:\/\/www.frankensicht.de\/wp-content\/uploads\/2015\/01\/P1020757-300x225.jpg 300w, https:\/\/www.frankensicht.de\/wp-content\/uploads\/2015\/01\/P1020757.jpg 640w\" sizes=\"auto, (max-width: 300px) 100vw, 300px\" \/><\/a><\/p>\n<p>Grundtenor der Diskussion: Der Wandel von Arbeitsprozessen schreitet<br \/>\nunaufhaltsam voran, deshalb kommt es jetzt darauf an, diese Entwicklung so<br \/>\nzu gestalten, dass Arbeit auch in Zukunft Existenzen sichert und Sinn<br \/>\nstiftet. Eine wichtige Rolle spielen dabei moderne Formen der Aus- und<br \/>\nWeiterbildung, die junge wie \u00e4ltere Menschen dabei unterst\u00fctzen, ihre<br \/>\ndigitalen Kompetenzen anzupassen und aufzubauen. Gleichzeitig braucht es<br \/>\nexperimentelle R\u00e4ume, um das zunehmend zeit- und ortsunabh\u00e4ngige Arbeiten<br \/>\nund die Anwendung innovativer Technologien auszuprobieren. Der<br \/>\nB\u00fcrgerdialog brachte auch den Wunsch zum Ausdruck, die \u00d6ffentlichkeit<br \/>\nbesser \u00fcber technologische M\u00f6glichkeiten zu informieren, um Chancen<br \/>\naufzuzeigen und \u00c4ngste im Zusammenhang mit dem digitalen Wandel abzubauen.<br \/>\nNach jeder der drei Diskussionsrunden mit den thematischen Schwerpunkten<br \/>\n&#8222;Wie bereiten wir uns auf die Arbeitswelt von morgen vor?&#8220;, &#8222;Wie gestaltet<br \/>\nsich der Arbeitsalltag von morgen?&#8220; und &#8222;Was bedeutet uns Arbeit in<br \/>\nZukunft?&#8220; stimmten die G\u00e4ste \u00fcber Vorschl\u00e4ge ab, denen sich das BMBF<br \/>\nvorrangig widmen soll.<\/p>\n<p>Die ZukunftsNacht war Teil des vierten ZukunftsForums des BMBF. Wie bereits<br \/>\nbei den vorherigen drei ZukunftsForen gliederte sich das Format in drei<br \/>\nPhasen: Bei einer repr\u00e4sentativen Umfrage &#8211; dem ZukunftsMonitor &#8211; wurden<br \/>\nzun\u00e4chst mehr als 1.000 B\u00fcrgerinnen und B\u00fcrger zum Thema befragt. Anfang<br \/>\nM\u00e4rz waren anschlie\u00dfend 50 Teilnehmer aus ganz Deutschland beim<br \/>\nZukunftsTag dabei, einem ganzt\u00e4gigen Workshop. Hier entwickelten die<br \/>\nB\u00fcrgerinnen und B\u00fcrger Ideen und Handlungsempfehlungen, die bei der<br \/>\nZukunftsNacht am Mittwochabend vertieft diskutiert wurden.<\/p>\n<p>Weitere Hintergr\u00fcnde und Ergebnisse des ZukunftsForums &#8222;Wissen schaffen &#8211;<br \/>\nDenken und Arbeiten in der Welt von morgen&#8220; sowie Fotos finden Sie in<br \/>\nK\u00fcrze unter:<\/p>\n<p>http:\/\/www.zukunft-verstehen.de<\/p>\n<p>Quelle: bmbf.bund.de<\/p>\n","protected":false},"excerpt":{"rendered":"<p>Berlin: Zum Gestalten da: die Arbeitswelt von morgen Wie bereiten wir uns auf die Arbeitswelt von morgen vor? Die W\u00fcnsche der B\u00fcrgerinnen und B\u00fcrger bei der vierten &#8222;ZukunftsNacht&#8220; im Bundesministerium f\u00fcr Bildung und Forschung (BMBF) fielen am Mittwochabend eindeutig aus: Digitale Kompetenzen sollen st\u00e4rker in Aus- und Weiterbildung vermittelt, mehr Modellprojekte zur Anwendung neuer Technologien [&hellip;]<\/p>\n","protected":false},"author":7,"featured_media":8087,"comment_status":"closed","ping_status":"open","sticky":false,"template":"","format":"standard","meta":{"footnotes":""},"categories":[44,3],"tags":[2215],"class_list":["post-10529","post","type-post","status-publish","format-standard","has-post-thumbnail","hentry","category-deutschland-2","category-news","tag-arbeit-von-morgen"],"_links":{"self":[{"href":"https:\/\/www.frankensicht.de\/index.php?rest_route=\/wp\/v2\/posts\/10529","targetHints":{"allow":["GET"]}}],"collection":[{"href":"https:\/\/www.frankensicht.de\/index.php?rest_route=\/wp\/v2\/posts"}],"about":[{"href":"https:\/\/www.frankensicht.de\/index.php?rest_route=\/wp\/v2\/types\/post"}],"author":[{"embeddable":true,"href":"https:\/\/www.frankensicht.de\/index.php?rest_route=\/wp\/v2\/users\/7"}],"replies":[{"embeddable":true,"href":"https:\/\/www.frankensicht.de\/index.php?rest_route=%2Fwp%2Fv2%2Fcomments&post=10529"}],"version-history":[{"count":1,"href":"https:\/\/www.frankensicht.de\/index.php?rest_route=\/wp\/v2\/posts\/10529\/revisions"}],"predecessor-version":[{"id":10530,"href":"https:\/\/www.frankensicht.de\/index.php?rest_route=\/wp\/v2\/posts\/10529\/revisions\/10530"}],"wp:featuredmedia":[{"embeddable":true,"href":"https:\/\/www.frankensicht.de\/index.php?rest_route=\/wp\/v2\/media\/8087"}],"wp:attachment":[{"href":"https:\/\/www.frankensicht.de\/index.php?rest_route=%2Fwp%2Fv2%2Fmedia&parent=10529"}],"wp:term":[{"taxonomy":"category","embeddable":true,"href":"https:\/\/www.frankensicht.de\/index.php?rest_route=%2Fwp%2Fv2%2Fcategories&post=10529"},{"taxonomy":"post_tag","embeddable":true,"href":"https:\/\/www.frankensicht.de\/index.php?rest_route=%2Fwp%2Fv2%2Ftags&post=10529"}],"curies":[{"name":"wp","href":"https:\/\/api.w.org\/{rel}","templated":true}]}}