{"id":10525,"date":"2017-03-29T08:29:15","date_gmt":"2017-03-29T06:29:15","guid":{"rendered":"http:\/\/www.frankensicht.de\/?p=10525"},"modified":"2017-03-29T08:29:15","modified_gmt":"2017-03-29T06:29:15","slug":"modernisierung-der-lieferbeziehungen-ist-notwendig-weiteres-milchstrukturgespraech-im-bmel","status":"publish","type":"post","link":"https:\/\/www.frankensicht.de\/?p=10525","title":{"rendered":"Modernisierung der Lieferbeziehungen ist notwendig Weiteres Milchstrukturgespr\u00e4ch im BMEL"},"content":{"rendered":"<p><span style=\"color: #ff0000;\">Berlin:<\/span><\/p>\n<p>Schmidt: Modernisierung der Lieferbeziehungen ist notwendig<br \/>\nWeiteres Milchstrukturgespr\u00e4ch im BMEL<\/p>\n<p>Der Bundesminister f\u00fcr Ern\u00e4hrung und Landwirtschaft hatte am gestrigen Montagabend Vertreter von Branchenverb\u00e4nden und Molkereien zu einem weiteren Milchstrukturgespr\u00e4ch eingeladen. Im Mittelpunkt standen die Diskussion \u00fcber den Sachstandbericht des Bundeskartellamtes sowie der Stand der Strukturreformen im Milchmarkt.<\/p>\n<p><a href=\"https:\/\/www.frankensicht.de\/?attachment_id=8045\" rel=\"attachment wp-att-8045\"><img loading=\"lazy\" decoding=\"async\" class=\"alignnone size-medium wp-image-8045\" src=\"https:\/\/www.frankensicht.de\/wp-content\/uploads\/2015\/01\/kuehe-300x225.jpg\" alt=\"\" width=\"300\" height=\"225\" srcset=\"https:\/\/www.frankensicht.de\/wp-content\/uploads\/2015\/01\/kuehe-300x225.jpg 300w, https:\/\/www.frankensicht.de\/wp-content\/uploads\/2015\/01\/kuehe.jpg 640w\" sizes=\"auto, (max-width: 300px) 100vw, 300px\" \/><\/a><\/p>\n<p>Dazu erkl\u00e4rt Bundeslandwirtschaftsminister Christian Schmidt:<br \/>\n&#8222;Positiv stimmt mich, dass die Unternehmen und Verb\u00e4nde zur Diskussion \u00fcber Reformen am Milchmarkt bereit sind. Auch Anpassungen der Lieferbeziehungen zwischen Milcherzeugern und Molkereien sind kein Tabu mehr. Allerdings m\u00fcssen Tempo und Umfang der Reformbereitschaft zunehmen, wenn wir vor der n\u00e4chsten Krise zu anpassungsf\u00e4higen Marktstrukturen kommen wollen. Da das Preisrisiko in der Wertsch\u00f6pfungskette nicht allein bei den Milcherzeugern liegen darf, ist f\u00fcr mich die Modernisierung der Lieferbeziehungen auch weiterhin das zentrale Thema.<br \/>\nDer Sachstandsbericht des Bundeskartellamts ist eine gute Grundlage, um mit Erzeugern, Molkereien und dem Handel \u00fcber notwendige Anpassungen zu beraten und zu einem fairen Interessensausgleich zu gelangen. Ich werde deshalb den Dialog mit der Wirtschaft fortsetzen und im Sommer die Beteiligten der Wertsch\u00f6pfungskette zum 2. Milchgipfel in das BMEL einladen.&#8220;<\/p>\n<p>Hintergrund:<br \/>\nBundeslandwirtschaftsminister Christian Schmidt hatte auf dem 1. Milchgipfel am 30. Mai 2016 neben einem Hilfspaket f\u00fcr die betroffenen Bauern auch den Branchendialog Milch initiiert. Im Rahmen der Milchstrukturgespr\u00e4che er\u00f6rtert Bundeslandwirtschaftsminister Schmidt seitdem in regelm\u00e4\u00dfigen Abst\u00e4nden mit Vertretern der Wertsch\u00f6pfungskette Milch notwendige Strukturanpassungen im Milchmarkt. Teilnehmer des aktuellen Milchstrukturgespr\u00e4ches waren Vertreter vom:<br \/>\n&#8211; Deutscher Bauernverband e.V.,<br \/>\n&#8211; Bundesverband Deutscher Milchviehhalter e.V.,<br \/>\n&#8211; Arbeitsgemeinschaft b\u00e4uerliche Landwirtschaft e.V.<br \/>\n&#8211; Bund \u00d6kologische Lebensmittelwirtschaft e.V.<br \/>\n&#8211; Deutscher Raiffeisenverband e.V.<br \/>\n&#8211; Milchindustrie-Verband e.V.<br \/>\n&#8211; Bundesverband der Privaten Milchwirtschaft e.V.<br \/>\n&#8211; Deutsches Milchkontor eG<br \/>\n&#8211; Hochwald Milch eG<br \/>\n&#8211; ARLA Foods Deutschland GmbH<\/p>\n<p>Quelle:bmel.bund.de<\/p>\n","protected":false},"excerpt":{"rendered":"<p>Berlin: Schmidt: Modernisierung der Lieferbeziehungen ist notwendig Weiteres Milchstrukturgespr\u00e4ch im BMEL Der Bundesminister f\u00fcr Ern\u00e4hrung und Landwirtschaft hatte am gestrigen Montagabend Vertreter von Branchenverb\u00e4nden und Molkereien zu einem weiteren Milchstrukturgespr\u00e4ch eingeladen. Im Mittelpunkt standen die Diskussion \u00fcber den Sachstandbericht des Bundeskartellamtes sowie der Stand der Strukturreformen im Milchmarkt. Dazu erkl\u00e4rt Bundeslandwirtschaftsminister Christian Schmidt: &#8222;Positiv stimmt [&hellip;]<\/p>\n","protected":false},"author":7,"featured_media":8045,"comment_status":"closed","ping_status":"open","sticky":false,"template":"","format":"standard","meta":{"footnotes":""},"categories":[44,3],"tags":[2214],"class_list":["post-10525","post","type-post","status-publish","format-standard","has-post-thumbnail","hentry","category-deutschland-2","category-news","tag-milch"],"_links":{"self":[{"href":"https:\/\/www.frankensicht.de\/index.php?rest_route=\/wp\/v2\/posts\/10525","targetHints":{"allow":["GET"]}}],"collection":[{"href":"https:\/\/www.frankensicht.de\/index.php?rest_route=\/wp\/v2\/posts"}],"about":[{"href":"https:\/\/www.frankensicht.de\/index.php?rest_route=\/wp\/v2\/types\/post"}],"author":[{"embeddable":true,"href":"https:\/\/www.frankensicht.de\/index.php?rest_route=\/wp\/v2\/users\/7"}],"replies":[{"embeddable":true,"href":"https:\/\/www.frankensicht.de\/index.php?rest_route=%2Fwp%2Fv2%2Fcomments&post=10525"}],"version-history":[{"count":1,"href":"https:\/\/www.frankensicht.de\/index.php?rest_route=\/wp\/v2\/posts\/10525\/revisions"}],"predecessor-version":[{"id":10526,"href":"https:\/\/www.frankensicht.de\/index.php?rest_route=\/wp\/v2\/posts\/10525\/revisions\/10526"}],"wp:featuredmedia":[{"embeddable":true,"href":"https:\/\/www.frankensicht.de\/index.php?rest_route=\/wp\/v2\/media\/8045"}],"wp:attachment":[{"href":"https:\/\/www.frankensicht.de\/index.php?rest_route=%2Fwp%2Fv2%2Fmedia&parent=10525"}],"wp:term":[{"taxonomy":"category","embeddable":true,"href":"https:\/\/www.frankensicht.de\/index.php?rest_route=%2Fwp%2Fv2%2Fcategories&post=10525"},{"taxonomy":"post_tag","embeddable":true,"href":"https:\/\/www.frankensicht.de\/index.php?rest_route=%2Fwp%2Fv2%2Ftags&post=10525"}],"curies":[{"name":"wp","href":"https:\/\/api.w.org\/{rel}","templated":true}]}}