{"id":10523,"date":"2017-03-28T08:35:38","date_gmt":"2017-03-28T06:35:38","guid":{"rendered":"http:\/\/www.frankensicht.de\/?p=10523"},"modified":"2017-03-28T08:35:38","modified_gmt":"2017-03-28T06:35:38","slug":"digitale-schule-2020","status":"publish","type":"post","link":"https:\/\/www.frankensicht.de\/?p=10523","title":{"rendered":"Digitale Schule 2020"},"content":{"rendered":"<p><span style=\"color: #ff0000;\">M\u00fcnchen:<\/span><\/p>\n<p>&#8222;Digitale Schule 2020&#8220;: Modellversuch startet an acht bayerischen Schulen &#8211; Bildungsstaatssekret\u00e4r Eisenreich und stellv. vbw-Hauptgesch\u00e4ftsf\u00fchrer Dr. Prechtl bei Auftaktveranstaltung<br \/>\nModellschulen in Buchloe, Coburg, Ebern, Erlangen, Neunburg vorm Wald, Offenstetten, Ottobrunn, Sch\u00f6llnach<\/p>\n<p>&#8222;Unsere bayerischen Sch\u00fclerinnen und Sch\u00fcler m\u00fcssen lernen, sich in einer zunehmend digitalisierten Welt zurechtzufinden. Der kompetente Umgang mit Informations- und Kommunikationstechnologien stellt heute neben Lesen, Schreiben und Rechnen eine vierte Kulturtechnik dar. Im Modellversuch ,Digitale Schule 2020&#8242; werden Konzepte und konkrete Umsetzungsstrategien weiterentwickelt und erprobt, um digitale Medien und Werkzeuge beim Lernen und Arbeiten in der Schule gewinnbringend zu nutzen&#8220;, so Bildungsstaatssekret\u00e4r Georg Eisenreich, Vorstandsvorsitzender der Stiftung Bildungspakt Bayern, heute bei der Auftaktveranstaltung zum Modellversuch &#8222;Digitale Schule 2020&#8220;.<\/p>\n<p>Im Modellversuch &#8222;Digitale Schule 2020&#8220; werden ab dem Schuljahr 2017\/18 an acht Modellschulen \u00fcbertragbare Konzepte f\u00fcr den systematischen Einsatz digital-gest\u00fctzten Lernens und Arbeitens in der Schule entwickelt und erprobt. Der Schulversuch wird von der Stiftung Bildungspakt Bayern durchgef\u00fchrt und von der vbw &#8211; Vereinigung der Bayerischen Wirtschaft e. V. exklusiv unterst\u00fctzt.<\/p>\n<p>Dr. Christof Prechtl, stellvertretender Hauptgesch\u00e4ftsf\u00fchrer und Leiter Abteilung Bildung und Integration der vbw &#8211; Vereinigung der Bayerischen Wirtschaft e. V., sagte bei der Auftaktveranstaltung: &#8222;Die Digitalisierung ver\u00e4ndert unsere Lebens- und Arbeitswelt in rasantem Tempo. Moderne Informations- und Kommunikationsmedien m\u00fcssen zu einem zentralen Element in Lehr- und Lernprozessen werden. Der Schulversuch ,Digitale Schule 2020&#8242; f\u00f6rdert die Medienkompetenz der Sch\u00fclerinnen und Sch\u00fcler umfassend. Er zeigt, wie sich digitale Lern- und Lehrprozesse\u00a0 in der Schule systematisch und ganzheitlich verankern lassen. Somit tr\u00e4gt der Schulversuch dazu bei, dass junge Menschen die digitale Lebens- und Arbeitswelt des 21. Jahrhunderts aktiv mitgestalten und den \u00dcbergang in Ausbildung,\u00a0 Arbeit und Hochschule reibungslos bew\u00e4ltigen.&#8220;<\/p>\n<p>Bereits seit dem Schuljahr 2016\/2017 werden Lehrkr\u00e4fte der am Modellversuch beteiligten Schulen in Fortbildungen auf den Schulversuch vorbereitet. Zum neuen Schuljahr startet die konkrete Umsetzung an den Schulen in verschiedenen F\u00e4chern und Jahrgangsstufen. Die Modellschulen stehen dabei untereinander in regelm\u00e4\u00dfigem Austausch. Bis zum Abschluss des Projekts im Jahr 2020 erarbeiten und erproben sie Konzepte und Strategien f\u00fcr das Lernen mit digitalen Medien, die im Anschluss allen anderen Schulen zur Verf\u00fcgung stehen sollen. Die Modellschulen bauen dabei auf vorhandenen guten Ans\u00e4tzen auf, weiten diese aus und entwickeln sie weiter. Ein wissenschaftlicher Beirat begleitet den Modellversuch &#8222;Digitale Schule 2020&#8220;.<\/p>\n<p><a href=\"https:\/\/www.frankensicht.de\/?attachment_id=2831\" rel=\"attachment wp-att-2831\"><img loading=\"lazy\" decoding=\"async\" class=\"alignnone size-medium wp-image-2831\" src=\"https:\/\/www.frankensicht.de\/wp-content\/uploads\/2012\/06\/schule-300x187.jpg\" alt=\"\" width=\"300\" height=\"187\" srcset=\"https:\/\/www.frankensicht.de\/wp-content\/uploads\/2012\/06\/schule-300x187.jpg 300w, https:\/\/www.frankensicht.de\/wp-content\/uploads\/2012\/06\/schule.jpg 640w\" sizes=\"auto, (max-width: 300px) 100vw, 300px\" \/><\/a><\/p>\n<p>&nbsp;<\/p>\n<p>Folgende Schulen nehmen am Modellversuch &#8222;Digitale Schule 2020&#8220; teil:<\/p>\n<p>&nbsp;<\/p>\n<p>Comenius-Grundschule Buchloe<\/p>\n<p>Gymnasium Casimirianum Coburg<\/p>\n<p>Mittelschule Ebern<\/p>\n<p>Realschule am Europakanal, Staatliche Realschule Erlangen II<\/p>\n<p>Mittelschule Neunburg vorm Wald<\/p>\n<p>Grundschule Offenstetten<\/p>\n<p>Gymnasium Ottobrunn<\/p>\n<p>Staatliche Realschule Sch\u00f6llnach<\/p>\n<p>Quelle: stmbw.bayern.de<\/p>\n","protected":false},"excerpt":{"rendered":"<p>M\u00fcnchen: &#8222;Digitale Schule 2020&#8220;: Modellversuch startet an acht bayerischen Schulen &#8211; Bildungsstaatssekret\u00e4r Eisenreich und stellv. vbw-Hauptgesch\u00e4ftsf\u00fchrer Dr. Prechtl bei Auftaktveranstaltung Modellschulen in Buchloe, Coburg, Ebern, Erlangen, Neunburg vorm Wald, Offenstetten, Ottobrunn, Sch\u00f6llnach &#8222;Unsere bayerischen Sch\u00fclerinnen und Sch\u00fcler m\u00fcssen lernen, sich in einer zunehmend digitalisierten Welt zurechtzufinden. Der kompetente Umgang mit Informations- und Kommunikationstechnologien stellt heute [&hellip;]<\/p>\n","protected":false},"author":7,"featured_media":2831,"comment_status":"closed","ping_status":"open","sticky":false,"template":"","format":"standard","meta":{"footnotes":""},"categories":[78,71],"tags":[2213],"class_list":["post-10523","post","type-post","status-publish","format-standard","has-post-thumbnail","hentry","category-bayern","category-menue","tag-digitale-schule-2020"],"_links":{"self":[{"href":"https:\/\/www.frankensicht.de\/index.php?rest_route=\/wp\/v2\/posts\/10523","targetHints":{"allow":["GET"]}}],"collection":[{"href":"https:\/\/www.frankensicht.de\/index.php?rest_route=\/wp\/v2\/posts"}],"about":[{"href":"https:\/\/www.frankensicht.de\/index.php?rest_route=\/wp\/v2\/types\/post"}],"author":[{"embeddable":true,"href":"https:\/\/www.frankensicht.de\/index.php?rest_route=\/wp\/v2\/users\/7"}],"replies":[{"embeddable":true,"href":"https:\/\/www.frankensicht.de\/index.php?rest_route=%2Fwp%2Fv2%2Fcomments&post=10523"}],"version-history":[{"count":1,"href":"https:\/\/www.frankensicht.de\/index.php?rest_route=\/wp\/v2\/posts\/10523\/revisions"}],"predecessor-version":[{"id":10524,"href":"https:\/\/www.frankensicht.de\/index.php?rest_route=\/wp\/v2\/posts\/10523\/revisions\/10524"}],"wp:featuredmedia":[{"embeddable":true,"href":"https:\/\/www.frankensicht.de\/index.php?rest_route=\/wp\/v2\/media\/2831"}],"wp:attachment":[{"href":"https:\/\/www.frankensicht.de\/index.php?rest_route=%2Fwp%2Fv2%2Fmedia&parent=10523"}],"wp:term":[{"taxonomy":"category","embeddable":true,"href":"https:\/\/www.frankensicht.de\/index.php?rest_route=%2Fwp%2Fv2%2Fcategories&post=10523"},{"taxonomy":"post_tag","embeddable":true,"href":"https:\/\/www.frankensicht.de\/index.php?rest_route=%2Fwp%2Fv2%2Ftags&post=10523"}],"curies":[{"name":"wp","href":"https:\/\/api.w.org\/{rel}","templated":true}]}}