{"id":10520,"date":"2017-03-27T12:54:53","date_gmt":"2017-03-27T10:54:53","guid":{"rendered":"http:\/\/www.frankensicht.de\/?p=10520"},"modified":"2017-03-27T12:59:16","modified_gmt":"2017-03-27T10:59:16","slug":"10520","status":"publish","type":"post","link":"https:\/\/www.frankensicht.de\/?p=10520","title":{"rendered":"Zypries: 60 Jahre EU, damals wie heute n\u00f6tig und richtig"},"content":{"rendered":"<p><span style=\"color: #ff0000;\">Berlin:<\/span><\/p>\n<p>Zypries: 60 Jahre EU, damals wie heute n\u00f6tig und richtig<\/p>\n<p>Heute vor 60 Jahren wurde der Grundstein f\u00fcr eine der bemerkenswertesten Erfolgsgeschichten gelegt:<br \/>\nder Europ\u00e4ischen Union, die sich durch Frieden, Wohlstand und Freiheit auszeichnet. Der Wille zur<br \/>\nGemeinsamkeit ist trotz aller aktuellen Herausforderungen ungebrochen.<\/p>\n<p><a href=\"https:\/\/www.frankensicht.de\/?attachment_id=6571\" rel=\"attachment wp-att-6571\"><img loading=\"lazy\" decoding=\"async\" class=\"alignnone size-medium wp-image-6571\" src=\"https:\/\/www.frankensicht.de\/wp-content\/uploads\/2013\/12\/euro-fahne-300x200.jpg\" alt=\"\" width=\"300\" height=\"200\" srcset=\"https:\/\/www.frankensicht.de\/wp-content\/uploads\/2013\/12\/euro-fahne-300x200.jpg 300w, https:\/\/www.frankensicht.de\/wp-content\/uploads\/2013\/12\/euro-fahne-220x146.jpg 220w, https:\/\/www.frankensicht.de\/wp-content\/uploads\/2013\/12\/euro-fahne.jpg 794w\" sizes=\"auto, (max-width: 300px) 100vw, 300px\" \/><\/a><br \/>\nBundesministerin Zypries: \u201eHeute ist ein guter Tag, um das Erreichte zu w\u00fcrdigen: 60 Jahre<br \/>\nEurop\u00e4ische Einigung, 60 Jahre Vertr\u00e4ge, 60 Jahre Aushandeln von Kompromissen, &#8211; es waren manchmal<br \/>\nm\u00fchsame Prozesse, aber diese Jahre haben aus Europa einen starken, wertebasierten Kontinent ohne<br \/>\nKriege gemacht. Die Gr\u00fcnde f\u00fcr das Zusammenstehen sind heute so aktuell und richtig wie damals. Es<br \/>\nliegt an uns, das Erreichte zu bewahren und gute L\u00f6sungen f\u00fcr die Herausforderungen der Zukunft zu<br \/>\nfinden: Brexit, Digitalisierung, Freihandel, Wachstum und mehr Teilhabe der Menschen am Wohlstand<br \/>\nstehen auf der Tagesordnung. Es ist vern\u00fcnftig, dass manche L\u00e4nder in einzelnen Bereichen st\u00e4rker<br \/>\noder schneller voranschreiten als andere \u2013 wichtig ist aber, dass alle Mitgliedstaaten mitmachen<br \/>\nk\u00f6nnen, wenn sie es wollen. Wichtig ist auch, dass es im Binnenmarkt nur eine Geschwindigkeit gibt.<br \/>\nEr ist der wirtschaftliche Kern der europ\u00e4ischen Einigung, der digitale Binnenmarkt muss es erst<br \/>\nnoch werden.\u201c<br \/>\nVor diesem Hintergrund zeigt das Bundesministerium f\u00fcr Wirtschaft und Energie die Herausforderungen<br \/>\nund Handlungsfelder der EU in einer Brosch\u00fcre auf.<br \/>\nMehr Informationen zu den Feierlichkeiten in und um Rom erhalten Sie hier.<\/p>\n<p>http:\/\/www.bmwi.de\/Redaktion\/DE\/Pressemitteilungen\/2017\/20170325-zypries-zu-60-jahre-eu.html<\/p>\n<p>Quelle: bmwi.bund.de<\/p>\n","protected":false},"excerpt":{"rendered":"<p>Berlin: Zypries: 60 Jahre EU, damals wie heute n\u00f6tig und richtig Heute vor 60 Jahren wurde der Grundstein f\u00fcr eine der bemerkenswertesten Erfolgsgeschichten gelegt: der Europ\u00e4ischen Union, die sich durch Frieden, Wohlstand und Freiheit auszeichnet. Der Wille zur Gemeinsamkeit ist trotz aller aktuellen Herausforderungen ungebrochen. Bundesministerin Zypries: \u201eHeute ist ein guter Tag, um das Erreichte [&hellip;]<\/p>\n","protected":false},"author":7,"featured_media":6571,"comment_status":"closed","ping_status":"open","sticky":false,"template":"","format":"standard","meta":{"footnotes":""},"categories":[75,3],"tags":[2212],"class_list":["post-10520","post","type-post","status-publish","format-standard","has-post-thumbnail","hentry","category-europa-2","category-news","tag-60-jahre-europa"],"_links":{"self":[{"href":"https:\/\/www.frankensicht.de\/index.php?rest_route=\/wp\/v2\/posts\/10520","targetHints":{"allow":["GET"]}}],"collection":[{"href":"https:\/\/www.frankensicht.de\/index.php?rest_route=\/wp\/v2\/posts"}],"about":[{"href":"https:\/\/www.frankensicht.de\/index.php?rest_route=\/wp\/v2\/types\/post"}],"author":[{"embeddable":true,"href":"https:\/\/www.frankensicht.de\/index.php?rest_route=\/wp\/v2\/users\/7"}],"replies":[{"embeddable":true,"href":"https:\/\/www.frankensicht.de\/index.php?rest_route=%2Fwp%2Fv2%2Fcomments&post=10520"}],"version-history":[{"count":2,"href":"https:\/\/www.frankensicht.de\/index.php?rest_route=\/wp\/v2\/posts\/10520\/revisions"}],"predecessor-version":[{"id":10522,"href":"https:\/\/www.frankensicht.de\/index.php?rest_route=\/wp\/v2\/posts\/10520\/revisions\/10522"}],"wp:featuredmedia":[{"embeddable":true,"href":"https:\/\/www.frankensicht.de\/index.php?rest_route=\/wp\/v2\/media\/6571"}],"wp:attachment":[{"href":"https:\/\/www.frankensicht.de\/index.php?rest_route=%2Fwp%2Fv2%2Fmedia&parent=10520"}],"wp:term":[{"taxonomy":"category","embeddable":true,"href":"https:\/\/www.frankensicht.de\/index.php?rest_route=%2Fwp%2Fv2%2Fcategories&post=10520"},{"taxonomy":"post_tag","embeddable":true,"href":"https:\/\/www.frankensicht.de\/index.php?rest_route=%2Fwp%2Fv2%2Ftags&post=10520"}],"curies":[{"name":"wp","href":"https:\/\/api.w.org\/{rel}","templated":true}]}}