{"id":10516,"date":"2017-03-26T08:33:03","date_gmt":"2017-03-26T06:33:03","guid":{"rendered":"http:\/\/www.frankensicht.de\/?p=10516"},"modified":"2017-03-26T08:33:03","modified_gmt":"2017-03-26T06:33:03","slug":"kirchenasyl","status":"publish","type":"post","link":"https:\/\/www.frankensicht.de\/?p=10516","title":{"rendered":"Kirchenasyl"},"content":{"rendered":"<p><span style=\"color: #ff0000;\">M\u00fcnchen:<\/span><\/p>\n<p>Justizminister Bausback zum sog. Kirchenasyl: &#8222;Zu einer sachlichen Diskussion zur\u00fcckkehren \/ Staatsanwaltschaften ber\u00fccksichtigen die Besonderheiten des Einzelfalls und handeln mit Augenma\u00df&#8220;<br \/>\nZu der aktuellen Erkl\u00e4rung des Bayerischen Fl\u00fcchtlingsrates zu einer angeblich versch\u00e4rften Strafverfolgung von Pfarrern, die Kirchenasyl gew\u00e4hren, erkl\u00e4rt Bayerns Justizminister Prof. Dr. Winfried Bausback: &#8222;Der Fl\u00fcchtlingsrat sollte nicht den Boden einer sachlichen Diskussion verlassen. Au\u00dferdem geht er von falschen Pr\u00e4missen aus. Ich sage ganz klar: Es gibt keine Versch\u00e4rfung der strafrechtlichen Verfolgung des Kirchenasyls. Aber die Gew\u00e4hrung von sog. Kirchenasyl stellt nun einmal in der Regel eine strafbare Beihilfe zum unerlaubten Aufenthalt dar. Und die m\u00fcssen unsere Staatsanw\u00e4lte verfolgen. Ich habe Verst\u00e4ndnis daf\u00fcr, dass manches Einzelschicksal gerade die Menschen bewegt, die sich &#8211; wie gerade auch die Kirchen &#8211; vor Ort in der Fl\u00fcchtlingshilfe engagieren. Aber: In einem Rechtsstaat ist eben niemand von der Beachtung von Recht und Gesetz entbunden.&#8220;<\/p>\n<p><a href=\"https:\/\/www.frankensicht.de\/?attachment_id=1410\" rel=\"attachment wp-att-1410\"><img loading=\"lazy\" decoding=\"async\" class=\"alignnone size-medium wp-image-1410\" src=\"https:\/\/www.frankensicht.de\/wp-content\/uploads\/2012\/05\/paragraf-300x187.jpg\" alt=\"\" width=\"300\" height=\"187\" srcset=\"https:\/\/www.frankensicht.de\/wp-content\/uploads\/2012\/05\/paragraf-300x187.jpg 300w, https:\/\/www.frankensicht.de\/wp-content\/uploads\/2012\/05\/paragraf.jpg 640w\" sizes=\"auto, (max-width: 300px) 100vw, 300px\" \/><\/a><\/p>\n<p>Die Pflicht der Staatsanwaltschaften, in F\u00e4llen sogenannten Kirchenasyls einzuschreiten, ergibt sich seit jeher aus dem Gesetz. Nach dem so genannten Legalit\u00e4tsprinzip sind die Staatsanwaltschaften verpflichtet, bei Verdacht einer Straftat zu ermitteln. Und dieser Verdacht ist beim Kirchenasyl gegeben, da es sich um eine nach \u00a7\u00a7 95 Abs. 1 Nr. 2 Aufenthaltsgesetz, 27 Strafgesetzbuch strafbare Beihilfe zum unerlaubten Aufenthalt handeln kann. Da sich die Verpflichtung der Staatsanwaltschaft aus dem Gesetz ergibt, gibt es auch keine Weisung aus dem Staatsministerium der Justiz, derartige Verfahren versch\u00e4rft einzuleiten.<\/p>\n<p>Die Staatsanwaltschaften ber\u00fccksichtigen aber die Besonderheiten eines jeden Einzelfalles und gehen mit Augenma\u00df vor. Insbesondere machen die Staatsanwaltschaften auch von der M\u00f6glichkeit einer Einstellung des Verfahrens wegen Geringf\u00fcgigkeit Gebrauch.<\/p>\n<p>Der Unterschied zu den vorangegangenen Jahren besteht lediglich darin, dass die Staatsanwaltschaften die Pfarrer vor Abschluss des Ermittlungsverfahrens durchweg anh\u00f6ren, was fr\u00fcher regional uneinheitlich gehandhabt wurde. Die heute einheitliche Verfahrensweise ist sowohl aus Gr\u00fcnden der Gleichbehandlung als auch zur Aufkl\u00e4rung der Motivation der Pfarrerin oder des Pfarrers sowie unter Transparenzgesichtspunkten geboten.<\/p>\n<p>Der Eindruck zunehmender Strafverfolgung d\u00fcrfte deshalb zum einen mit dem vermehrten Zuzug von Fl\u00fcchtlingen nach Bayern und der damit einhergehenden Zunahme von sogenanntem &#8222;Kirchenasyl&#8220; zusammenh\u00e4ngen. Zum anderen k\u00f6nnte der Eindruck auf die genannten nunmehr regelm\u00e4\u00dfig erfolgenden Anh\u00f6rungen zur\u00fcckzuf\u00fchren sein, die es mit sich bringen, dass Verfahren heute in breiterem Umfang bekannt werden.<\/p>\n<p>Staatsminister Bausback: &#8222;Unsere Staatsanw\u00e4lte gehen behutsam vor, ber\u00fccksichtigen die Besonderheiten des Einzelfalls und handeln mit Augenma\u00df. Dazu geh\u00f6rt aber auch, transparent zu verfahren und klar zu benennen, was erlaubt ist und was nicht. Ich hoffe, dass sich entstandene Irritationen dadurch beseitigen lassen und wir zu einer Versachlichung der Diskussion zur\u00fcckkehren. Dazu stehe ich bereits im Austausch mit den Kirchen.&#8220;<\/p>\n<p>Quelle:stmj.bayern.de<\/p>\n","protected":false},"excerpt":{"rendered":"<p>M\u00fcnchen: Justizminister Bausback zum sog. Kirchenasyl: &#8222;Zu einer sachlichen Diskussion zur\u00fcckkehren \/ Staatsanwaltschaften ber\u00fccksichtigen die Besonderheiten des Einzelfalls und handeln mit Augenma\u00df&#8220; Zu der aktuellen Erkl\u00e4rung des Bayerischen Fl\u00fcchtlingsrates zu einer angeblich versch\u00e4rften Strafverfolgung von Pfarrern, die Kirchenasyl gew\u00e4hren, erkl\u00e4rt Bayerns Justizminister Prof. Dr. Winfried Bausback: &#8222;Der Fl\u00fcchtlingsrat sollte nicht den Boden einer sachlichen Diskussion [&hellip;]<\/p>\n","protected":false},"author":7,"featured_media":1410,"comment_status":"closed","ping_status":"open","sticky":false,"template":"","format":"standard","meta":{"footnotes":""},"categories":[78,71],"tags":[2211],"class_list":["post-10516","post","type-post","status-publish","format-standard","has-post-thumbnail","hentry","category-bayern","category-menue","tag-kirchenasyl"],"_links":{"self":[{"href":"https:\/\/www.frankensicht.de\/index.php?rest_route=\/wp\/v2\/posts\/10516","targetHints":{"allow":["GET"]}}],"collection":[{"href":"https:\/\/www.frankensicht.de\/index.php?rest_route=\/wp\/v2\/posts"}],"about":[{"href":"https:\/\/www.frankensicht.de\/index.php?rest_route=\/wp\/v2\/types\/post"}],"author":[{"embeddable":true,"href":"https:\/\/www.frankensicht.de\/index.php?rest_route=\/wp\/v2\/users\/7"}],"replies":[{"embeddable":true,"href":"https:\/\/www.frankensicht.de\/index.php?rest_route=%2Fwp%2Fv2%2Fcomments&post=10516"}],"version-history":[{"count":2,"href":"https:\/\/www.frankensicht.de\/index.php?rest_route=\/wp\/v2\/posts\/10516\/revisions"}],"predecessor-version":[{"id":10518,"href":"https:\/\/www.frankensicht.de\/index.php?rest_route=\/wp\/v2\/posts\/10516\/revisions\/10518"}],"wp:featuredmedia":[{"embeddable":true,"href":"https:\/\/www.frankensicht.de\/index.php?rest_route=\/wp\/v2\/media\/1410"}],"wp:attachment":[{"href":"https:\/\/www.frankensicht.de\/index.php?rest_route=%2Fwp%2Fv2%2Fmedia&parent=10516"}],"wp:term":[{"taxonomy":"category","embeddable":true,"href":"https:\/\/www.frankensicht.de\/index.php?rest_route=%2Fwp%2Fv2%2Fcategories&post=10516"},{"taxonomy":"post_tag","embeddable":true,"href":"https:\/\/www.frankensicht.de\/index.php?rest_route=%2Fwp%2Fv2%2Ftags&post=10516"}],"curies":[{"name":"wp","href":"https:\/\/api.w.org\/{rel}","templated":true}]}}