{"id":10513,"date":"2017-03-24T08:37:35","date_gmt":"2017-03-24T07:37:35","guid":{"rendered":"http:\/\/www.frankensicht.de\/?p=10513"},"modified":"2017-03-24T08:37:35","modified_gmt":"2017-03-24T07:37:35","slug":"unterstuetzung-fuer-allein-gefluechtete-frauen","status":"publish","type":"post","link":"https:\/\/www.frankensicht.de\/?p=10513","title":{"rendered":"Unterst\u00fctzung f\u00fcr allein gefl\u00fcchtete Frauen"},"content":{"rendered":"<p><span style=\"color: #ff0000;\">Berlin:<\/span><\/p>\n<p>Unterst\u00fctzung f\u00fcr allein gefl\u00fcchtete Frauen<\/p>\n<p>&nbsp;<\/p>\n<p>Modellprojekt \u201ePOINT\u25cf\u00a0 \u2013 Potentiale integrieren\u201c unterst\u00fctzt in Berlin allein gefl\u00fcchtete Frauen bei der Integration in Ausbildung und Arbeitsmarkt<\/p>\n<p>Im Januar 2017 ist das vom Bundesministerium f\u00fcr Familie, Senioren, Frauen und Jugend gef\u00f6rderte Projekt \u201ePOINT\u25cf\u00a0 \u2013 Potentiale integrieren\u201c gestartet, das gefl\u00fcchtete Frauen in Berlin bei der Aufnahme einer existenzsichernden Besch\u00e4ftigung oder Ausbildung unterst\u00fctzt.<\/p>\n<p>\u201eFrauen, die aus ihren Heimatl\u00e4ndern fliehen mussten und nun in Deutschland leben, ben\u00f6tigen Unterst\u00fctzung bei der Integration. Dabei spielt das Erlernen der Sprache eine gro\u00dfe Rolle, aber auch, sich in einem neuen und gr\u00f6\u00dftenteils fremden Land zurechtzufinden. Das gilt vor allem auch f\u00fcr Frauen, die alleine nach Deutschland gekommen sind\u201c, sagte Staatssekret\u00e4r Dr. Ralf Kleindiek bei der heute (23.03.) im Bundesfamilienministerium stattfindenden offiziellen Auftaktveranstaltung des Modellprojektes.<\/p>\n<p><a href=\"https:\/\/www.frankensicht.de\/?attachment_id=7057\" rel=\"attachment wp-att-7057\"><img loading=\"lazy\" decoding=\"async\" class=\"alignnone size-medium wp-image-7057\" src=\"https:\/\/www.frankensicht.de\/wp-content\/uploads\/2014\/04\/himmel-300x225.jpg\" alt=\"\" width=\"300\" height=\"225\" srcset=\"https:\/\/www.frankensicht.de\/wp-content\/uploads\/2014\/04\/himmel-300x225.jpg 300w, https:\/\/www.frankensicht.de\/wp-content\/uploads\/2014\/04\/himmel.jpg 640w\" sizes=\"auto, (max-width: 300px) 100vw, 300px\" \/><\/a><\/p>\n<p>Ziel des Projekts ist es, allein gefl\u00fcchtete Frauen mit einer guten Bleibeperspektive auf ihrem Weg in einen Beruf zu unterst\u00fctzen. Die Teilnehmerinnen erhalten professionelle und auf die individuellen Bed\u00fcrfnisse abgestimmte Hilfestellungen durch Jobcoaches. Die Coaches helfen nicht nur bei der Qualifizierung, sie vermitteln den Frauen auch F\u00f6rderangebote verschiedener Institutionen. Durch Vernetzung sollen Synergieeffekte geschaffen und der Aufbau von Doppelstrukturen vermieden werden. Zudem werden den Frauen zur besseren Bew\u00e4ltigung der unterschiedlichen Herausforderungen ehrenamtliche Alltagsbegleiterinnen, sogenannte POINT sisters, zur Seite gestellt. Weitere Formate wie Workshops und Fachveranstaltungen runden das Angebot ab.<\/p>\n<p>Das hierdurch entstehende Begleitsystem soll modellhaft erprobt werden. Die Laufzeit des Projekts betr\u00e4gt zun\u00e4chst zwei Jahre.<\/p>\n<p>\u201eDie Integration derjenigen Fl\u00fcchtlinge, die bei uns bleiben werden, ist eine langfristige Aufgabe, die nur in gesamtgesellschaftlicher Verantwortung gelingen kann. Ich freue mich daher sehr, dass unser Berliner Modellprojekt von einem breiten Netzwerk getragen wird und danke allen Beteiligten f\u00fcr ihr Engagement\u201c, so Dr. Kleindiek.<\/p>\n<p>Um die bereits bestehenden regionalen Angebote bestm\u00f6glich zu b\u00fcndeln und optimal zu verzahnen, wurde am heutigen Tage auch eine Kooperationsvereinbarung zwischen dem BMFSFJ, dem Bundesamt f\u00fcr Migration und Fl\u00fcchtlinge, der Bundesagentur f\u00fcr Arbeit, der Senatsverwaltung f\u00fcr Gesundheit, Pflege und Gleichstellung des Landes Berlin sowie der Bundesvereinigung der Deutschen Arbeitgeberverb\u00e4nde (BDA), dem Deutschen Gewerkschaftsbund (DGB) und der Vereinigung der Unternehmensverb\u00e4nde in Berlin und Brandenburg (UVB) unterzeichnet.<\/p>\n<p>Peter Clever, Mitglied der Hauptgesch\u00e4ftsf\u00fchrung BDA:<\/p>\n<p>&#8222;Frauen sind Rollenvorbilder in der Familie und pr\u00e4gen die Sprache der Kinder. Deshalb gelingt die Integration der gesamten Familie besser, wenn die Frauen und M\u00fctter \u00fcber ihre Arbeit selbst gut integriert sind und \u00fcber gute Sprachkenntnisse verf\u00fcgen. Ich unterst\u00fctze dieses Projekt zur m\u00f6glichst schnellen und nachhaltigen Integration von gefl\u00fcchteten Frauen in die Erwerbsarbeit aus vollem Herzen. Das Anliegen ist von hoher Relevanz f\u00fcr die gesamte Gesellschaft.&#8220;<\/p>\n<p>Bernd Becking, Vorsitzender der Gesch\u00e4ftsf\u00fchrung der Regionaldirektion Berlin-Brandenburg der Bundesagentur f\u00fcr Arbeit:<\/p>\n<p>\u201eDie Integration in Arbeit und Ausbildung ist eine wesentliche Voraussetzung f\u00fcr die gesellschaftliche Integration. Die Bundesagentur f\u00fcr Arbeit hat viel Erfahrung und passende Instrumente f\u00fcr Qualifizierung, um diese Herausforderung zu meistern. Ich bewerte die Kooperation aller Beteiligten sehr positiv, jeder bringt seine Kompetenz bestm\u00f6glich ein. Am Ende gewinnen nicht nur die gefl\u00fcchteten Frauen, sondern die Gesellschaft insgesamt.\u201c<\/p>\n<p>Das Modellprojekt ist Teil der Bundesinitiative \u201eSchutz von Frauen und Kindern in Fl\u00fcchtlingsunterk\u00fcnften\u201c.<\/p>\n<p>Weitere Informationen: www.bmfsfj.de und www.goldnetz-berlin.de<\/p>\n<p>Quelle:bmfsfj.bund.de<\/p>\n","protected":false},"excerpt":{"rendered":"<p>Berlin: Unterst\u00fctzung f\u00fcr allein gefl\u00fcchtete Frauen &nbsp; Modellprojekt \u201ePOINT\u25cf\u00a0 \u2013 Potentiale integrieren\u201c unterst\u00fctzt in Berlin allein gefl\u00fcchtete Frauen bei der Integration in Ausbildung und Arbeitsmarkt Im Januar 2017 ist das vom Bundesministerium f\u00fcr Familie, Senioren, Frauen und Jugend gef\u00f6rderte Projekt \u201ePOINT\u25cf\u00a0 \u2013 Potentiale integrieren\u201c gestartet, das gefl\u00fcchtete Frauen in Berlin bei der Aufnahme einer existenzsichernden [&hellip;]<\/p>\n","protected":false},"author":7,"featured_media":7144,"comment_status":"closed","ping_status":"open","sticky":false,"template":"","format":"standard","meta":{"footnotes":""},"categories":[44,3],"tags":[2210],"class_list":["post-10513","post","type-post","status-publish","format-standard","has-post-thumbnail","hentry","category-deutschland-2","category-news","tag-gefluechtete-frauen"],"_links":{"self":[{"href":"https:\/\/www.frankensicht.de\/index.php?rest_route=\/wp\/v2\/posts\/10513","targetHints":{"allow":["GET"]}}],"collection":[{"href":"https:\/\/www.frankensicht.de\/index.php?rest_route=\/wp\/v2\/posts"}],"about":[{"href":"https:\/\/www.frankensicht.de\/index.php?rest_route=\/wp\/v2\/types\/post"}],"author":[{"embeddable":true,"href":"https:\/\/www.frankensicht.de\/index.php?rest_route=\/wp\/v2\/users\/7"}],"replies":[{"embeddable":true,"href":"https:\/\/www.frankensicht.de\/index.php?rest_route=%2Fwp%2Fv2%2Fcomments&post=10513"}],"version-history":[{"count":2,"href":"https:\/\/www.frankensicht.de\/index.php?rest_route=\/wp\/v2\/posts\/10513\/revisions"}],"predecessor-version":[{"id":10515,"href":"https:\/\/www.frankensicht.de\/index.php?rest_route=\/wp\/v2\/posts\/10513\/revisions\/10515"}],"wp:featuredmedia":[{"embeddable":true,"href":"https:\/\/www.frankensicht.de\/index.php?rest_route=\/wp\/v2\/media\/7144"}],"wp:attachment":[{"href":"https:\/\/www.frankensicht.de\/index.php?rest_route=%2Fwp%2Fv2%2Fmedia&parent=10513"}],"wp:term":[{"taxonomy":"category","embeddable":true,"href":"https:\/\/www.frankensicht.de\/index.php?rest_route=%2Fwp%2Fv2%2Fcategories&post=10513"},{"taxonomy":"post_tag","embeddable":true,"href":"https:\/\/www.frankensicht.de\/index.php?rest_route=%2Fwp%2Fv2%2Ftags&post=10513"}],"curies":[{"name":"wp","href":"https:\/\/api.w.org\/{rel}","templated":true}]}}