{"id":10510,"date":"2017-03-25T08:01:41","date_gmt":"2017-03-25T07:01:41","guid":{"rendered":"http:\/\/www.frankensicht.de\/?p=10510"},"modified":"2017-03-25T08:01:41","modified_gmt":"2017-03-25T07:01:41","slug":"huawei-setzt-auf-made-in-bavaria","status":"publish","type":"post","link":"https:\/\/www.frankensicht.de\/?p=10510","title":{"rendered":"Huawei setzt auf \u201aMade in Bavaria&#8216;"},"content":{"rendered":"<p><span style=\"color: #ff0000;\">M\u00fcnchen:<\/span><\/p>\n<p>Huawei setzt auf \u201aMade in Bavaria&#8216;<\/p>\n<p>Aigner: &#8222;Neues Werk von Huawei f\u00fcr Hightech-Fertigung in Weilheim belegt au\u00dferordentliche Attraktivit\u00e4t Bayerns als Produktions- und Innovationsstandort&#8220;<\/p>\n<p>MHuawei wird 2017 seine Investitionen in Deutschland mit der Errichtung eines Standorts f\u00fcr Pr\u00e4zisionsfertigung in Weilheim\/Bayern ausweiten. Ab Ende 2017 sollen auf dem ehemaligen Zarges-Gel\u00e4nde Technologiekomponenten f\u00fcr Telekommunikationsnetzwerke f\u00fcr den internationalen Markt gefertigt werden. Bayerns Wirtschaftsministerin Ilse Aigner: Wir begr\u00fc\u00dfen sehr, dass Huawei als weltweit f\u00fchrendes Technologieunternehmen \u00fcber seine europ\u00e4ische Forschungszentrale in M\u00fcnchen hinaus sein Engagement in Bayern ausbaut. Die Investitionen von Huawei und die Errichtung eines Standorts f\u00fcr Pr\u00e4zisionsfertigung in Bayern belegen die au\u00dferordentliche Attraktivit\u00e4t des Freistaates als Standort f\u00fcr Hightech-Fertigung: Infrastruktur, Fachkr\u00e4fte und Forschung sprechen f\u00fcr Bayern als Produktions- und Innovationsstandort. Und das gilt nicht nur f\u00fcr die gro\u00dfen Ballungszentren sondern \u00a0wie der neue Standort Weilheim zeigt \u00a0fl\u00e4chendeckend auch im l\u00e4ndlichen Raum. Das haben wir in ausf\u00fchrlichen Gespr\u00e4chen mit dem Unternehmen herausgestrichen und das hat die Verantwortlichen bei Huawei \u00fcberzeugt.<\/p>\n<p><a href=\"https:\/\/www.frankensicht.de\/?attachment_id=3002\" rel=\"attachment wp-att-3002\"><img loading=\"lazy\" decoding=\"async\" class=\"alignnone size-medium wp-image-3002\" src=\"https:\/\/www.frankensicht.de\/wp-content\/uploads\/2012\/06\/handy-300x225.jpg\" alt=\"\" width=\"300\" height=\"225\" srcset=\"https:\/\/www.frankensicht.de\/wp-content\/uploads\/2012\/06\/handy-300x225.jpg 300w, https:\/\/www.frankensicht.de\/wp-content\/uploads\/2012\/06\/handy.jpg 640w\" sizes=\"auto, (max-width: 300px) 100vw, 300px\" \/><\/a><\/p>\n<p>Das Unternehmen begr\u00fcndet die Entscheidung f\u00fcr den Standort Weilheim mit Bayerns weltweit gesch\u00e4tzten Kompetenzen im Bereich Pr\u00e4zisionsfertigung sowie der hervorragende Logistik-, Kommunikations- und Energieinfrastruktur. Huawei und Bayern verf\u00fcgten \u00fcber sich komplement\u00e4r erg\u00e4nzende St\u00e4rken und Spitzenf\u00e4higkeiten im Bereich Produktion, so das Unternehmen. Das Ansiedlungsvorhaben wurde zudem ma\u00dfgeblich von Invest in Bavaria, der staatlichen Ansiedlungsagentur des Freistaates Bayern, unterst\u00fctzt.<\/p>\n<p>Bis Ende 2017 sollen voraussichtlich 40 Mitarbeiter, bis Ende 2018 dann 60 Mitarbeiter im neuen Werk t\u00e4tig sein. Die Ingenieure und technischen Fachkr\u00e4fte sollen \u00fcberwiegend lokal eingestellt werden. Die Investition in Bayern folgt dabei Huaweis &amp;sbquo;Glokalisierungsstrategie&amp;lsquo;: Als globales Unternehmen sollen durch Investitionen die lokalen Kernm\u00e4rkte gest\u00e4rkt werden und die hohe Innovationskraft im Bereich Informations- und Kommunikationstechnologie mit lokaler Exzellenz verbunden werden.<\/p>\n<p>In der europ\u00e4ischen Forschungszentrale von Huawei in M\u00fcnchen arbeiten etwa 400 Mitarbeiter unter anderen an Zukunftstechnologien wie der n\u00e4chsten Mobilfunkgeneration 5G und der Car-to-Car-Kommunikation, die autonomes Fahren erm\u00f6glichen wird.<\/p>\n<p>Quelle:stmwi.bayern.de<\/p>\n","protected":false},"excerpt":{"rendered":"<p>M\u00fcnchen: Huawei setzt auf \u201aMade in Bavaria&#8216; Aigner: &#8222;Neues Werk von Huawei f\u00fcr Hightech-Fertigung in Weilheim belegt au\u00dferordentliche Attraktivit\u00e4t Bayerns als Produktions- und Innovationsstandort&#8220; MHuawei wird 2017 seine Investitionen in Deutschland mit der Errichtung eines Standorts f\u00fcr Pr\u00e4zisionsfertigung in Weilheim\/Bayern ausweiten. Ab Ende 2017 sollen auf dem ehemaligen Zarges-Gel\u00e4nde Technologiekomponenten f\u00fcr Telekommunikationsnetzwerke f\u00fcr den internationalen [&hellip;]<\/p>\n","protected":false},"author":7,"featured_media":3002,"comment_status":"closed","ping_status":"open","sticky":false,"template":"","format":"standard","meta":{"footnotes":""},"categories":[78,71],"tags":[2209],"class_list":["post-10510","post","type-post","status-publish","format-standard","has-post-thumbnail","hentry","category-bayern","category-menue","tag-huawei"],"_links":{"self":[{"href":"https:\/\/www.frankensicht.de\/index.php?rest_route=\/wp\/v2\/posts\/10510","targetHints":{"allow":["GET"]}}],"collection":[{"href":"https:\/\/www.frankensicht.de\/index.php?rest_route=\/wp\/v2\/posts"}],"about":[{"href":"https:\/\/www.frankensicht.de\/index.php?rest_route=\/wp\/v2\/types\/post"}],"author":[{"embeddable":true,"href":"https:\/\/www.frankensicht.de\/index.php?rest_route=\/wp\/v2\/users\/7"}],"replies":[{"embeddable":true,"href":"https:\/\/www.frankensicht.de\/index.php?rest_route=%2Fwp%2Fv2%2Fcomments&post=10510"}],"version-history":[{"count":2,"href":"https:\/\/www.frankensicht.de\/index.php?rest_route=\/wp\/v2\/posts\/10510\/revisions"}],"predecessor-version":[{"id":10512,"href":"https:\/\/www.frankensicht.de\/index.php?rest_route=\/wp\/v2\/posts\/10510\/revisions\/10512"}],"wp:featuredmedia":[{"embeddable":true,"href":"https:\/\/www.frankensicht.de\/index.php?rest_route=\/wp\/v2\/media\/3002"}],"wp:attachment":[{"href":"https:\/\/www.frankensicht.de\/index.php?rest_route=%2Fwp%2Fv2%2Fmedia&parent=10510"}],"wp:term":[{"taxonomy":"category","embeddable":true,"href":"https:\/\/www.frankensicht.de\/index.php?rest_route=%2Fwp%2Fv2%2Fcategories&post=10510"},{"taxonomy":"post_tag","embeddable":true,"href":"https:\/\/www.frankensicht.de\/index.php?rest_route=%2Fwp%2Fv2%2Ftags&post=10510"}],"curies":[{"name":"wp","href":"https:\/\/api.w.org\/{rel}","templated":true}]}}