{"id":10496,"date":"2017-03-21T08:29:46","date_gmt":"2017-03-21T07:29:46","guid":{"rendered":"http:\/\/www.frankensicht.de\/?p=10496"},"modified":"2017-03-23T08:35:48","modified_gmt":"2017-03-23T07:35:48","slug":"10496","status":"publish","type":"post","link":"https:\/\/www.frankensicht.de\/?p=10496","title":{"rendered":"Besondere Verdienste in Dialektpflege und Dialektologie mit Dialektpreis Bayern gew\u00fcrdigt"},"content":{"rendered":"<p><span style=\"color: #ff0000;\">M\u00fcnchen:<\/span><\/p>\n<p>Besondere Verdienste in Dialektpflege und Dialektologie mit Dialektpreis Bayern gew\u00fcrdigt &#8211; Kultusminister Dr. Ludwig Spaenle und Heimatminister Dr. Markus S\u00f6der verleihen den &#8222;Dialektpreis Bayern 2017&#8220;<br \/>\nIn diesem Jahr wurden zehn Personen oder Projekte erstmals mit dem &#8222;Dialektpreis Bayern&#8220; ausgezeichnet. Der von Kultusminister Dr. Ludwig Spaenle und Heimatminister Dr. Markus S\u00f6der heute in M\u00fcnchen verliehene und mit je 1.000 Euro dotierte Preis w\u00fcrdigt besondere Verdienste im Bereich Dialektpflege. Minister Spaenle betonte: &#8222;Dialekt ist ein St\u00fcck Heimat und gelebte Kultur. Die Preistr\u00e4ger tragen durch ihr Schaffen und ihre Projekte dazu bei, dass Dialekt aktiv gepflegt wird und bereichern damit unsere Kulturlandschaft nachhaltig. Sie zeigen, dass Mundart und ihre Pflege nach wie vor einen hohen Stellenwert in der Gesellschaft im Freistaat genie\u00dft. Dieses Engagement w\u00fcrdigen wir nun mit dem Dialektpreis Bayern.&#8220;<\/p>\n<p>Heimatminister S\u00f6der hob hervor: &#8222;Bayern ist mit seiner Natur, seiner Kultur, seiner Tradition und seinem besonderen Lebensgef\u00fchl auf der ganzen Welt ber\u00fchmt und schon fast zu einem Synonym f\u00fcr Heimat geworden. Zur Heimat geh\u00f6rt vor allem der heimische Dialekt &#8211; die Heimatsprache. Sie gibt das vertraute Gef\u00fchl der Verbundenheit und Zusammengeh\u00f6rigkeit. Die Preistr\u00e4ger tragen dazu bei, die regionale Vielfalt der heimischen Dialekte zu pflegen und f\u00fcr die kommenden Generationen zu erhalten.&#8220;<\/p>\n<p>F\u00fcr jeden Regierungsbezirk ist grunds\u00e4tzlich eine eigene Auszeichnung vorgesehen. In Bezug auf Schwaben werden f\u00fcr die Sprachregionen Allg\u00e4u und Nord-\/Mittelschwaben jeweils separate Preise vergeben. F\u00fcr ihre individuellen Leistungen f\u00fcr die Mundartpflege werden zudem zwei Sonderpreise durch die beiden Staatsminister verliehen.<\/p>\n<p>Folgende Preistr\u00e4ger wurden mit dem &#8222;Dialektpreis Bayern 2017&#8220; ausgezeichnet:<\/p>\n<p><a href=\"https:\/\/www.frankensicht.de\/?attachment_id=7610\" rel=\"attachment wp-att-7610\"><img loading=\"lazy\" decoding=\"async\" class=\"alignnone size-medium wp-image-7610\" src=\"https:\/\/www.frankensicht.de\/wp-content\/uploads\/2014\/09\/bayern-300x180.png\" alt=\"\" width=\"300\" height=\"180\" srcset=\"https:\/\/www.frankensicht.de\/wp-content\/uploads\/2014\/09\/bayern-300x180.png 300w, https:\/\/www.frankensicht.de\/wp-content\/uploads\/2014\/09\/bayern.png 1000w\" sizes=\"auto, (max-width: 300px) 100vw, 300px\" \/><\/a><\/p>\n<p>Allg\u00e4u: Leo Hiemer; Filmregisseur, Filmproduzent und Autor<\/p>\n<p>Nord-\/Mittelschwaben: Gebr\u00fcder Panitz; Mundartkabarettisten<\/p>\n<p>Oberbayern: Karin Michalke; Filmemacherin, Drehbuchautorin und Schriftstellerin<\/p>\n<p>Niederbayern: Sara Brandhuber; Liedermacherin<\/p>\n<p>Oberpfalz: &#8222;Dialekt-Eckerl&#8220; der staatlichen Realschule Vohenstrau\u00df; Sch\u00fclerprojekt<\/p>\n<p>Oberfranken: Annemarie Leutzsch; Mundartdichterin und Unterhaltungsk\u00fcnstlerin<\/p>\n<p>Mittelfranken: Fitzgerald Kusz; Schriftsteller<\/p>\n<p>Unterfranken: Unterfr\u00e4nkisches Dialektinstitut (UDI); linguistisch-dialektologisches Projekt<\/p>\n<p>Sonderpreis Staatsminister Dr. Markus S\u00f6der: Volker Hei\u00dfmann und Martin Rassau; Kom\u00f6dianten, Theaterdirektoren (Com\u00f6die F\u00fcrth)<\/p>\n<p>Sonderpreis Staatsminister Dr. Ludwig Spaenle: Willy Michl; Liedermacher, Komponist, Textdichter, S\u00e4nger und Gitarrist, Buchautor, bildender K\u00fcnstler und Musikproduzent<\/p>\n<p>Die Vorschl\u00e4ge f\u00fcr die Preistr\u00e4ger des &#8222;Dialektpreises Bayern 2017&#8220; wurden im Vorfeld von den bayerischen Bezirksheimatpflegern eingereicht.<\/p>\n<p>Quelle:stmbw.bayern.de<\/p>\n<p>&nbsp;<\/p>\n","protected":false},"excerpt":{"rendered":"<p>M\u00fcnchen: Besondere Verdienste in Dialektpflege und Dialektologie mit Dialektpreis Bayern gew\u00fcrdigt &#8211; Kultusminister Dr. Ludwig Spaenle und Heimatminister Dr. Markus S\u00f6der verleihen den &#8222;Dialektpreis Bayern 2017&#8220; In diesem Jahr wurden zehn Personen oder Projekte erstmals mit dem &#8222;Dialektpreis Bayern&#8220; ausgezeichnet. Der von Kultusminister Dr. Ludwig Spaenle und Heimatminister Dr. Markus S\u00f6der heute in M\u00fcnchen verliehene [&hellip;]<\/p>\n","protected":false},"author":7,"featured_media":7610,"comment_status":"closed","ping_status":"open","sticky":false,"template":"","format":"standard","meta":{"footnotes":""},"categories":[78,71],"tags":[2207],"class_list":["post-10496","post","type-post","status-publish","format-standard","has-post-thumbnail","hentry","category-bayern","category-menue","tag-dialektpreis"],"_links":{"self":[{"href":"https:\/\/www.frankensicht.de\/index.php?rest_route=\/wp\/v2\/posts\/10496","targetHints":{"allow":["GET"]}}],"collection":[{"href":"https:\/\/www.frankensicht.de\/index.php?rest_route=\/wp\/v2\/posts"}],"about":[{"href":"https:\/\/www.frankensicht.de\/index.php?rest_route=\/wp\/v2\/types\/post"}],"author":[{"embeddable":true,"href":"https:\/\/www.frankensicht.de\/index.php?rest_route=\/wp\/v2\/users\/7"}],"replies":[{"embeddable":true,"href":"https:\/\/www.frankensicht.de\/index.php?rest_route=%2Fwp%2Fv2%2Fcomments&post=10496"}],"version-history":[{"count":2,"href":"https:\/\/www.frankensicht.de\/index.php?rest_route=\/wp\/v2\/posts\/10496\/revisions"}],"predecessor-version":[{"id":10507,"href":"https:\/\/www.frankensicht.de\/index.php?rest_route=\/wp\/v2\/posts\/10496\/revisions\/10507"}],"wp:featuredmedia":[{"embeddable":true,"href":"https:\/\/www.frankensicht.de\/index.php?rest_route=\/wp\/v2\/media\/7610"}],"wp:attachment":[{"href":"https:\/\/www.frankensicht.de\/index.php?rest_route=%2Fwp%2Fv2%2Fmedia&parent=10496"}],"wp:term":[{"taxonomy":"category","embeddable":true,"href":"https:\/\/www.frankensicht.de\/index.php?rest_route=%2Fwp%2Fv2%2Fcategories&post=10496"},{"taxonomy":"post_tag","embeddable":true,"href":"https:\/\/www.frankensicht.de\/index.php?rest_route=%2Fwp%2Fv2%2Ftags&post=10496"}],"curies":[{"name":"wp","href":"https:\/\/api.w.org\/{rel}","templated":true}]}}