{"id":10493,"date":"2017-03-20T08:36:07","date_gmt":"2017-03-20T07:36:07","guid":{"rendered":"http:\/\/www.frankensicht.de\/?p=10493"},"modified":"2017-03-20T08:36:07","modified_gmt":"2017-03-20T07:36:07","slug":"bayerisches-erfolgsmodell-mit-bundesweiter-vorbildwirkung","status":"publish","type":"post","link":"https:\/\/www.frankensicht.de\/?p=10493","title":{"rendered":"Bayerisches Erfolgsmodell mit bundesweiter Vorbildwirkung!"},"content":{"rendered":"<p><span style=\"color: #ff0000;\">M\u00fcnchen:<\/span><\/p>\n<p>Bausback zieht Bilanz f\u00fcr 2016: &#8222;In knapp 900 Veranstaltungen \u00fcber 17.000 Menschen erreicht! \/ Bayerisches Erfolgsmodell mit bundesweiter Vorbildwirkung!&#8220;<br \/>\nNach etwas \u00fcber einem Jahr gelebter Praxis zieht Bayerns Justizminister Prof. Dr. Winfried Bausback eine positive Bilanz des bayerischen Rechtsbildungsunterrichts f\u00fcr Fl\u00fcchtlinge und Asylbewerber : &#8222;Die Zahlen f\u00fcr das Jahr 2016 sprechen eine eindeutige Sprache und best\u00e4tigen den Erfolg unseres gemeinsamen Projekts in eindrucksvoller Art und Weise. In knapp 900 Veranstaltungen haben wir \u00fcber 17.000 Asylbewerber und Fl\u00fcchtlinge mit unserem Rechtsbildungsunterricht erreicht. Mehr als 800 Kolleginnen und Kollegen aus der bayerischen Justiz f\u00fchrten den Unterricht freiwillig und ehrenamtlich durch oder waren bereit, das Projekt anderweitig aktiv zu unterst\u00fctzen. Hierf\u00fcr gilt allen mein herzlichster Dank. Sie alle k\u00f6nnen stolz auf sich sein!&#8220;<\/p>\n<p>Besonders freut sich Bayerns Justizminister auch \u00fcber das ungebrochen positive Feedback der Unterrichtsteilnehmer sowie aus der Bev\u00f6lkerung: &#8222;Die Menschen sp\u00fcren: Der Rechtsstaat ist pr\u00e4sent und interessiert sich f\u00fcr sie! Das ist bei den Menschen angekommen. Es ist daher auch nicht verwunderlich: Das bayerische Erfolgsmodell ist inzwischen Vorbild f\u00fcr \u00e4hnliche Projekte in anderen Bundesl\u00e4ndern und genie\u00dft auch dort gro\u00dfe Wertsch\u00e4tzung.&#8220;<\/p>\n<p><a href=\"https:\/\/www.frankensicht.de\/?attachment_id=1410\" rel=\"attachment wp-att-1410\"><img loading=\"lazy\" decoding=\"async\" class=\"alignnone size-medium wp-image-1410\" src=\"https:\/\/www.frankensicht.de\/wp-content\/uploads\/2012\/05\/paragraf-300x187.jpg\" alt=\"\" width=\"300\" height=\"187\" srcset=\"https:\/\/www.frankensicht.de\/wp-content\/uploads\/2012\/05\/paragraf-300x187.jpg 300w, https:\/\/www.frankensicht.de\/wp-content\/uploads\/2012\/05\/paragraf.jpg 640w\" sizes=\"auto, (max-width: 300px) 100vw, 300px\" \/><\/a><\/p>\n<p>Ziel des Projekts war und ist es, bayernweit den Menschen mit hoher Bleibeperspektive die zentralen Grundlagen unserer Rechts- und Werteordnung zu vermitteln. Bausback: &#8222;Die Kenntnis der wesentlichen Grundprinzipien unserer Verfassung, unserer Rechtsordnung sowie das Wissen um die Grundwerte, die unser Zusammenleben bestimmen, sind ebenso zentrale Bausteine f\u00fcr eine erfolgreiche Integration wie das Erlernen der deutschen Sprache. Ich bin mir sicher: Integration ist stetiges Fordern und F\u00f6rdern. Wir fordern ganz bewusst Integrationsbem\u00fchungen ein und f\u00f6rdern zugleich die bestm\u00f6gliche Integration von Personen mit hohen Bleibeaussichten&#8220;.<\/p>\n<p>Angesichts der positiven Zwischenbilanz steht f\u00fcr Bayerns Justizminister fest: &#8222;Wir machen nat\u00fcrlich weiter und werden uns noch weiter verbessern.&#8220; So werde zum Beispiel das Unterrichtsmaterial noch st\u00e4rker ausgebaut. Neben Sprachen wie zum Beispiel Arabisch und Dari wird dieses seit kurzem auch in franz\u00f6sischer und tigrinischer Sprache angeboten. Bausback abschlie\u00dfend: &#8222;Ich bin sicher, das Engagement lohnt sich! Denn: Jeder, der mit einer Bleibeperspektive in unser Land kommt, muss wissen, welche Grundregeln und Grundwerte in Bayern gelten. Nur so kann Integration auch wirklich gelingen!&#8220;<\/p>\n<p>Quelle:stmj.bayern.de<\/p>\n","protected":false},"excerpt":{"rendered":"<p>M\u00fcnchen: Bausback zieht Bilanz f\u00fcr 2016: &#8222;In knapp 900 Veranstaltungen \u00fcber 17.000 Menschen erreicht! \/ Bayerisches Erfolgsmodell mit bundesweiter Vorbildwirkung!&#8220; Nach etwas \u00fcber einem Jahr gelebter Praxis zieht Bayerns Justizminister Prof. Dr. Winfried Bausback eine positive Bilanz des bayerischen Rechtsbildungsunterrichts f\u00fcr Fl\u00fcchtlinge und Asylbewerber : &#8222;Die Zahlen f\u00fcr das Jahr 2016 sprechen eine eindeutige Sprache [&hellip;]<\/p>\n","protected":false},"author":7,"featured_media":1410,"comment_status":"closed","ping_status":"open","sticky":false,"template":"","format":"standard","meta":{"footnotes":""},"categories":[78,71],"tags":[2206],"class_list":["post-10493","post","type-post","status-publish","format-standard","has-post-thumbnail","hentry","category-bayern","category-menue","tag-rechtsbildung"],"_links":{"self":[{"href":"https:\/\/www.frankensicht.de\/index.php?rest_route=\/wp\/v2\/posts\/10493","targetHints":{"allow":["GET"]}}],"collection":[{"href":"https:\/\/www.frankensicht.de\/index.php?rest_route=\/wp\/v2\/posts"}],"about":[{"href":"https:\/\/www.frankensicht.de\/index.php?rest_route=\/wp\/v2\/types\/post"}],"author":[{"embeddable":true,"href":"https:\/\/www.frankensicht.de\/index.php?rest_route=\/wp\/v2\/users\/7"}],"replies":[{"embeddable":true,"href":"https:\/\/www.frankensicht.de\/index.php?rest_route=%2Fwp%2Fv2%2Fcomments&post=10493"}],"version-history":[{"count":2,"href":"https:\/\/www.frankensicht.de\/index.php?rest_route=\/wp\/v2\/posts\/10493\/revisions"}],"predecessor-version":[{"id":10495,"href":"https:\/\/www.frankensicht.de\/index.php?rest_route=\/wp\/v2\/posts\/10493\/revisions\/10495"}],"wp:featuredmedia":[{"embeddable":true,"href":"https:\/\/www.frankensicht.de\/index.php?rest_route=\/wp\/v2\/media\/1410"}],"wp:attachment":[{"href":"https:\/\/www.frankensicht.de\/index.php?rest_route=%2Fwp%2Fv2%2Fmedia&parent=10493"}],"wp:term":[{"taxonomy":"category","embeddable":true,"href":"https:\/\/www.frankensicht.de\/index.php?rest_route=%2Fwp%2Fv2%2Fcategories&post=10493"},{"taxonomy":"post_tag","embeddable":true,"href":"https:\/\/www.frankensicht.de\/index.php?rest_route=%2Fwp%2Fv2%2Ftags&post=10493"}],"curies":[{"name":"wp","href":"https:\/\/api.w.org\/{rel}","templated":true}]}}