{"id":10491,"date":"2017-03-18T08:11:42","date_gmt":"2017-03-18T07:11:42","guid":{"rendered":"http:\/\/www.frankensicht.de\/?p=10491"},"modified":"2017-03-18T08:11:42","modified_gmt":"2017-03-18T07:11:42","slug":"dialog-zum-nationalpark-in-der-rhoen-geht-weiter","status":"publish","type":"post","link":"https:\/\/www.frankensicht.de\/?p=10491","title":{"rendered":"Dialog zum Nationalpark in der Rh\u00f6n geht weiter"},"content":{"rendered":"<p><span style=\"color: #ff0000;\">M\u00fcnchen:<\/span><\/p>\n<p>Scharf: Dialog zum Nationalpark in der Rh\u00f6n geht weiter<br \/>\nOffenheit und Transparenz im Mittelpunkt<\/p>\n<p>Der offene Dialog \u00fcber einen m\u00f6glichen Nationalpark in der Rh\u00f6n geht in die n\u00e4chste Runde. Das betonte die Bayerische Umweltministerin Ulrike Scharf nach einer Informationsveranstaltung in der Rh\u00f6n gemeinsam mit den Landr\u00e4ten Thomas Habermann (Rh\u00f6n-Grabfeld) und Thomas Bold (Bad Kissingen). Scharf: &#8222;Der Nationalpark ist ein Angebot an die Regionen. Das Ja zum Nationalpark muss am Ende des Dialogs aus der Region heraus kommen. Wir setzen auf Offenheit und Transparenz. Der Nationalpark ist f\u00fcr die Menschen da. Deshalb wollen wir ihn gemeinsam entwickeln und f\u00fcr die Region ma\u00dfanfertigen. Wir werden weiter informieren, offene Fragen kl\u00e4ren und Chancen und Perspektiven aufzeigen. Die Rh\u00f6n ist ein vorbildlicher Raum f\u00fcr ein nachhaltiges Wirtschaften und eine der naturschutzfachlich wertvollsten Landschaften in Bayern. Der Nationalpark kann eine h\u00f6chst sinnvolle Erg\u00e4nzung zum Biosph\u00e4renreservat sein. Die Rh\u00f6n bleibt das Land der offenen Fernen.&#8220; Auch die beiden Landr\u00e4te betonten die Bedeutung eines ergebnisoffenen Dialogs f\u00fcr das weitere Verfahren. &#8222;Ich danke der Ministerin f\u00fcr Ihren Besuch und die offene Herangehensweise an das Thema. Mit diesem werden wir uns weiterhin eingehend besch\u00e4ftigen und zwar mit Fokus auf die B\u00fcrger des Landkreises. Alle m\u00f6glichen Konsequenzen, Vor- und Nachteile eines m\u00f6glichen Nationalparks wollen wir transparent, umfassend und verst\u00e4ndlich kommunizieren&#8220;, so Landrat Bold. &#8222;Es gibt viele Gr\u00fcnde, die gegen und viele Gr\u00fcnde, die f\u00fcr einen Nationalpark sprechen. \u00dcber diese Gr\u00fcnde m\u00fcssen wir mit allen Beteiligten sprechen, um am Ende eine nachvollziehbare Entscheidung zu erhalten&#8220;, so Landrat Habermann.<\/p>\n<p><a href=\"https:\/\/www.frankensicht.de\/?attachment_id=10003\" rel=\"attachment wp-att-10003\"><img loading=\"lazy\" decoding=\"async\" class=\"alignnone size-medium wp-image-10003\" src=\"https:\/\/www.frankensicht.de\/wp-content\/uploads\/2016\/09\/baeume-300x225.jpg\" alt=\"\" width=\"300\" height=\"225\" srcset=\"https:\/\/www.frankensicht.de\/wp-content\/uploads\/2016\/09\/baeume-300x225.jpg 300w, https:\/\/www.frankensicht.de\/wp-content\/uploads\/2016\/09\/baeume-768x576.jpg 768w, https:\/\/www.frankensicht.de\/wp-content\/uploads\/2016\/09\/baeume-1024x768.jpg 1024w, https:\/\/www.frankensicht.de\/wp-content\/uploads\/2016\/09\/baeume.jpg 1600w\" sizes=\"auto, (max-width: 300px) 100vw, 300px\" \/><\/a><\/p>\n<p>Um m\u00f6glichst z\u00fcgig die offenen Fragen mit Unterst\u00fctzung externer Experten anzugehen, wird das Umweltministerium eine umfassende Studie in Auftrag geben. Im Mittelpunkt stehen dabei die Untersuchungen von Auswirkungen auf die Wirtschaft und den Tourismus. Die Vorbereitungen f\u00fcr die Vergabe entsprechender Studien und Gutachten sollen in den kommenden Wochen abgeschlossen werden. Au\u00dferdem wird der regionale Dialog fortgesetzt. Dazu wurde angeboten, dass Mitarbeiter des Umweltministeriums in die Region kommen werden, um in Gemeinderatssitzungen oder B\u00fcrgerversammlungen \u00fcber einen m\u00f6glichen Nationalpark zu informieren. Um m\u00f6glichst breit \u00fcber aktuelle Fragen zu informieren, wird das Umweltministerium die Nationalpark-Homepage au\u00dferdem um eine eigene Rubrik &#8222;Rh\u00f6n&#8220; erweitern. Erg\u00e4nzend wurde den B\u00fcrgermeistern und regional Verantwortlichen in der Rh\u00f6n angeboten, sich bei einer gemeinsamen Bereisung \u00fcber den Nationalpark Bayerischer Wald zu informieren. Als weiterer Schritt ist in der Rh\u00f6n eine gro\u00dfe Informationsveranstaltung f\u00fcr die Verb\u00e4nde geplant.<\/p>\n<p>An der mehrst\u00fcndigen Informationsveranstaltung am 15. M\u00e4rz im Landkreis Bad Kissingen mit einer Bereisung m\u00f6glicher Nationalparkfl\u00e4chen haben neben den Landr\u00e4ten Thomas Habermann und Thomas Bold auch viele B\u00fcrgermeister aus der Rh\u00f6n und regionale Mandatstr\u00e4ger wie Mitglied des Bayerischen Landtags Sandro Kirchner teilgenommen. Als Grundlage der Rh\u00f6n-Bereisung wurde von einer gemeinsamen Arbeitsgruppe ein erster Kartenentwurf erstellt, der dann weiter entwickelt werden wird.<\/p>\n<p>Neben dem Dialog mit der Rh\u00f6n finden in Bayern weitere Gespr\u00e4che mit naturschutzfachlich geeigneten und interessierten Regionen statt. Weitere Gespr\u00e4che hat Umweltministerin Scharf bereits mit regional Verantwortlichen aus dem Spessart sowie den Regionen Neuburg-Schrobenhausen und Kelheim gef\u00fchrt.<\/p>\n<p>Weitere Informationen unter www.np3.bayern.de<\/p>\n<p>Quelle:stmuv.bayern.de<\/p>\n","protected":false},"excerpt":{"rendered":"<p>M\u00fcnchen: Scharf: Dialog zum Nationalpark in der Rh\u00f6n geht weiter Offenheit und Transparenz im Mittelpunkt Der offene Dialog \u00fcber einen m\u00f6glichen Nationalpark in der Rh\u00f6n geht in die n\u00e4chste Runde. Das betonte die Bayerische Umweltministerin Ulrike Scharf nach einer Informationsveranstaltung in der Rh\u00f6n gemeinsam mit den Landr\u00e4ten Thomas Habermann (Rh\u00f6n-Grabfeld) und Thomas Bold (Bad Kissingen). [&hellip;]<\/p>\n","protected":false},"author":7,"featured_media":10003,"comment_status":"closed","ping_status":"open","sticky":false,"template":"","format":"standard","meta":{"footnotes":""},"categories":[78,71],"tags":[2205],"class_list":["post-10491","post","type-post","status-publish","format-standard","has-post-thumbnail","hentry","category-bayern","category-menue","tag-nationalpark-rhoen"],"_links":{"self":[{"href":"https:\/\/www.frankensicht.de\/index.php?rest_route=\/wp\/v2\/posts\/10491","targetHints":{"allow":["GET"]}}],"collection":[{"href":"https:\/\/www.frankensicht.de\/index.php?rest_route=\/wp\/v2\/posts"}],"about":[{"href":"https:\/\/www.frankensicht.de\/index.php?rest_route=\/wp\/v2\/types\/post"}],"author":[{"embeddable":true,"href":"https:\/\/www.frankensicht.de\/index.php?rest_route=\/wp\/v2\/users\/7"}],"replies":[{"embeddable":true,"href":"https:\/\/www.frankensicht.de\/index.php?rest_route=%2Fwp%2Fv2%2Fcomments&post=10491"}],"version-history":[{"count":1,"href":"https:\/\/www.frankensicht.de\/index.php?rest_route=\/wp\/v2\/posts\/10491\/revisions"}],"predecessor-version":[{"id":10492,"href":"https:\/\/www.frankensicht.de\/index.php?rest_route=\/wp\/v2\/posts\/10491\/revisions\/10492"}],"wp:featuredmedia":[{"embeddable":true,"href":"https:\/\/www.frankensicht.de\/index.php?rest_route=\/wp\/v2\/media\/10003"}],"wp:attachment":[{"href":"https:\/\/www.frankensicht.de\/index.php?rest_route=%2Fwp%2Fv2%2Fmedia&parent=10491"}],"wp:term":[{"taxonomy":"category","embeddable":true,"href":"https:\/\/www.frankensicht.de\/index.php?rest_route=%2Fwp%2Fv2%2Fcategories&post=10491"},{"taxonomy":"post_tag","embeddable":true,"href":"https:\/\/www.frankensicht.de\/index.php?rest_route=%2Fwp%2Fv2%2Ftags&post=10491"}],"curies":[{"name":"wp","href":"https:\/\/api.w.org\/{rel}","templated":true}]}}