{"id":10483,"date":"2017-03-16T08:10:18","date_gmt":"2017-03-16T07:10:18","guid":{"rendered":"http:\/\/www.frankensicht.de\/?p=10483"},"modified":"2017-03-16T08:10:18","modified_gmt":"2017-03-16T07:10:18","slug":"20-eu%c2%adro-ge%c2%addenk%c2%admuen%c2%adze-frosch%c2%adkoe%c2%adnig","status":"publish","type":"post","link":"https:\/\/www.frankensicht.de\/?p=10483","title":{"rendered":"20-Eu\u00adro-Ge\u00addenk\u00adm\u00fcn\u00adze \u201eFrosch\u00adk\u00f6\u00adnig\u201c"},"content":{"rendered":"<p><span style=\"color: #ff0000;\">Berlin:<\/span><\/p>\n<h1>20-Eu\u00adro-Ge\u00addenk\u00adm\u00fcn\u00adze \u201eFrosch\u00adk\u00f6\u00adnig\u201c<\/h1>\n<p>Die Bundesregierung hat beschlossen, eine 20-Euro-Gedenkm\u00fcnze \u201eFroschk\u00f6nig\u201c pr\u00e4gen zu lassen und im <strong>Februar 2018<\/strong> auszugeben. Diese M\u00fcnze ist die siebente Ausgabe im Rahmen der 2012 begonnenen Serie zum Thema \u201e200 Jahre Grimms M\u00e4rchen\u201c. Am 20.\u00a0Dezember 1812 erschien der erste Band der Kinder- und Hausm\u00e4rchen der Gebr\u00fcder Grimm, die seit 2005 zum Weltdokumentenerbe geh\u00f6ren.<\/p>\n<ul>\n<li>Nummer 9<\/li>\n<li><a href=\"https:\/\/www.frankensicht.de\/?attachment_id=10484\" rel=\"attachment wp-att-10484\"><img loading=\"lazy\" decoding=\"async\" class=\"alignnone size-medium wp-image-10484\" src=\"https:\/\/www.frankensicht.de\/wp-content\/uploads\/2017\/03\/2017-03-15-pmgedenkmuenze-foschkoenig-bild.jpgjsessionid500B81D2B9ABAAE1863D78CC56CD6918-300x169.jpeg\" alt=\"\" width=\"300\" height=\"169\" srcset=\"https:\/\/www.frankensicht.de\/wp-content\/uploads\/2017\/03\/2017-03-15-pmgedenkmuenze-foschkoenig-bild.jpgjsessionid500B81D2B9ABAAE1863D78CC56CD6918-300x169.jpeg 300w, https:\/\/www.frankensicht.de\/wp-content\/uploads\/2017\/03\/2017-03-15-pmgedenkmuenze-foschkoenig-bild.jpgjsessionid500B81D2B9ABAAE1863D78CC56CD6918-768x432.jpeg 768w, https:\/\/www.frankensicht.de\/wp-content\/uploads\/2017\/03\/2017-03-15-pmgedenkmuenze-foschkoenig-bild.jpgjsessionid500B81D2B9ABAAE1863D78CC56CD6918-384x217.jpeg 384w, https:\/\/www.frankensicht.de\/wp-content\/uploads\/2017\/03\/2017-03-15-pmgedenkmuenze-foschkoenig-bild.jpgjsessionid500B81D2B9ABAAE1863D78CC56CD6918.jpeg 877w\" sizes=\"auto, (max-width: 300px) 100vw, 300px\" \/><\/a><\/li>\n<li>@bundesfinanzministerium.de<\/li>\n<\/ul>\n<p>Die Wertseite zeigt einen Adler, den Schriftzug \u201eBUNDESREPUBLIK DEUTSCHLAND\u201c, Wertziffer und Wertbezeichnung, das Pr\u00e4gezeichen \u201eF\u201c der Staatlichen M\u00fcnzen Baden-W\u00fcrttemberg, Pr\u00e4gest\u00e4tte Stuttgart, die Jahreszahl 2018 sowie die zw\u00f6lf Europasterne. Zus\u00e4tzlich ist die Angabe \u201eSILBER 925\u201c aufgepr\u00e4gt.<\/p>\n<p>Der glatte M\u00fcnzrand enth\u00e4lt in vertiefter Pr\u00e4gung die Inschrift:<\/p>\n<p>\u201eK\u00d6NIGSTOCHTER J\u00dcNGSTE MACH MIR AUF !\u201c<\/p>\n<p>Der Entwurf der M\u00fcnze stammt von der K\u00fcnstlerin Anne Karen Hentschel aus Bremen.<\/p>\n<p>Quelle:\u2002 BADV<\/p>\n<p>Der Entwurf der M\u00fcnze stammt von der K\u00fcnstlerin Anne Karen Hentschel aus Bremen.<\/p>\n<p>In der Begr\u00fcndung der Jury f\u00fcr die Entscheidung hei\u00dft es:<\/p>\n<p><em>\u201eDie Bildseite stellt mit drei wesentlichen Elementen des M\u00e4rchens \u2013 dem Froschk\u00f6nig, der Goldkugel und der K\u00f6nigstochter \u2013 die Grundkonstellation dynamisch und in ungew\u00f6hnlicher Perspektivik dar. Der plastisch au\u00dfergew\u00f6hnlich gut gestaltete Frosch, der im Besitz der Goldkugel ist und diese als Symbol seiner Anspr\u00fcche vorweist, steht mit seiner raumbestimmenden Geste im Zentrum des Bildes. Durch das dominante Froschmotiv im Vordergrund entsteht eine starke Spannung zur im Hintergrund wiederwillig zur\u00fcckblickenden K\u00f6nigstochter. Mit dieser Darstellung wird das zentrale Spannungsverh\u00e4ltnis des M\u00e4rchens trefflich auf den Punkt gebracht. Der w\u00fcrdige Adler auf der Wertseite erreicht mit seiner Konzentration auf das Mittelfeld eine stimmige Ausdruckskraft. Formale Gestaltungsmittel der Bildseite werden dabei aufgegriffen, z. B. Kugelformen, wodurch mit leichtem Augenzwinkern ein Bezug zum Thema der M\u00fcnze hergestellt wird.\u201c<\/em><\/p>\n<p>Die Wertseite zeigt einen Adler, den Schriftzug \u201eBUNDESREPUBLIK DEUTSCHLAND\u201c, Wertziffer und Wertbezeichnung, das Pr\u00e4gezeichen \u201eF\u201c der Staatlichen M\u00fcnzen Baden-W\u00fcrttemberg, Pr\u00e4gest\u00e4tte Stuttgart, die Jahreszahl 2018 sowie die zw\u00f6lf Europasterne. Zus\u00e4tzlich ist die Angabe \u201eSILBER 925\u201c aufgepr\u00e4gt.<\/p>\n<p>Der glatte M\u00fcnzrand enth\u00e4lt in vertiefter Pr\u00e4gung die Inschrift:<\/p>\n<p>\u201eK\u00d6NIGSTOCHTER J\u00dcNGSTE MACH MIR AUF !\u201c<\/p>\n<p>Die M\u00fcnze soll in den beiden Pr\u00e4gequalit\u00e4ten Stempelglanz und Spiegelglanz in einer Legierung von 925 Tausendteilen Silber und 75 Tausendteilen Kupfer (Sterlingsilber) hergestellt werden. Sie hat eine Masse von 18 g und einen Durchmesser von 32,5 mm.<\/p>\n<p>Die M\u00fcnzen in der Pr\u00e4gequalit\u00e4t Stempelglanz werden zum Nennwert (20\u00a0Euro) in den Verkehr gebracht. Die Ausgabe der M\u00fcnzen in der Sammlerqualit\u00e4t Spiegelglanz erfolgt zu einem \u00fcber dem Nennwert liegenden Verkaufspreis. Die Verkaufsstelle f\u00fcr Sammlerm\u00fcnzen der Bundesrepublik Deutschland wird \u00fcber den genauen Preis und die konkreten Bestellmodalit\u00e4ten rechtzeitig vor Ausgabe der M\u00fcnze informieren.<\/p>\n<p>Quelle:bundesfinanzministerium.de<\/p>\n","protected":false},"excerpt":{"rendered":"<p>Berlin: 20-Eu\u00adro-Ge\u00addenk\u00adm\u00fcn\u00adze \u201eFrosch\u00adk\u00f6\u00adnig\u201c Die Bundesregierung hat beschlossen, eine 20-Euro-Gedenkm\u00fcnze \u201eFroschk\u00f6nig\u201c pr\u00e4gen zu lassen und im Februar 2018 auszugeben. Diese M\u00fcnze ist die siebente Ausgabe im Rahmen der 2012 begonnenen Serie zum Thema \u201e200 Jahre Grimms M\u00e4rchen\u201c. Am 20.\u00a0Dezember 1812 erschien der erste Band der Kinder- und Hausm\u00e4rchen der Gebr\u00fcder Grimm, die seit 2005 zum Weltdokumentenerbe [&hellip;]<\/p>\n","protected":false},"author":7,"featured_media":10484,"comment_status":"closed","ping_status":"open","sticky":false,"template":"","format":"standard","meta":{"footnotes":""},"categories":[44,3],"tags":[2202],"class_list":["post-10483","post","type-post","status-publish","format-standard","has-post-thumbnail","hentry","category-deutschland-2","category-news","tag-froschkoenig"],"_links":{"self":[{"href":"https:\/\/www.frankensicht.de\/index.php?rest_route=\/wp\/v2\/posts\/10483","targetHints":{"allow":["GET"]}}],"collection":[{"href":"https:\/\/www.frankensicht.de\/index.php?rest_route=\/wp\/v2\/posts"}],"about":[{"href":"https:\/\/www.frankensicht.de\/index.php?rest_route=\/wp\/v2\/types\/post"}],"author":[{"embeddable":true,"href":"https:\/\/www.frankensicht.de\/index.php?rest_route=\/wp\/v2\/users\/7"}],"replies":[{"embeddable":true,"href":"https:\/\/www.frankensicht.de\/index.php?rest_route=%2Fwp%2Fv2%2Fcomments&post=10483"}],"version-history":[{"count":1,"href":"https:\/\/www.frankensicht.de\/index.php?rest_route=\/wp\/v2\/posts\/10483\/revisions"}],"predecessor-version":[{"id":10485,"href":"https:\/\/www.frankensicht.de\/index.php?rest_route=\/wp\/v2\/posts\/10483\/revisions\/10485"}],"wp:featuredmedia":[{"embeddable":true,"href":"https:\/\/www.frankensicht.de\/index.php?rest_route=\/wp\/v2\/media\/10484"}],"wp:attachment":[{"href":"https:\/\/www.frankensicht.de\/index.php?rest_route=%2Fwp%2Fv2%2Fmedia&parent=10483"}],"wp:term":[{"taxonomy":"category","embeddable":true,"href":"https:\/\/www.frankensicht.de\/index.php?rest_route=%2Fwp%2Fv2%2Fcategories&post=10483"},{"taxonomy":"post_tag","embeddable":true,"href":"https:\/\/www.frankensicht.de\/index.php?rest_route=%2Fwp%2Fv2%2Ftags&post=10483"}],"curies":[{"name":"wp","href":"https:\/\/api.w.org\/{rel}","templated":true}]}}