{"id":10475,"date":"2017-03-14T08:17:47","date_gmt":"2017-03-14T07:17:47","guid":{"rendered":"http:\/\/www.frankensicht.de\/?p=10475"},"modified":"2017-03-14T08:17:47","modified_gmt":"2017-03-14T07:17:47","slug":"son%c2%adder%c2%adbrief%c2%admar%c2%adke-g20-prae%c2%adsi%c2%addent%c2%adschaft-deutsch%c2%adland","status":"publish","type":"post","link":"https:\/\/www.frankensicht.de\/?p=10475","title":{"rendered":"Son\u00adder\u00adbrief\u00admar\u00adke \u201eG20-Pr\u00e4\u00adsi\u00addent\u00adschaft Deutsch\u00adland\u201c"},"content":{"rendered":"<p><span style=\"color: #ff0000;\">Berlin:<\/span><\/p>\n<div class=\"article-header-wrapper\">\n<div class=\"article-header-wrapper-inner\">\n<div class=\"article-header-wrapper-box\">\n<div class=\"article-header\">\n<h1 class=\"isFirstInSlot\">Son\u00adder\u00adbrief\u00admar\u00adke \u201eG20-Pr\u00e4\u00adsi\u00addent\u00adschaft Deutsch\u00adland\u201c<\/h1>\n<div class=\"subheadline\">\n<p class=\"heading\">Deutschland hat 2017 die G20-Pr\u00e4sidentschaft inne. Das <strong>Bundesministerium der Finanzen<\/strong> hat aus diesem Anlass ein Sonderpostwertzeichen \u201eG20\u2011Pr\u00e4sidentschaft Deutschland\u201c\u00a0herausgegeben.<\/p>\n<\/div>\n<ul class=\"doc-data pressrelease\">\n<li><span class=\"label\">Nummer<\/span> <span class=\"value\">8<\/span><\/li>\n<\/ul>\n<div class=\"picture  img-551\">\n<figure class=\"figure-box-wrapper figure-embedded\"><a href=\"https:\/\/www.frankensicht.de\/?attachment_id=10476\" rel=\"attachment wp-att-10476\"><img loading=\"lazy\" decoding=\"async\" class=\"alignnone size-medium wp-image-10476\" src=\"https:\/\/www.frankensicht.de\/wp-content\/uploads\/2017\/03\/2017-03-13-pm08-bild.jpgjsessionid72DA05AB26795C98E8AA48049B12EF88-300x169.jpeg\" alt=\"\" width=\"300\" height=\"169\" srcset=\"https:\/\/www.frankensicht.de\/wp-content\/uploads\/2017\/03\/2017-03-13-pm08-bild.jpgjsessionid72DA05AB26795C98E8AA48049B12EF88-300x169.jpeg 300w, https:\/\/www.frankensicht.de\/wp-content\/uploads\/2017\/03\/2017-03-13-pm08-bild.jpgjsessionid72DA05AB26795C98E8AA48049B12EF88-768x432.jpeg 768w, https:\/\/www.frankensicht.de\/wp-content\/uploads\/2017\/03\/2017-03-13-pm08-bild.jpgjsessionid72DA05AB26795C98E8AA48049B12EF88-384x217.jpeg 384w, https:\/\/www.frankensicht.de\/wp-content\/uploads\/2017\/03\/2017-03-13-pm08-bild.jpgjsessionid72DA05AB26795C98E8AA48049B12EF88.jpeg 877w\" sizes=\"auto, (max-width: 300px) 100vw, 300px\" \/><\/a>\u00a0@bundesfinanzministerium.de<\/figure>\n<\/div>\n<\/div>\n<\/div>\n<\/div>\n<\/div>\n<div class=\"article-content-wrapper\">\n<div class=\"article-text-wrapper\">\n<div class=\"article-text singleview \">\n<p>Gegr\u00fcndet 1999, wurden die <a class=\"RichTextGlossarLink GlossarEntry\" title=\"GlossaryLink\" href=\"http:\/\/www.bundesfinanzministerium.de\/Content\/DE\/Glossareintraege\/G\/g20.html;jsessionid=72DA05AB26795C98E8AA48049B12EF88?view=renderHelp\" target=\"_blank\">G20<\/a> w\u00e4hrend der weltweiten Finanzkrise 2008\/2009 zum wichtigsten Forum f\u00fcr die wirtschaftspolitische Zusammenarbeit auf globaler Ebene. Mitglieder sind die 19 bedeutendsten Industrie- und Schwellenl\u00e4nder aus allen Weltregionen sowie die Europ\u00e4ische Union. Deutschland obliegt mit der Pr\u00e4sidentschaft f\u00fcr ein Jahr die Organisation der verschiedenen Treffen auf Arbeitsebene sowie diverser Ministertreffen und des Gipfels der Staats- und Regierungschefs. Der diesj\u00e4hrige Gipfel findet im Juli 2017 in Hamburg statt.<\/p>\n<p>Im Finanzbereich leiten Bundesfinanzminister <strong>Dr. Wolfgang Sch\u00e4uble<\/strong> und der Pr\u00e4sident der Deutschen Bundesbank, Dr. Jens Weidmann, bis Ende 2017 die Treffen der G20-Finanzminister und -Notenbankgouverneure. Diese treffen sich mehrmals im Jahr im Rahmen von internationalen Konferenzen und Gipfeln. Dar\u00fcber hinaus richtet die G20-Pr\u00e4sidentschaft traditionell ein eigenst\u00e4ndiges Treffen der Finanzminister und Notenbankgouverneure aus. Hierzu laden der Minister und der Pr\u00e4sident der Deutschen Bundesbank ihre internationalen Kolleginnen und Kollegen <strong>vom 17. bis 18. M\u00e4rz 2017 nach Baden-Baden<\/strong> ein. An dem Treffen nehmen auch Vertreter der EU und von internationalen Organisationen teil.<\/p>\n<p>Quelle:bundesfinanzministerium.de<\/p>\n<\/div>\n<\/div>\n<\/div>\n<p>&nbsp;<\/p>\n","protected":false},"excerpt":{"rendered":"<p>Berlin: Son\u00adder\u00adbrief\u00admar\u00adke \u201eG20-Pr\u00e4\u00adsi\u00addent\u00adschaft Deutsch\u00adland\u201c Deutschland hat 2017 die G20-Pr\u00e4sidentschaft inne. Das Bundesministerium der Finanzen hat aus diesem Anlass ein Sonderpostwertzeichen \u201eG20\u2011Pr\u00e4sidentschaft Deutschland\u201c\u00a0herausgegeben. Nummer 8 \u00a0@bundesfinanzministerium.de Gegr\u00fcndet 1999, wurden die G20 w\u00e4hrend der weltweiten Finanzkrise 2008\/2009 zum wichtigsten Forum f\u00fcr die wirtschaftspolitische Zusammenarbeit auf globaler Ebene. Mitglieder sind die 19 bedeutendsten Industrie- und Schwellenl\u00e4nder aus allen [&hellip;]<\/p>\n","protected":false},"author":7,"featured_media":10476,"comment_status":"closed","ping_status":"open","sticky":false,"template":"","format":"standard","meta":{"footnotes":""},"categories":[44,3],"tags":[2200],"class_list":["post-10475","post","type-post","status-publish","format-standard","has-post-thumbnail","hentry","category-deutschland-2","category-news","tag-g20-praesidentschaft-deutschland"],"_links":{"self":[{"href":"https:\/\/www.frankensicht.de\/index.php?rest_route=\/wp\/v2\/posts\/10475","targetHints":{"allow":["GET"]}}],"collection":[{"href":"https:\/\/www.frankensicht.de\/index.php?rest_route=\/wp\/v2\/posts"}],"about":[{"href":"https:\/\/www.frankensicht.de\/index.php?rest_route=\/wp\/v2\/types\/post"}],"author":[{"embeddable":true,"href":"https:\/\/www.frankensicht.de\/index.php?rest_route=\/wp\/v2\/users\/7"}],"replies":[{"embeddable":true,"href":"https:\/\/www.frankensicht.de\/index.php?rest_route=%2Fwp%2Fv2%2Fcomments&post=10475"}],"version-history":[{"count":1,"href":"https:\/\/www.frankensicht.de\/index.php?rest_route=\/wp\/v2\/posts\/10475\/revisions"}],"predecessor-version":[{"id":10477,"href":"https:\/\/www.frankensicht.de\/index.php?rest_route=\/wp\/v2\/posts\/10475\/revisions\/10477"}],"wp:featuredmedia":[{"embeddable":true,"href":"https:\/\/www.frankensicht.de\/index.php?rest_route=\/wp\/v2\/media\/10476"}],"wp:attachment":[{"href":"https:\/\/www.frankensicht.de\/index.php?rest_route=%2Fwp%2Fv2%2Fmedia&parent=10475"}],"wp:term":[{"taxonomy":"category","embeddable":true,"href":"https:\/\/www.frankensicht.de\/index.php?rest_route=%2Fwp%2Fv2%2Fcategories&post=10475"},{"taxonomy":"post_tag","embeddable":true,"href":"https:\/\/www.frankensicht.de\/index.php?rest_route=%2Fwp%2Fv2%2Ftags&post=10475"}],"curies":[{"name":"wp","href":"https:\/\/api.w.org\/{rel}","templated":true}]}}