{"id":10473,"date":"2017-03-13T08:24:33","date_gmt":"2017-03-13T07:24:33","guid":{"rendered":"http:\/\/www.frankensicht.de\/?p=10473"},"modified":"2017-03-13T08:24:33","modified_gmt":"2017-03-13T07:24:33","slug":"verdienstordens-der-bundesrepublik-deutschland","status":"publish","type":"post","link":"https:\/\/www.frankensicht.de\/?p=10473","title":{"rendered":"Verdienstordens der Bundesrepublik Deutschland"},"content":{"rendered":"<p><span style=\"color: #ff0000;\">M\u00fcnchen -Bayreuth:<\/span><\/p>\n<p>Huml \u00fcberreicht am 17. M\u00e4rz das Verdienstkreuz am Bande des Verdienstordens der Bundesrepublik Deutschland an drei Oberfranken<\/p>\n<p>Die Bayerische Staatsministerin f\u00fcr Gesundheit und Pflege, Melanie Huml, \u00fcberreicht am<\/p>\n<p>Freitag, 17. M\u00e4rz 2017, 12:00 Uhr,<br \/>\nRegierung von Oberfranken,<br \/>\nEmpfangszimmer der Regierungspr\u00e4sidentin,<br \/>\nLudwigstra\u00dfe 20, 95444 Bayreuth<\/p>\n<p><a href=\"https:\/\/www.frankensicht.de\/?attachment_id=6717\" rel=\"attachment wp-att-6717\"><img loading=\"lazy\" decoding=\"async\" class=\"alignnone size-medium wp-image-6717\" src=\"https:\/\/www.frankensicht.de\/wp-content\/uploads\/2014\/01\/bundesverdienstkreuz-300x225.jpg\" alt=\"\" width=\"300\" height=\"225\" srcset=\"https:\/\/www.frankensicht.de\/wp-content\/uploads\/2014\/01\/bundesverdienstkreuz-300x225.jpg 300w, https:\/\/www.frankensicht.de\/wp-content\/uploads\/2014\/01\/bundesverdienstkreuz.jpg 1023w\" sizes=\"auto, (max-width: 300px) 100vw, 300px\" \/><\/a><\/p>\n<p>die vom Bundespr\u00e4sidenten verliehenen Verdienstkreuze am Bande des Verdienstordens der Bundesrepublik Deutschland an<br \/>\nHorst Schlisio aus Hof, f\u00fcr ehrenamtliches Engagement im Bereich des Sports f\u00fcr behinderte Kinder und Jugendliche und Verdienste f\u00fcr die Integration und Inklusion behinderter Kinder und Jugendlicher im Kanusport<br \/>\nManfred Sch\u00f6nfelder aus Forchheim, f\u00fcr ehrenamtliches Engagement f\u00fcr bed\u00fcrftige Menschen in Rum\u00e4nien sowie f\u00fcr die Initiative zur Bildung von Patenschaften f\u00fcr bed\u00fcrftige rum\u00e4nische Familien<br \/>\nGabriele Wolf aus Hirschaid, f\u00fcr ehrenamtliches Engagement in der &#8222;Deutschen Multiple Sklerose Gesellschaft&#8220; (DMSG) sowie f\u00fcr Verdienste im Katholischen Frauenbund (KDFB), in der Pfarrgemeinde St. Vitus in Hirschaid, in der Gemeinde Hirschaid und beim Sozialverband VdK Deutschland e. V.<\/p>\n","protected":false},"excerpt":{"rendered":"<p>M\u00fcnchen -Bayreuth: Huml \u00fcberreicht am 17. M\u00e4rz das Verdienstkreuz am Bande des Verdienstordens der Bundesrepublik Deutschland an drei Oberfranken Die Bayerische Staatsministerin f\u00fcr Gesundheit und Pflege, Melanie Huml, \u00fcberreicht am Freitag, 17. M\u00e4rz 2017, 12:00 Uhr, Regierung von Oberfranken, Empfangszimmer der Regierungspr\u00e4sidentin, Ludwigstra\u00dfe 20, 95444 Bayreuth die vom Bundespr\u00e4sidenten verliehenen Verdienstkreuze am Bande des Verdienstordens [&hellip;]<\/p>\n","protected":false},"author":7,"featured_media":6717,"comment_status":"closed","ping_status":"open","sticky":false,"template":"","format":"standard","meta":{"footnotes":""},"categories":[78,71],"tags":[2199],"class_list":["post-10473","post","type-post","status-publish","format-standard","has-post-thumbnail","hentry","category-bayern","category-menue","tag-verdienstkreuz"],"_links":{"self":[{"href":"https:\/\/www.frankensicht.de\/index.php?rest_route=\/wp\/v2\/posts\/10473","targetHints":{"allow":["GET"]}}],"collection":[{"href":"https:\/\/www.frankensicht.de\/index.php?rest_route=\/wp\/v2\/posts"}],"about":[{"href":"https:\/\/www.frankensicht.de\/index.php?rest_route=\/wp\/v2\/types\/post"}],"author":[{"embeddable":true,"href":"https:\/\/www.frankensicht.de\/index.php?rest_route=\/wp\/v2\/users\/7"}],"replies":[{"embeddable":true,"href":"https:\/\/www.frankensicht.de\/index.php?rest_route=%2Fwp%2Fv2%2Fcomments&post=10473"}],"version-history":[{"count":1,"href":"https:\/\/www.frankensicht.de\/index.php?rest_route=\/wp\/v2\/posts\/10473\/revisions"}],"predecessor-version":[{"id":10474,"href":"https:\/\/www.frankensicht.de\/index.php?rest_route=\/wp\/v2\/posts\/10473\/revisions\/10474"}],"wp:featuredmedia":[{"embeddable":true,"href":"https:\/\/www.frankensicht.de\/index.php?rest_route=\/wp\/v2\/media\/6717"}],"wp:attachment":[{"href":"https:\/\/www.frankensicht.de\/index.php?rest_route=%2Fwp%2Fv2%2Fmedia&parent=10473"}],"wp:term":[{"taxonomy":"category","embeddable":true,"href":"https:\/\/www.frankensicht.de\/index.php?rest_route=%2Fwp%2Fv2%2Fcategories&post=10473"},{"taxonomy":"post_tag","embeddable":true,"href":"https:\/\/www.frankensicht.de\/index.php?rest_route=%2Fwp%2Fv2%2Ftags&post=10473"}],"curies":[{"name":"wp","href":"https:\/\/api.w.org\/{rel}","templated":true}]}}