{"id":10471,"date":"2017-03-12T08:47:05","date_gmt":"2017-03-12T07:47:05","guid":{"rendered":"http:\/\/www.frankensicht.de\/?p=10471"},"modified":"2017-03-12T08:47:05","modified_gmt":"2017-03-12T07:47:05","slug":"handlungsbedarf-bei-ambulanter-geriatrischer-versorgung","status":"publish","type":"post","link":"https:\/\/www.frankensicht.de\/?p=10471","title":{"rendered":"Handlungsbedarf bei ambulanter geriatrischer Versorgung"},"content":{"rendered":"<p><span style=\"color: #ff0000;\">M\u00fcnchen:<\/span><\/p>\n<p>Huml will die Versorgung von \u00e4lteren Patienten weiter verbessern &#8211; Bayerns Gesundheitsministerin: Handlungsbedarf bei ambulanter geriatrischer Versorgung &#8211; Huml w\u00fcrdigt 20-j\u00e4hriges Engagement der \u00c4rztlichen Arbeitsgemeinschaft zur F\u00f6rderung der Geriatrie in Bayern<\/p>\n<p>Bayerns Gesundheitsministerin Melanie Huml will die medizinische Versorgung f\u00fcr \u00e4ltere Patienten im Freistaat weiter verbessern. Huml betonte am Samstag anl\u00e4sslich eines Symposiums der \u00c4rztlichen Arbeitsgemeinschaft zur F\u00f6rderung der Geriatrie in Bayern (AFGiB) in W\u00fcrzburg: &#8222;Altersmedizin ist eine zentrale Zukunftsaufgabe! Die Lebenserwartung erreicht Rekordh\u00f6hen &amp;ndash; und das ist gut so. Aber gerade \u00e4ltere Menschen, die h\u00e4ufig mehrfach erkrankt sind, brauchen eine ganzheitliche medizinische und wohnortnahe Versorgung.&#8220;<\/p>\n<p><a href=\"https:\/\/www.frankensicht.de\/?attachment_id=4951\" rel=\"attachment wp-att-4951\"><img loading=\"lazy\" decoding=\"async\" class=\"alignnone size-medium wp-image-4951\" src=\"https:\/\/www.frankensicht.de\/wp-content\/uploads\/2013\/01\/krankenhaus-300x187.jpg\" alt=\"\" width=\"300\" height=\"187\" srcset=\"https:\/\/www.frankensicht.de\/wp-content\/uploads\/2013\/01\/krankenhaus-300x187.jpg 300w, https:\/\/www.frankensicht.de\/wp-content\/uploads\/2013\/01\/krankenhaus.jpg 640w\" sizes=\"auto, (max-width: 300px) 100vw, 300px\" \/><\/a><\/p>\n<p>Die Ministerin f\u00fcgte hinzu: &#8222;Deshalb m\u00fcssen wir die altersmedizinischen Angebote vor allem im ambulanten Bereich in Bayern weiter ausbauen und auf die Bed\u00fcrfnisse der \u00e4lteren Menschen ausrichten. Hier sehe ich noch deutlichen Handlungsbedarf!&#8220;<\/p>\n<p>Die Ministerin erl\u00e4uterte: &#8222;Derzeit gibt es im Freistaat nur acht ambulante geriatrische Rehabilitationseinrichtungen und vier Angebote der mobilen geriatrischen Rehabilitation. Klar ist f\u00fcr mich: Menschen brauchen auch zu Hause die M\u00f6glichkeit, diese Versorgungsleistungen in Anspruch zu nehmen. Insbesondere rehabilitationsbed\u00fcrftigte Patienten mit erheblich psychischem oder physischem Hilfebedarf k\u00f6nnen von mobilen geriatrischen Rehabilitationsangeboten profitieren. Gelingen kann dieser Ausbau aber nur durch gemeinsame Anstrengungen der Partner der Selbstverwaltung.&#8220; Das Bayerische Gesundheitsministerium f\u00f6rdert den Aufbau dieser Teams zur mobilen geriatrischen Rehabilitation mit bis zu 25.000 Euro.<\/p>\n<p>Huml unterstrich: &#8222;Wir m\u00fcssen \u00fcberholte Bilder, die das Alter ausschlie\u00dflich als Abbau von F\u00e4higkeiten und Lebensqualit\u00e4t sehen, hinterfragen. Der Leitgedanke, m\u00f6glichst lange und gesund selbstbestimmt zu leben und an der Gesellschaft aktiv teilzuhaben, muss im Mittelpunkt stehen. Unter anderem deshalb wird das bayerische Gesundheitsministerium seine n\u00e4chste Jahresschwerpunktkampagne ab Herbst dem Thema &#8218;Seniorengesundheit&#8216; widmen.&#8220;<\/p>\n<p>Die Ministerin w\u00fcrdigte den Einsatz der AFGiB zur F\u00f6rderung der Geriatrie in Bayern: &#8222;In den vergangenen 20 Jahren haben Sie bewiesen, dass Sie die Herausforderung erfolgreich angenommen haben, die geriatrische Versorgung in Bayern mitzugestalten. Sie haben durch die Einrichtung der &#8218;Geriatrie in Bayern-Datenbank&#8216; und die AKUT-Studie zum Aufbau der Akutgeriatrie in Bayern in bedeutender Weise zur wissenschaftlichen Fundierung der geriatrischen Rehabilitation beigetragen. Durch Ihre vielen klinisch t\u00e4tigen Kollegen haben Sie zudem die geriatrische Versorgung im Freistaat in die Fl\u00e4che und damit wohnortnah zu den Menschen getragen.&#8220;<\/p>\n<p>Weitere Informationen finden sich im Internet unter:<\/p>\n<p>https:\/\/www.stmgp.bayern.de\/gesundheitsversorgung\/krankenhaeuser\/altersmedizin\/<\/p>\n<p>Quelle: stmgp.bayern.de<\/p>\n","protected":false},"excerpt":{"rendered":"<p>M\u00fcnchen: Huml will die Versorgung von \u00e4lteren Patienten weiter verbessern &#8211; Bayerns Gesundheitsministerin: Handlungsbedarf bei ambulanter geriatrischer Versorgung &#8211; Huml w\u00fcrdigt 20-j\u00e4hriges Engagement der \u00c4rztlichen Arbeitsgemeinschaft zur F\u00f6rderung der Geriatrie in Bayern Bayerns Gesundheitsministerin Melanie Huml will die medizinische Versorgung f\u00fcr \u00e4ltere Patienten im Freistaat weiter verbessern. Huml betonte am Samstag anl\u00e4sslich eines Symposiums der [&hellip;]<\/p>\n","protected":false},"author":7,"featured_media":0,"comment_status":"closed","ping_status":"open","sticky":false,"template":"","format":"standard","meta":{"footnotes":""},"categories":[78,71],"tags":[2198],"class_list":["post-10471","post","type-post","status-publish","format-standard","hentry","category-bayern","category-menue","tag-ambulante-versorgung"],"_links":{"self":[{"href":"https:\/\/www.frankensicht.de\/index.php?rest_route=\/wp\/v2\/posts\/10471","targetHints":{"allow":["GET"]}}],"collection":[{"href":"https:\/\/www.frankensicht.de\/index.php?rest_route=\/wp\/v2\/posts"}],"about":[{"href":"https:\/\/www.frankensicht.de\/index.php?rest_route=\/wp\/v2\/types\/post"}],"author":[{"embeddable":true,"href":"https:\/\/www.frankensicht.de\/index.php?rest_route=\/wp\/v2\/users\/7"}],"replies":[{"embeddable":true,"href":"https:\/\/www.frankensicht.de\/index.php?rest_route=%2Fwp%2Fv2%2Fcomments&post=10471"}],"version-history":[{"count":1,"href":"https:\/\/www.frankensicht.de\/index.php?rest_route=\/wp\/v2\/posts\/10471\/revisions"}],"predecessor-version":[{"id":10472,"href":"https:\/\/www.frankensicht.de\/index.php?rest_route=\/wp\/v2\/posts\/10471\/revisions\/10472"}],"wp:attachment":[{"href":"https:\/\/www.frankensicht.de\/index.php?rest_route=%2Fwp%2Fv2%2Fmedia&parent=10471"}],"wp:term":[{"taxonomy":"category","embeddable":true,"href":"https:\/\/www.frankensicht.de\/index.php?rest_route=%2Fwp%2Fv2%2Fcategories&post=10471"},{"taxonomy":"post_tag","embeddable":true,"href":"https:\/\/www.frankensicht.de\/index.php?rest_route=%2Fwp%2Fv2%2Ftags&post=10471"}],"curies":[{"name":"wp","href":"https:\/\/api.w.org\/{rel}","templated":true}]}}