{"id":10455,"date":"2017-03-07T08:32:46","date_gmt":"2017-03-07T07:32:46","guid":{"rendered":"http:\/\/www.frankensicht.de\/?p=10455"},"modified":"2017-03-07T08:32:46","modified_gmt":"2017-03-07T07:32:46","slug":"wegweiser-demenz-fuer-stadt-und-landkreis-bamberg","status":"publish","type":"post","link":"https:\/\/www.frankensicht.de\/?p=10455","title":{"rendered":"Wegweiser Demenz&#8220; f\u00fcr Stadt und Landkreis Bamberg"},"content":{"rendered":"<p><span style=\"color: #ff0000;\">M\u00fcnchen:<\/span><\/p>\n<p>Huml: Menschen mit Demenz geh\u00f6ren in die Mitte der Gesellschaft &#8211; Bayerns Gesundheitsministerin wirbt f\u00fcr Offenheit &#8211; Neuer &#8222;Wegweiser Demenz&#8220; f\u00fcr Stadt und Landkreis Bamberg<\/p>\n<p>Bayerns Gesundheits- und Pflegeministerin Melanie Huml wirbt f\u00fcr mehr Verst\u00e4ndnis im Umgang mit Demenzkranken. Huml betonte am Montag anl\u00e4sslich der Vorstellung des neuen &#8222;Wegweisers Demenz&#8220; f\u00fcr die Stadt und den Landkreis Bamberg: &#8222;Die steigende Zahl an Demenzerkrankungen ist auch in Bayern eine gro\u00dfe Herausforderung. Es ist wichtig, Menschen mit Demenz ein Leben in der Mitte unserer Gesellschaft zu erm\u00f6glichen. Der Verlust geistiger F\u00e4higkeiten ist f\u00fcr die Betroffenen und ihre Angeh\u00f6rigen eine gro\u00dfe Belastung. Sie brauchen die Gewissheit, dass sie nicht ausgegrenzt werden.&#8220;<\/p>\n<p>Die Ministerin f\u00fcgte hinzu: &#8222;Derzeit leben in Bayern nach Sch\u00e4tzungen etwa 230.000 Menschen mit einer Demenzerkrankung. Bis zum Jahr 2032 ist mit einem Anstieg auf circa 340.000 zu rechnen, wenn kein Durchbruch in der Therapie erfolgt.&#8220;<\/p>\n<p><a href=\"https:\/\/www.frankensicht.de\/?attachment_id=8235\" rel=\"attachment wp-att-8235\"><img loading=\"lazy\" decoding=\"async\" class=\"alignnone size-medium wp-image-8235\" src=\"https:\/\/www.frankensicht.de\/wp-content\/uploads\/2015\/02\/bamberg34-300x225.jpg\" alt=\"\" width=\"300\" height=\"225\" srcset=\"https:\/\/www.frankensicht.de\/wp-content\/uploads\/2015\/02\/bamberg34-300x225.jpg 300w, https:\/\/www.frankensicht.de\/wp-content\/uploads\/2015\/02\/bamberg34.jpg 640w\" sizes=\"auto, (max-width: 300px) 100vw, 300px\" \/><\/a><\/p>\n<p>Huml begr\u00fc\u00dfte zugleich, dass der &#8222;Wegweiser Demenz&#8220; f\u00fcr die Stadt und den Landkreis Bamberg zahlreiche wichtige Informationen enth\u00e4lt. Sie unterstrich: &#8222;In vorbildlicher Art und Weise greift diese Brosch\u00fcre die Themen auf, die f\u00fcr Menschen mit Demenz und ihre Angeh\u00f6rigen relevant sind. So kl\u00e4rt sie nicht nur \u00fcber das Krankheitsbild auf, sondern b\u00fcndelt auch Hinweise zu Beratung, Schulung, entlastenden Angeboten und finanziellen Hilfen sowie zur Patientenverf\u00fcgung. Zu jedem Thema werden auch passende Ansprechpartner und Organisationen genannt.&#8220;<\/p>\n<p>Die Ministerin erg\u00e4nzte: &#8222;F\u00fcr Menschen mit Demenz und deren Angeh\u00f6rige ist es oft schwierig, mit der Erkrankung offen umzugehen. Mein Ziel ist es deshalb, die Gesellschaft zu sensibilisieren und f\u00fcr mehr Akzeptanz zu sorgen.&#8220;<\/p>\n<p>Huml unterstrich: &#8222;Den Bewusstseinswandel in der Gesellschaft voranzubringen, ist auch eines der f\u00fcnf Leitziele der Bayerischen Demenzstrategie. Ein Projekt ist dabei unsere Wanderausstellung &#8218;Was geht. Was bleibt. Leben mit Demenz&#8216;. Sie richtet sich vor allem an Menschen, die mit dem Thema Demenz noch nicht vertraut sind.&#8220;<\/p>\n<p>Die Wanderausstellung startete im April 2016 in Bamberg. Ziel ist, den Besucherinnen und Besuchern \u00fcber Alltagsgegenst\u00e4nde und Texte die Lebenswirklichkeit der an Demenz erkrankten Menschen nahezubringen. Zudem erh\u00e4lt man Tipps f\u00fcr die Kommunikation mit Menschen mit Demenz.<\/p>\n<p>Die Ausstellung, die kostenfrei ausgeliehen werden kann, erfreut sich in allen Regierungsbezirken Bayerns einer regen Nachfrage und kann von interessierten B\u00fcrgerinnen und B\u00fcrgern in ganz Bayern besucht werden. Ausstellungsorte sind beispielsweise Landrats\u00e4mter, Krankenh\u00e4user und Seniorenheime. Aktuell ist die Wanderausstellung &#8222;Was geht. Was bleibt. Leben mit Demenz.&#8220; im Landkreis Bamberg in der Steigerwaldklinik in Burgebrach zu sehen.<\/p>\n<p>Huml betonte: &#8222;Zu meiner gro\u00dfen Freude ist die Ausstellung sehr begehrt und schon bis Ende 2018 ausgebucht. Deshalb habe ich eine zweite derartige Ausstellung angeregt. Diese ist bald fertiggestellt und wird dann zus\u00e4tzlich durch Bayern &#8218;wandern&#8216;.&#8220;<\/p>\n<p>Weitere Informationen zur Bayerischen Demenzstrategie gibt es unter<\/p>\n<p>www.leben-mit-demenz.bayern.de.<\/p>\n<p>Termine zur Wanderausstellung finden Sie unter<\/p>\n<p>https:\/\/www.stmgp.bayern.de\/ministerium\/veranstaltungen\/.<\/p>\n<p>Quelle:stmgp,bayern.de<\/p>\n","protected":false},"excerpt":{"rendered":"<p>M\u00fcnchen: Huml: Menschen mit Demenz geh\u00f6ren in die Mitte der Gesellschaft &#8211; Bayerns Gesundheitsministerin wirbt f\u00fcr Offenheit &#8211; Neuer &#8222;Wegweiser Demenz&#8220; f\u00fcr Stadt und Landkreis Bamberg Bayerns Gesundheits- und Pflegeministerin Melanie Huml wirbt f\u00fcr mehr Verst\u00e4ndnis im Umgang mit Demenzkranken. Huml betonte am Montag anl\u00e4sslich der Vorstellung des neuen &#8222;Wegweisers Demenz&#8220; f\u00fcr die Stadt und [&hellip;]<\/p>\n","protected":false},"author":7,"featured_media":8235,"comment_status":"closed","ping_status":"open","sticky":false,"template":"","format":"standard","meta":{"footnotes":""},"categories":[78,71],"tags":[205],"class_list":["post-10455","post","type-post","status-publish","format-standard","has-post-thumbnail","hentry","category-bayern","category-menue","tag-demenz"],"_links":{"self":[{"href":"https:\/\/www.frankensicht.de\/index.php?rest_route=\/wp\/v2\/posts\/10455","targetHints":{"allow":["GET"]}}],"collection":[{"href":"https:\/\/www.frankensicht.de\/index.php?rest_route=\/wp\/v2\/posts"}],"about":[{"href":"https:\/\/www.frankensicht.de\/index.php?rest_route=\/wp\/v2\/types\/post"}],"author":[{"embeddable":true,"href":"https:\/\/www.frankensicht.de\/index.php?rest_route=\/wp\/v2\/users\/7"}],"replies":[{"embeddable":true,"href":"https:\/\/www.frankensicht.de\/index.php?rest_route=%2Fwp%2Fv2%2Fcomments&post=10455"}],"version-history":[{"count":1,"href":"https:\/\/www.frankensicht.de\/index.php?rest_route=\/wp\/v2\/posts\/10455\/revisions"}],"predecessor-version":[{"id":10456,"href":"https:\/\/www.frankensicht.de\/index.php?rest_route=\/wp\/v2\/posts\/10455\/revisions\/10456"}],"wp:featuredmedia":[{"embeddable":true,"href":"https:\/\/www.frankensicht.de\/index.php?rest_route=\/wp\/v2\/media\/8235"}],"wp:attachment":[{"href":"https:\/\/www.frankensicht.de\/index.php?rest_route=%2Fwp%2Fv2%2Fmedia&parent=10455"}],"wp:term":[{"taxonomy":"category","embeddable":true,"href":"https:\/\/www.frankensicht.de\/index.php?rest_route=%2Fwp%2Fv2%2Fcategories&post=10455"},{"taxonomy":"post_tag","embeddable":true,"href":"https:\/\/www.frankensicht.de\/index.php?rest_route=%2Fwp%2Fv2%2Ftags&post=10455"}],"curies":[{"name":"wp","href":"https:\/\/api.w.org\/{rel}","templated":true}]}}