{"id":10453,"date":"2017-03-06T07:54:48","date_gmt":"2017-03-06T06:54:48","guid":{"rendered":"http:\/\/www.frankensicht.de\/?p=10453"},"modified":"2017-03-06T07:54:48","modified_gmt":"2017-03-06T06:54:48","slug":"woche-der-bruederlichkeit","status":"publish","type":"post","link":"https:\/\/www.frankensicht.de\/?p=10453","title":{"rendered":"Woche der Br\u00fcderlichkeit"},"content":{"rendered":"<p><span style=\"color: #ff0000;\">M\u00fcnchen:<\/span><\/p>\n<p>&#8222;Wertvoller Beitrag zu friedlichem, von Respekt gepr\u00e4gtem Miteinander der Religionen&#8220; &#8211; Staatssekret\u00e4r Georg Eisenreich bei feierlicher Er\u00f6ffnung der Woche der Br\u00fcderlichkeit in M\u00fcnchen<br \/>\nKultusstaatssekret\u00e4r Georg Eisenreich nahm heute im Alten Rathaus in M\u00fcnchen an der feierlichen Er\u00f6ffnung der Woche der Br\u00fcderlichkeit der Gesellschaft f\u00fcr christlich-j\u00fcdische Zusammenarbeit M\u00fcnchen-Regensburg teil und sprach dort ein Gru\u00dfwort. Er dr\u00fcckte dabei der Gesellschaft f\u00fcr christlich-j\u00fcdische Zusammenarbeit seine Anerkennung aus: &#8222;Ich danke Ihnen sehr f\u00fcr Ihr gro\u00dfes Engagement. Schon seit Langem leisten Sie einen wertvollen Beitrag zu einem friedlichen, von gegenseitigem Respekt gepr\u00e4gten Miteinander der Religionen.&#8220;<\/p>\n<p><a href=\"https:\/\/www.frankensicht.de\/?attachment_id=8920\" rel=\"attachment wp-att-8920\"><img loading=\"lazy\" decoding=\"async\" class=\"alignnone size-medium wp-image-8920\" src=\"https:\/\/www.frankensicht.de\/wp-content\/uploads\/2015\/08\/P1020624-300x225.jpg\" alt=\"\" width=\"300\" height=\"225\" srcset=\"https:\/\/www.frankensicht.de\/wp-content\/uploads\/2015\/08\/P1020624-300x225.jpg 300w, https:\/\/www.frankensicht.de\/wp-content\/uploads\/2015\/08\/P1020624.jpg 640w\" sizes=\"auto, (max-width: 300px) 100vw, 300px\" \/><\/a><\/p>\n<p>Seit 1952 organisieren die heute \u00fcber achtzig Gesellschaften f\u00fcr christlich-j\u00fcdische Zusammenarbeit in ganz Deutschland im M\u00e4rz eines jeden Jahres die Woche der Br\u00fcderlichkeit. In allen Teilen des Landes finden aus diesem Anlass Veranstaltungen statt. Die Gesellschaften f\u00fcr christlich-j\u00fcdische Zusammenarbeit setzen sich ein f\u00fcr die Verst\u00e4ndigung zwischen Christen und Juden, den Kampf gegen Antisemitismus und Rechtsradikalismus sowie f\u00fcr ein friedliches Zusammenleben der V\u00f6lker und Religionen. In diesem Jahr steht die Woche der Br\u00fcderlichkeit vom 5. bis 12. M\u00e4rz unter dem Thema &#8222;Nun gehe hin und lerne&#8220;.<\/p>\n<p>Quelle:stmbw.bayern.de<\/p>\n","protected":false},"excerpt":{"rendered":"<p>M\u00fcnchen: &#8222;Wertvoller Beitrag zu friedlichem, von Respekt gepr\u00e4gtem Miteinander der Religionen&#8220; &#8211; Staatssekret\u00e4r Georg Eisenreich bei feierlicher Er\u00f6ffnung der Woche der Br\u00fcderlichkeit in M\u00fcnchen Kultusstaatssekret\u00e4r Georg Eisenreich nahm heute im Alten Rathaus in M\u00fcnchen an der feierlichen Er\u00f6ffnung der Woche der Br\u00fcderlichkeit der Gesellschaft f\u00fcr christlich-j\u00fcdische Zusammenarbeit M\u00fcnchen-Regensburg teil und sprach dort ein Gru\u00dfwort. Er [&hellip;]<\/p>\n","protected":false},"author":7,"featured_media":8920,"comment_status":"closed","ping_status":"open","sticky":false,"template":"","format":"standard","meta":{"footnotes":""},"categories":[78,71],"tags":[2193],"class_list":["post-10453","post","type-post","status-publish","format-standard","has-post-thumbnail","hentry","category-bayern","category-menue","tag-bruederlichkeit"],"_links":{"self":[{"href":"https:\/\/www.frankensicht.de\/index.php?rest_route=\/wp\/v2\/posts\/10453","targetHints":{"allow":["GET"]}}],"collection":[{"href":"https:\/\/www.frankensicht.de\/index.php?rest_route=\/wp\/v2\/posts"}],"about":[{"href":"https:\/\/www.frankensicht.de\/index.php?rest_route=\/wp\/v2\/types\/post"}],"author":[{"embeddable":true,"href":"https:\/\/www.frankensicht.de\/index.php?rest_route=\/wp\/v2\/users\/7"}],"replies":[{"embeddable":true,"href":"https:\/\/www.frankensicht.de\/index.php?rest_route=%2Fwp%2Fv2%2Fcomments&post=10453"}],"version-history":[{"count":1,"href":"https:\/\/www.frankensicht.de\/index.php?rest_route=\/wp\/v2\/posts\/10453\/revisions"}],"predecessor-version":[{"id":10454,"href":"https:\/\/www.frankensicht.de\/index.php?rest_route=\/wp\/v2\/posts\/10453\/revisions\/10454"}],"wp:featuredmedia":[{"embeddable":true,"href":"https:\/\/www.frankensicht.de\/index.php?rest_route=\/wp\/v2\/media\/8920"}],"wp:attachment":[{"href":"https:\/\/www.frankensicht.de\/index.php?rest_route=%2Fwp%2Fv2%2Fmedia&parent=10453"}],"wp:term":[{"taxonomy":"category","embeddable":true,"href":"https:\/\/www.frankensicht.de\/index.php?rest_route=%2Fwp%2Fv2%2Fcategories&post=10453"},{"taxonomy":"post_tag","embeddable":true,"href":"https:\/\/www.frankensicht.de\/index.php?rest_route=%2Fwp%2Fv2%2Ftags&post=10453"}],"curies":[{"name":"wp","href":"https:\/\/api.w.org\/{rel}","templated":true}]}}