{"id":10447,"date":"2017-03-03T08:11:04","date_gmt":"2017-03-03T07:11:04","guid":{"rendered":"http:\/\/www.frankensicht.de\/?p=10447"},"modified":"2017-03-03T08:11:04","modified_gmt":"2017-03-03T07:11:04","slug":"biodiversitaet","status":"publish","type":"post","link":"https:\/\/www.frankensicht.de\/?p=10447","title":{"rendered":"Biodiversit\u00e4t"},"content":{"rendered":"<p><span style=\"color: #ff0000;\">Berlin:<\/span><\/p>\n<p>Biodiversit\u00e4t<br \/>\nNeue Ausgabe des \u201eMehrWERT\u201c-Magazins zum Artenschutz<br \/>\nMedienkooperation zwischen BMUB und unabh\u00e4ngigen Journalisten<\/p>\n<p>Zur Information der \u00d6ffentlichkeit \u00fcber Fragen des Natur- und<br \/>\nArtenschutzes beschreitet das Bundesumweltministerium ungew\u00f6hnliche Wege:<br \/>\nEs finanzierte die Produktion einer Zeitschrift und gab Konzeption und<br \/>\nRedaktion vollst\u00e4ndig in die H\u00e4nde freier und unabh\u00e4ngiger<br \/>\nJournalisten. Das Produkt erscheint in diesen Tagen in der Reihe<br \/>\n\u201eMehrWERT\u201c mit einer Auflage von 25.000 Exemplaren und wird kostenlos<br \/>\nverteilt.<\/p>\n<p>Unter Leitung der langj\u00e4hrigen \u201enatur\u201c-Chefredakteurin Ilona Jerger<br \/>\nvom M\u00fcnchner Journalistenb\u00fcro The Green Publishers entstand ein<br \/>\n68-seitiges, opulent bebildertes Magazin. Es versammelt einige der<br \/>\nnamhaftesten und besten Umweltjournalisten des Landes. In Features,<br \/>\nInterviews und Reportagen befassen sie sich mit dem Spannungsfeld zwischen<br \/>\nArtenreichtum und Landwirtschaft, Energiewende und Naturschutz,<br \/>\nNutztierhaltung und Artenschutz.<\/p>\n<p><a href=\"https:\/\/www.frankensicht.de\/?attachment_id=1804\" rel=\"attachment wp-att-1804\"><img loading=\"lazy\" decoding=\"async\" class=\"alignnone size-medium wp-image-1804\" src=\"https:\/\/www.frankensicht.de\/wp-content\/uploads\/2012\/05\/biogas-300x187.jpg\" alt=\"\" width=\"300\" height=\"187\" srcset=\"https:\/\/www.frankensicht.de\/wp-content\/uploads\/2012\/05\/biogas-300x187.jpg 300w, https:\/\/www.frankensicht.de\/wp-content\/uploads\/2012\/05\/biogas.jpg 640w\" sizes=\"auto, (max-width: 300px) 100vw, 300px\" \/><\/a><\/p>\n<p>So beleuchtet ZEIT-Reporterin Christiane Grefe den Konflikt zwischen<br \/>\nArtenschutz und Windkraft am Beispiel des Rotmilans. Peter Laufmann<br \/>\nberichtet \u00fcber die R\u00fcckkehr der W\u00f6lfe nach Deutschland und die damit<br \/>\nverbundenen Konflikte. Wissenschaftsautor Richard Friebe beschreibt die<br \/>\nSchwierigkeiten im Umgang mit invasiven Arten. FAZ-Autor Georg<br \/>\nR\u00fcschemeyer begibt sich auf einen Streifzug durch die deutschen<br \/>\nNationalparke. TAZ-Korrespondent Dominik Baur geht dem Verschwinden alter<br \/>\nNutztierrassen nach. Manfred Kriener analysiert das schwierige Verh\u00e4ltnis<br \/>\nzwischen Landwirtschaft und Naturschutz. Und TV-Journalist Valentin Thurn<br \/>\nerl\u00e4utert, was gegen die Vernichtung von Lebensmitteln getan werden kann.<br \/>\nDazu gibt das Heft jede Menge praktischer Tipps und hilfreiche Adressen.<\/p>\n<p>Michael Schroeren, Leiter Presse und Information im BMUB: \u201eWir freuen<br \/>\nuns, dass wir in Zusammenarbeit mit unabh\u00e4ngigen Journalisten eine<br \/>\ninformative, inhaltlich wie optisch anspruchsvolle Zeitschrift f\u00fcr eine<br \/>\nbreite Leserschaft anbieten k\u00f6nnen. Wir haben uns als Ministerium bei der<br \/>\ninhaltlichen Gestaltung ganz bewusst zur\u00fcckgehalten. Wir verstehen diese<br \/>\nAusgabe von MehrWERT auch als einen kleinen, aber ansehnlichen Beitrag zur<br \/>\nSt\u00e4rkung eines unabh\u00e4ngigen fachlichen Qualit\u00e4tsjournalismus, der es<br \/>\nangesichts der Entwicklungen im etablierten Medienbetrieb schwer hat, sich<br \/>\nzu behaupten.\u201c<\/p>\n<p>Horst Hamm, Umweltjournalist und Projektleiter des Magazins: \u201eNach<br \/>\nnunmehr drei Ausgaben des MehrWERT-Magazins haben wir die Erfahrung<br \/>\ngemacht, dass eine Zeitschrift, die von unabh\u00e4ngigen Journalisten<br \/>\nkonzipiert und umgesetzt wird, in der \u00d6ffentlichkeit tats\u00e4chlich<br \/>\nwahrgenommen wird, obwohl es einen zahlenden Auftraggeber gibt. MehrWERT<br \/>\nist ein bekennender Zwitter. Es braucht dazu Journalisten, die diese<br \/>\nGratwanderung sensibel beherrschen, und es braucht Mut und Offenheit des<br \/>\nAuftraggebers, die Journalisten trotz ihrer Finanzierung m\u00f6glichst frei<br \/>\nagieren zu lassen.\u201c<\/p>\n<p>Das aktuelle \u201eMehrWERT\u201c-Magazin 4\/2017 kann unter<br \/>\nwww.bmub.bund.de\/N54040 heruntergeladen oder beim Publikationsversand der<br \/>\nBundesregierung, Postfach 48 10 09, 18132 Rostock, bestellt werden.<br \/>\nE-Mail: publikationen@bundesregierung.de<\/p>\n<p>https:\/\/www.facebook.com\/bmub.bund<\/p>\n<p>https:\/\/www.instagram.com\/bmub\/<\/p>\n<p>Quelle: bmub.bund.de<\/p>\n","protected":false},"excerpt":{"rendered":"<p>Berlin: Biodiversit\u00e4t Neue Ausgabe des \u201eMehrWERT\u201c-Magazins zum Artenschutz Medienkooperation zwischen BMUB und unabh\u00e4ngigen Journalisten Zur Information der \u00d6ffentlichkeit \u00fcber Fragen des Natur- und Artenschutzes beschreitet das Bundesumweltministerium ungew\u00f6hnliche Wege: Es finanzierte die Produktion einer Zeitschrift und gab Konzeption und Redaktion vollst\u00e4ndig in die H\u00e4nde freier und unabh\u00e4ngiger Journalisten. Das Produkt erscheint in diesen Tagen in [&hellip;]<\/p>\n","protected":false},"author":7,"featured_media":1804,"comment_status":"closed","ping_status":"open","sticky":false,"template":"","format":"standard","meta":{"footnotes":""},"categories":[44,3],"tags":[2140],"class_list":["post-10447","post","type-post","status-publish","format-standard","has-post-thumbnail","hentry","category-deutschland-2","category-news","tag-biodiversitaet"],"_links":{"self":[{"href":"https:\/\/www.frankensicht.de\/index.php?rest_route=\/wp\/v2\/posts\/10447","targetHints":{"allow":["GET"]}}],"collection":[{"href":"https:\/\/www.frankensicht.de\/index.php?rest_route=\/wp\/v2\/posts"}],"about":[{"href":"https:\/\/www.frankensicht.de\/index.php?rest_route=\/wp\/v2\/types\/post"}],"author":[{"embeddable":true,"href":"https:\/\/www.frankensicht.de\/index.php?rest_route=\/wp\/v2\/users\/7"}],"replies":[{"embeddable":true,"href":"https:\/\/www.frankensicht.de\/index.php?rest_route=%2Fwp%2Fv2%2Fcomments&post=10447"}],"version-history":[{"count":1,"href":"https:\/\/www.frankensicht.de\/index.php?rest_route=\/wp\/v2\/posts\/10447\/revisions"}],"predecessor-version":[{"id":10448,"href":"https:\/\/www.frankensicht.de\/index.php?rest_route=\/wp\/v2\/posts\/10447\/revisions\/10448"}],"wp:featuredmedia":[{"embeddable":true,"href":"https:\/\/www.frankensicht.de\/index.php?rest_route=\/wp\/v2\/media\/1804"}],"wp:attachment":[{"href":"https:\/\/www.frankensicht.de\/index.php?rest_route=%2Fwp%2Fv2%2Fmedia&parent=10447"}],"wp:term":[{"taxonomy":"category","embeddable":true,"href":"https:\/\/www.frankensicht.de\/index.php?rest_route=%2Fwp%2Fv2%2Fcategories&post=10447"},{"taxonomy":"post_tag","embeddable":true,"href":"https:\/\/www.frankensicht.de\/index.php?rest_route=%2Fwp%2Fv2%2Ftags&post=10447"}],"curies":[{"name":"wp","href":"https:\/\/api.w.org\/{rel}","templated":true}]}}