{"id":10442,"date":"2017-03-01T08:26:34","date_gmt":"2017-03-01T07:26:34","guid":{"rendered":"http:\/\/www.frankensicht.de\/?p=10442"},"modified":"2017-03-01T08:26:34","modified_gmt":"2017-03-01T07:26:34","slug":"vor%c2%adstel%c2%adlung-der-son%c2%adder%c2%adbrief%c2%admar%c2%adke-1000-jah%c2%adre-stadt-neun%c2%adburg-vorm-wald","status":"publish","type":"post","link":"https:\/\/www.frankensicht.de\/?p=10442","title":{"rendered":"Vor\u00adstel\u00adlung der Son\u00adder\u00adbrief\u00admar\u00adke \u201e1000 Jah\u00adre Stadt Neun\u00adburg vorm Wald\u201c"},"content":{"rendered":"<p><span style=\"color: #ff0000;\">Berlin:<\/span><\/p>\n<div class=\"article-header-wrapper\">\n<div class=\"article-header-wrapper-inner\">\n<div class=\"article-header-wrapper-box\">\n<div class=\"article-header\">\n<h1 class=\"isFirstInSlot\">Vor\u00adstel\u00adlung der Son\u00adder\u00adbrief\u00admar\u00adke \u201e1000 Jah\u00adre Stadt Neun\u00adburg vorm Wald\u201c<\/h1>\n<div class=\"subheadline\">\n<p class=\"heading\">Das Bundesministerium der Finanzen gibt im M\u00e4rz 2017 ein Sonderpostwertzeichen \u201e1000 Jahre Stadt Neunburg vorm Wald\u201c heraus<\/p>\n<\/div>\n<ul class=\"doc-data pressrelease\">\n<li><span class=\"label\">Nummer<\/span> <span class=\"value\">7<\/span><\/li>\n<\/ul>\n<div class=\"picture  img-551\">\n<figure class=\"figure-box-wrapper figure-embedded\"><a href=\"https:\/\/www.frankensicht.de\/?attachment_id=10443\" rel=\"attachment wp-att-10443\"><img loading=\"lazy\" decoding=\"async\" class=\"alignnone size-medium wp-image-10443\" src=\"https:\/\/www.frankensicht.de\/wp-content\/uploads\/2017\/03\/2017-02-28-pm07-bild.jpgjsessionid026855A3BF229718AB72D29D870248D2-300x169.jpeg\" alt=\"\" width=\"300\" height=\"169\" srcset=\"https:\/\/www.frankensicht.de\/wp-content\/uploads\/2017\/03\/2017-02-28-pm07-bild.jpgjsessionid026855A3BF229718AB72D29D870248D2-300x169.jpeg 300w, https:\/\/www.frankensicht.de\/wp-content\/uploads\/2017\/03\/2017-02-28-pm07-bild.jpgjsessionid026855A3BF229718AB72D29D870248D2-768x432.jpeg 768w, https:\/\/www.frankensicht.de\/wp-content\/uploads\/2017\/03\/2017-02-28-pm07-bild.jpgjsessionid026855A3BF229718AB72D29D870248D2-384x217.jpeg 384w, https:\/\/www.frankensicht.de\/wp-content\/uploads\/2017\/03\/2017-02-28-pm07-bild.jpgjsessionid026855A3BF229718AB72D29D870248D2.jpeg 877w\" sizes=\"auto, (max-width: 300px) 100vw, 300px\" \/><\/a><\/figure>\n<p>\u00a0 \u00a0 \u00a0 \u00a0 \u00a0 \u00a0 \u00a0 \u00a0 \u00a0 \u00a0 \u00a0@bundesfinanzministerium.de<\/p>\n<\/div>\n<\/div>\n<\/div>\n<\/div>\n<\/div>\n<div class=\"article-content-wrapper\">\n<div class=\"article-text-wrapper\">\n<div class=\"article-text singleview \">\n<p>Der Parlamentarische Staatssekret\u00e4r beim Bundesminister der Finanzen, <abbr title=\"Doktor\">Dr.<\/abbr>\u00a0Michael Meister, stellt die Briefmarke am kommenden Donnerstag in Neunburg vor. Die Pr\u00e4sentation findet am <strong>2. M\u00e4rz 2017 um 11.00 Uhr in der Schwarzachtalhalle, R\u00f6tzer Stra\u00dfe 2, 92431 Neunburg vorm Wald<\/strong> statt.<\/p>\n<p><em>\u201eIn einer Schenkungsurkunde von 1017 \u00fcbertr\u00e4gt Kaiser Heinrich II., aus dem Geschlecht der Ottonen, f\u00fcr das von ihm 1007 gegr\u00fcndete Bistum Bamberg im Raum Neunburg einige k\u00f6nigliche G\u00fcter. Zur genaueren geografischen Lokalisierung wird der Burgort ,Niwnburg\u2018 genannt, was auf die Bedeutung in der mittleren Oberpfalz verweist.<\/em><br \/>\n<em>Diese erste urkundliche Erw\u00e4hnung Neunburgs j\u00e4hrt sich anno 2017 zum 1000. Mal. Die Stadtv\u00e4ter haben deshalb 2017 zum Jubil\u00e4umsjahr ausgerufen.<\/em><br \/>\n<em>Die Sonderbriefmarke soll aber auch an die Posttradition erinnern: Schon 1615 errichtete die Kaiserliche Reichspost den Postkurs von N\u00fcrnberg nach Prag \u2013 \u00fcber Neunburg. 1800 wurde die Taxis\u00b4sche Posthalterei er\u00f6ffnet, 1808 als k\u00f6niglich bayerische Post weitergef\u00fchrt.\u201c<\/em><br \/>\n(Text: Theo M\u00e4nner, Heimatpfleger, Stadt Neunburg vorm Wald)<\/p>\n<p>Das Sonderpostwertzeichen wurde von der Grafikerin Julia Warbanow aus Berlin gestaltet; es hat einen Wert von 45 Cent und ist vom 1. M\u00e4rz 2017 an in den Verkaufsstellen der Deutschen Post AG erh\u00e4ltlich.<\/p>\n<p>Quelle:\u00a0bundesfinanzministerium.de<\/p>\n<\/div>\n<\/div>\n<\/div>\n","protected":false},"excerpt":{"rendered":"<p>Berlin: Vor\u00adstel\u00adlung der Son\u00adder\u00adbrief\u00admar\u00adke \u201e1000 Jah\u00adre Stadt Neun\u00adburg vorm Wald\u201c Das Bundesministerium der Finanzen gibt im M\u00e4rz 2017 ein Sonderpostwertzeichen \u201e1000 Jahre Stadt Neunburg vorm Wald\u201c heraus Nummer 7 \u00a0 \u00a0 \u00a0 \u00a0 \u00a0 \u00a0 \u00a0 \u00a0 \u00a0 \u00a0 \u00a0@bundesfinanzministerium.de Der Parlamentarische Staatssekret\u00e4r beim Bundesminister der Finanzen, Dr.\u00a0Michael Meister, stellt die Briefmarke am kommenden Donnerstag [&hellip;]<\/p>\n","protected":false},"author":7,"featured_media":0,"comment_status":"closed","ping_status":"open","sticky":false,"template":"","format":"standard","meta":{"footnotes":""},"categories":[44,3],"tags":[2192],"class_list":["post-10442","post","type-post","status-publish","format-standard","hentry","category-deutschland-2","category-news","tag-neunburg-vorm-wald"],"_links":{"self":[{"href":"https:\/\/www.frankensicht.de\/index.php?rest_route=\/wp\/v2\/posts\/10442","targetHints":{"allow":["GET"]}}],"collection":[{"href":"https:\/\/www.frankensicht.de\/index.php?rest_route=\/wp\/v2\/posts"}],"about":[{"href":"https:\/\/www.frankensicht.de\/index.php?rest_route=\/wp\/v2\/types\/post"}],"author":[{"embeddable":true,"href":"https:\/\/www.frankensicht.de\/index.php?rest_route=\/wp\/v2\/users\/7"}],"replies":[{"embeddable":true,"href":"https:\/\/www.frankensicht.de\/index.php?rest_route=%2Fwp%2Fv2%2Fcomments&post=10442"}],"version-history":[{"count":1,"href":"https:\/\/www.frankensicht.de\/index.php?rest_route=\/wp\/v2\/posts\/10442\/revisions"}],"predecessor-version":[{"id":10444,"href":"https:\/\/www.frankensicht.de\/index.php?rest_route=\/wp\/v2\/posts\/10442\/revisions\/10444"}],"wp:attachment":[{"href":"https:\/\/www.frankensicht.de\/index.php?rest_route=%2Fwp%2Fv2%2Fmedia&parent=10442"}],"wp:term":[{"taxonomy":"category","embeddable":true,"href":"https:\/\/www.frankensicht.de\/index.php?rest_route=%2Fwp%2Fv2%2Fcategories&post=10442"},{"taxonomy":"post_tag","embeddable":true,"href":"https:\/\/www.frankensicht.de\/index.php?rest_route=%2Fwp%2Fv2%2Ftags&post=10442"}],"curies":[{"name":"wp","href":"https:\/\/api.w.org\/{rel}","templated":true}]}}