{"id":10434,"date":"2017-02-25T08:34:18","date_gmt":"2017-02-25T07:34:18","guid":{"rendered":"http:\/\/www.frankensicht.de\/?p=10434"},"modified":"2017-02-25T08:34:18","modified_gmt":"2017-02-25T07:34:18","slug":"10434","status":"publish","type":"post","link":"https:\/\/www.frankensicht.de\/?p=10434","title":{"rendered":""},"content":{"rendered":"<p><span style=\"color: #ff0000;\">M\u00fcnchen:<\/span><\/p>\n<p>Verleihung der bayerischen Gastlichkeitsmedaille an ehrenamtliche Unterst\u00fctzer<\/p>\n<p>Pschierer: &#8222;Tourismus in Bayern braucht ehrenamtliches Engagement!&#8220;<\/p>\n<p>MIm Rahmen der Reise- und Freizeitmesse f.re.e verleiht das Bayerische Wirtschaftsministerium heute an f\u00fcnf Personen und eine Gruppe die Medaille f\u00fcr besondere Verdienste um die bayerische Gastlichkeit Wirtschafts- und Tourismusstaatssekret\u00e4r Pschierer: In kein anderes Bundesland reisen die Menschen so h\u00e4ufig wie nach Bayern. Unsere landschaftliche Sch\u00f6nheit, die Seen und Schl\u00f6sser sowie viele weitere Sehensw\u00fcrdigkeiten locken die zahlreichen Besucher aus dem In- und Ausland. Aber eines ist auch klar: die Attraktivit\u00e4t Bayerns als Tourismusstandort lebt entscheidend auch von den vielen Helfern vor Ort und ihrem ehrenamtlichen Engagement. Deren pers\u00f6nlicher Einsatz ist unverzichtbar und verdient gr\u00f6\u00dften Dank und Anerkennung.<\/p>\n<p><a href=\"https:\/\/www.frankensicht.de\/?attachment_id=8231\" rel=\"attachment wp-att-8231\"><img loading=\"lazy\" decoding=\"async\" class=\"alignnone size-medium wp-image-8231\" src=\"https:\/\/www.frankensicht.de\/wp-content\/uploads\/2015\/02\/bamberg36-300x225.jpg\" alt=\"\" width=\"300\" height=\"225\" srcset=\"https:\/\/www.frankensicht.de\/wp-content\/uploads\/2015\/02\/bamberg36-300x225.jpg 300w, https:\/\/www.frankensicht.de\/wp-content\/uploads\/2015\/02\/bamberg36.jpg 640w\" sizes=\"auto, (max-width: 300px) 100vw, 300px\" \/><\/a><\/p>\n<p>Die bayerische Gastlichkeitsmedaille erhalten dieses Jahr: Professor Dr. J\u00fcrgen Walchsh\u00f6fer aus Dinkelsb\u00fchl, Hans Gs\u00e4nger aus Roth, Hans-Peter Rickinger aus Abensberg, die Rentnergang aus Jettingen-Scheppach, Claus Linke aus Prien am Chiemsee und Eduard Me\u00dfthaler aus Petershausen.<\/p>\n<p>J\u00fcrgen Walchsh\u00f6fer erh\u00e4lt die Auszeichnung unter anderem f\u00fcr sein Engagement f\u00fcr die Qualifizierung im Tourismus und seine Verbandsarbeit insbesondere in Franken.<\/p>\n<p>Hans Gs\u00e4nger engagiert sich seit Jahrzehnten in verschiedensten Rollen ehrenamtlich f\u00fcr die Stadt Roth, so beispielweise als Mitbegr\u00fcnder der Schlosshofspieler oder im &amp;sbquo;Historischen Verein Roth&amp;lsquo;.<\/p>\n<p>Hans-Peter Rickinger ist ein herausragendes Beispiel f\u00fcr gelebten Tourismus und hat sich als Ideengeber wie auch als F\u00f6rderer des lokalen und regionalen Tourismus einen Namen gemacht.<\/p>\n<p>Die &amp;sbquo;Rentnergang hat mit ihrem ehrenamtlichen Einsatz f\u00fcr den 2003 ins Leben gerufenen Torferlebnispfad das Torfstecherhandwerk als bedeutendes Kulturgut der Jettinger Geschichte bewahrt und erlebbar gemacht.<\/p>\n<p>Claus Linke ist seit Jahren engagierter ehrenamtlicher Mitarbeiter der Chiemseeagenda und unter anderem die Seele der Chiemsee-Ringlinie und des Chiemsee Rad- und Wanderweges.<\/p>\n<p>Eduard Me\u00dfthaler k\u00fcmmert sich seit vielen Jahrzehnten um den regionalen und \u00fcberregionalen Rad- und Wandertourismus und bringt sein Wissen regelm\u00e4\u00dfig in lokale Entwicklungskonzepte und -strategien ein.<\/p>\n<p>Quelle:stmwi.bayern.de<\/p>\n","protected":false},"excerpt":{"rendered":"<p>M\u00fcnchen: Verleihung der bayerischen Gastlichkeitsmedaille an ehrenamtliche Unterst\u00fctzer Pschierer: &#8222;Tourismus in Bayern braucht ehrenamtliches Engagement!&#8220; MIm Rahmen der Reise- und Freizeitmesse f.re.e verleiht das Bayerische Wirtschaftsministerium heute an f\u00fcnf Personen und eine Gruppe die Medaille f\u00fcr besondere Verdienste um die bayerische Gastlichkeit Wirtschafts- und Tourismusstaatssekret\u00e4r Pschierer: In kein anderes Bundesland reisen die Menschen so h\u00e4ufig [&hellip;]<\/p>\n","protected":false},"author":7,"featured_media":8235,"comment_status":"closed","ping_status":"open","sticky":false,"template":"","format":"standard","meta":{"footnotes":""},"categories":[78,71],"tags":[178],"class_list":["post-10434","post","type-post","status-publish","format-standard","has-post-thumbnail","hentry","category-bayern","category-menue","tag-tourismus"],"_links":{"self":[{"href":"https:\/\/www.frankensicht.de\/index.php?rest_route=\/wp\/v2\/posts\/10434","targetHints":{"allow":["GET"]}}],"collection":[{"href":"https:\/\/www.frankensicht.de\/index.php?rest_route=\/wp\/v2\/posts"}],"about":[{"href":"https:\/\/www.frankensicht.de\/index.php?rest_route=\/wp\/v2\/types\/post"}],"author":[{"embeddable":true,"href":"https:\/\/www.frankensicht.de\/index.php?rest_route=\/wp\/v2\/users\/7"}],"replies":[{"embeddable":true,"href":"https:\/\/www.frankensicht.de\/index.php?rest_route=%2Fwp%2Fv2%2Fcomments&post=10434"}],"version-history":[{"count":1,"href":"https:\/\/www.frankensicht.de\/index.php?rest_route=\/wp\/v2\/posts\/10434\/revisions"}],"predecessor-version":[{"id":10435,"href":"https:\/\/www.frankensicht.de\/index.php?rest_route=\/wp\/v2\/posts\/10434\/revisions\/10435"}],"wp:featuredmedia":[{"embeddable":true,"href":"https:\/\/www.frankensicht.de\/index.php?rest_route=\/wp\/v2\/media\/8235"}],"wp:attachment":[{"href":"https:\/\/www.frankensicht.de\/index.php?rest_route=%2Fwp%2Fv2%2Fmedia&parent=10434"}],"wp:term":[{"taxonomy":"category","embeddable":true,"href":"https:\/\/www.frankensicht.de\/index.php?rest_route=%2Fwp%2Fv2%2Fcategories&post=10434"},{"taxonomy":"post_tag","embeddable":true,"href":"https:\/\/www.frankensicht.de\/index.php?rest_route=%2Fwp%2Fv2%2Ftags&post=10434"}],"curies":[{"name":"wp","href":"https:\/\/api.w.org\/{rel}","templated":true}]}}