{"id":10431,"date":"2017-02-26T08:38:08","date_gmt":"2017-02-26T07:38:08","guid":{"rendered":"http:\/\/www.frankensicht.de\/?p=10431"},"modified":"2017-02-26T08:38:08","modified_gmt":"2017-02-26T07:38:08","slug":"jugend-trainiert-fuer-olympia-jugend-trainiert-fuer-paralympics","status":"publish","type":"post","link":"https:\/\/www.frankensicht.de\/?p=10431","title":{"rendered":"JUGEND TRAINIERT F\u00dcR OLYMPIA \/ JUGEND TRAINIERT F\u00dcR PARALYMPICS:"},"content":{"rendered":"<p><span style=\"color: #ff0000;\">Nesselwang &#8211; M\u00fcnchen:<\/span><\/p>\n<p>JUGEND TRAINIERT F\u00dcR OLYMPIA \/ JUGEND TRAINIERT F\u00dcR PARALYMPICS: Bayerische Sch\u00fclerinnen und Sch\u00fcler belegen bei Bundesfinale Spitzenpl\u00e4tze<br \/>\nDie Staatssekret\u00e4re Bernd Sibler und Johannes Hintersberger gratulieren bayerischen Siegern zu 2 x Gold, 3 x Silber und 2 x Bronze<\/p>\n<p>Bayerische Schulmannschaften nahmen mit gro\u00dfem Erfolg am diesj\u00e4hrigen Bundesfinale Winter des Wettbewerbs JUGEND TRAINIERT F\u00dcR OLYMPIA und JUGEND TRAINIERT F\u00dcR PARALYMPICS teil. Sie erzielten zwei 1. Pl\u00e4tze, drei 2. Pl\u00e4tze und zwei 3. Pl\u00e4tze. Staatssekret\u00e4r Bernd Sibler freute sich \u00fcber dieses Ergebnis: &#8222;Die Teilnehmerinnen und Teilnehmer haben beachtliche Leistungen gezeigt. Ich gratuliere den Schulmannschaften ganz herzlich zu diesem Erfolg, mit dem sie nicht nur ihre Sportlichkeit, sondern insbesondere auch Zielstrebigkeit, Nervenst\u00e4rke und Teamgeist bewiesen haben!&#8220;<\/p>\n<p><a href=\"https:\/\/www.frankensicht.de\/?attachment_id=7610\" rel=\"attachment wp-att-7610\"><img loading=\"lazy\" decoding=\"async\" class=\"alignnone size-medium wp-image-7610\" src=\"https:\/\/www.frankensicht.de\/wp-content\/uploads\/2014\/09\/bayern-300x180.png\" alt=\"\" width=\"300\" height=\"180\" srcset=\"https:\/\/www.frankensicht.de\/wp-content\/uploads\/2014\/09\/bayern-300x180.png 300w, https:\/\/www.frankensicht.de\/wp-content\/uploads\/2014\/09\/bayern.png 1000w\" sizes=\"auto, (max-width: 300px) 100vw, 300px\" \/><\/a><\/p>\n<p>Staatssekret\u00e4r Johannes Hintersberger \u00fcbergab vor Ort die Siegerurkunden und Medaillen: &#8222;Allen Sch\u00fclerinnen und Sch\u00fclern, die als Team zusammengehalten haben und damit erfolgreich waren, gratuliere ich herzlich. Ein gro\u00dfes Dankesch\u00f6n geht an die Marktgemeinde und den Skiklub Nesselwang. Sehr viele helfende H\u00e4nde haben es hier m\u00f6glich gemacht, dass das Bundesfinale bei allen Witterungswidrigkeiten unter immer noch sehr guten Bedingungen veranstaltet werden konnte.&#8220;<\/p>\n<p>&nbsp;<\/p>\n<p>Die bayerischen Gewinner:<\/p>\n<p>JUGEND TRAINIERT F\u00dcR OLYMPIA:<\/p>\n<p>Ski alpin M\u00e4dchen Wettkampfklasse IV<\/p>\n<p>1. Platz: St. Irmengard-Realschule Garmisch-Partenkirchen<\/p>\n<p>3. Platz: Gertrud-von-le-Fort-Gymnasium Oberstdorf<\/p>\n<p>3. Platz: Gymnasium Hohenschwangau<\/p>\n<p>&nbsp;<\/p>\n<p>Ski alpin Jungen Wettkampfklasse IV<\/p>\n<p>1. Platz: Werdenfels-Gymnasium Garmisch-Partenkirchen<\/p>\n<p>2. Platz: Sebastian-Finsterwalder-Gymnasium Rosenheim<\/p>\n<p>&nbsp;<\/p>\n<p>Skilanglauf M\u00e4dchen Wettkampfklasse III<\/p>\n<p>2. Platz: Gertrud-von-le-Fort-Gymnasium Oberstdorf<\/p>\n<p>&nbsp;<\/p>\n<p>JUGEND TRAINIERT F\u00dcR PARALYMPICS:<\/p>\n<p>Skilanglauf (F\u00f6rderschwerpunkt geistige Entwicklung):<\/p>\n<p>2. Platz: Franziskus-von-Assisi-Schule Au am Inn<\/p>\n<p>&nbsp;<\/p>\n<p>Das Winterfinale des Bundeswettbewerbs der Schulen JUGEND TRAINIERT F\u00dcR OLYMPIA und JUGEND TRAINIERT F\u00dcR PARALYMPICS wurde in diesem Jahr vom Bayerischen Bildungsministerium zusammen mit seinen Kooperationspartnern, der Marktgemeinde Nesselwang und dem Skiklub Nesselwang, ausgerichtet. Bereits 2015 fanden die Wettbewerbe von JUGEND TRAINIERT F\u00dcR OLYMPIA und JUGEND TRAINIERT F\u00dcR PARALYMPICS im Sinne der Inklusion gemeinsam in Bayern statt.<\/p>\n<p>&nbsp;<\/p>\n<p>Weitere Informationen finden Sie unter: www.jtfo.de, www.jtfp.de<br \/>\nFotos von der Veranstaltung k\u00f6nnen Sie unter www.jtfo.de und ab 24.02.2017 bei der Bayerischen Landesstelle f\u00fcr den Schulsport abrufen (alexandra.dreher@laspo.de).<\/p>\n<p>Quelle: stmbw.bayern.de<\/p>\n","protected":false},"excerpt":{"rendered":"<p>Nesselwang &#8211; M\u00fcnchen: JUGEND TRAINIERT F\u00dcR OLYMPIA \/ JUGEND TRAINIERT F\u00dcR PARALYMPICS: Bayerische Sch\u00fclerinnen und Sch\u00fcler belegen bei Bundesfinale Spitzenpl\u00e4tze Die Staatssekret\u00e4re Bernd Sibler und Johannes Hintersberger gratulieren bayerischen Siegern zu 2 x Gold, 3 x Silber und 2 x Bronze Bayerische Schulmannschaften nahmen mit gro\u00dfem Erfolg am diesj\u00e4hrigen Bundesfinale Winter des Wettbewerbs JUGEND TRAINIERT [&hellip;]<\/p>\n","protected":false},"author":7,"featured_media":7610,"comment_status":"closed","ping_status":"open","sticky":false,"template":"","format":"standard","meta":{"footnotes":""},"categories":[78,71],"tags":[2190],"class_list":["post-10431","post","type-post","status-publish","format-standard","has-post-thumbnail","hentry","category-bayern","category-menue","tag-olympia"],"_links":{"self":[{"href":"https:\/\/www.frankensicht.de\/index.php?rest_route=\/wp\/v2\/posts\/10431","targetHints":{"allow":["GET"]}}],"collection":[{"href":"https:\/\/www.frankensicht.de\/index.php?rest_route=\/wp\/v2\/posts"}],"about":[{"href":"https:\/\/www.frankensicht.de\/index.php?rest_route=\/wp\/v2\/types\/post"}],"author":[{"embeddable":true,"href":"https:\/\/www.frankensicht.de\/index.php?rest_route=\/wp\/v2\/users\/7"}],"replies":[{"embeddable":true,"href":"https:\/\/www.frankensicht.de\/index.php?rest_route=%2Fwp%2Fv2%2Fcomments&post=10431"}],"version-history":[{"count":3,"href":"https:\/\/www.frankensicht.de\/index.php?rest_route=\/wp\/v2\/posts\/10431\/revisions"}],"predecessor-version":[{"id":10436,"href":"https:\/\/www.frankensicht.de\/index.php?rest_route=\/wp\/v2\/posts\/10431\/revisions\/10436"}],"wp:featuredmedia":[{"embeddable":true,"href":"https:\/\/www.frankensicht.de\/index.php?rest_route=\/wp\/v2\/media\/7610"}],"wp:attachment":[{"href":"https:\/\/www.frankensicht.de\/index.php?rest_route=%2Fwp%2Fv2%2Fmedia&parent=10431"}],"wp:term":[{"taxonomy":"category","embeddable":true,"href":"https:\/\/www.frankensicht.de\/index.php?rest_route=%2Fwp%2Fv2%2Fcategories&post=10431"},{"taxonomy":"post_tag","embeddable":true,"href":"https:\/\/www.frankensicht.de\/index.php?rest_route=%2Fwp%2Fv2%2Ftags&post=10431"}],"curies":[{"name":"wp","href":"https:\/\/api.w.org\/{rel}","templated":true}]}}