{"id":10422,"date":"2017-02-22T08:24:08","date_gmt":"2017-02-22T07:24:08","guid":{"rendered":"http:\/\/www.frankensicht.de\/?p=10422"},"modified":"2017-02-22T08:24:08","modified_gmt":"2017-02-22T07:24:08","slug":"kernkraftwerk-gundremmingen-soll-gruene-wiese-werden","status":"publish","type":"post","link":"https:\/\/www.frankensicht.de\/?p=10422","title":{"rendered":"Kernkraftwerk Gundremmingen soll gr\u00fcne Wiese werden"},"content":{"rendered":"<p><span style=\"color: #ff0000;\">M\u00fcnchen:<\/span><\/p>\n<p>Scharf: Kernkraftwerk Gundremmingen soll gr\u00fcne Wiese werden<br \/>\nEr\u00f6rterungstermin f\u00fcr Verfahren zum Abbau am 28. M\u00e4rz 2017<\/p>\n<p>Im Verfahren zum Abbau des Kernkraftwerks Gundremmingen findet ab 28. M\u00e4rz 2017 ein Er\u00f6rterungstermin in Gundremmingen statt. Nach der eingehenden Er\u00f6rterung der Einwendungen und intensiver beh\u00f6rdlicher und gutachterlicher Pr\u00fcfung des Abbauantrags wird entschieden, unter welchen Voraussetzungen dem Antrag entsprochen werden kann. Am Genehmigungsverfahren ist auch das Bundesumweltministerium beteiligt. Wird die beantragte Genehmigung erteilt, kann das Kernkraftwerk z\u00fcgig abgebaut werden. Das bekr\u00e4ftigte die Bayerische Umweltministerin Ulrike Scharf anl\u00e4sslich des jetzt festgelegten Er\u00f6rterungstermins. &#8222;Der anstehende Er\u00f6rterungstermin ist ein wichtiges Element, um im gesamten Verfahren f\u00fcr Transparenz zu sorgen. In Gundremmingen soll wieder eine gr\u00fcne Wiese entstehen. Der Abbau wird von den Aufsichtsbeh\u00f6rden genauso intensiv und sorgf\u00e4ltig beaufsichtigt wie der laufende Betrieb. Die Sicherheit von Mensch und Umwelt steht an erster Stelle&#8220;, so Scharf. Der Ausstieg aus der Kernenergie und die Umstellung auf Erneuerbare Energien geh\u00f6ren zu den gr\u00f6\u00dften anstehenden umwelt- und energiepolitischen Aufgaben.<\/p>\n<p><a href=\"https:\/\/www.frankensicht.de\/?attachment_id=5657\" rel=\"attachment wp-att-5657\"><img loading=\"lazy\" decoding=\"async\" class=\"alignnone size-medium wp-image-5657\" src=\"https:\/\/www.frankensicht.de\/wp-content\/uploads\/2013\/05\/P1000968-300x225.jpg\" alt=\"\" width=\"300\" height=\"225\" srcset=\"https:\/\/www.frankensicht.de\/wp-content\/uploads\/2013\/05\/P1000968-300x225.jpg 300w, https:\/\/www.frankensicht.de\/wp-content\/uploads\/2013\/05\/P1000968.jpg 640w\" sizes=\"auto, (max-width: 300px) 100vw, 300px\" \/><\/a><\/p>\n<p>Der Er\u00f6rterungstermin findet am 28. M\u00e4rz 2017 ab 10 Uhr und gegebenenfalls an den Folgetagen im Auwald-Sportzentrum der Gemeinde Gundremmingen statt. Am Termin k\u00f6nnen alle Personen teilnehmen, die fristgerecht Einwendungen erhoben haben. Insgesamt haben gut 150 Personen Einwendungen erhoben. Sp\u00e4testens am 31. Dezember 2017 wird Block B des Kernkraftwerks Gundremmingen seinen Leistungsbetrieb beenden. Die \u00f6ffentliche Auslegung der Unterlagen zum Genehmigungsverfahren des Abbaus erfolgte bis einschlie\u00dflich 23. Dezember 2016.<\/p>\n<p>Die aufsichtliche \u00dcberwachung der Strahlenschutzma\u00dfnahmen beim Abbau des Kernkraftwerks \u00fcbernimmt das Kompetenzzentrum Strahlenschutz des Landesamts f\u00fcr Umwelt. Das Kompetenzzentrum wird die Strahlenschutzma\u00dfnahmen mit engmaschigen Kontrollen vor Ort und im Labor begleiten. Die aus der \u00dcberwachung des Leistungsbetriebs vorhandenen und bew\u00e4hrten Konzepte werden auch beim Abbau eingesetzt. Ein Schwerpunkt liegt in der \u00dcberwachung des Freigabeverfahrens: Alle Anlagenteile, die abgebaut werden, m\u00fcssen entweder freigemessen und freigegeben oder sicher entsorgt werden.<\/p>\n<p>Weitere Informationen zum R\u00fcckbau und zum Er\u00f6rterungstermin unter http:\/\/www.stmuv.bayern.de\/themen\/reaktorsicherheit\/index.htm<\/p>\n<p>Quelle: stmuv.bayern.de<\/p>\n","protected":false},"excerpt":{"rendered":"<p>M\u00fcnchen: Scharf: Kernkraftwerk Gundremmingen soll gr\u00fcne Wiese werden Er\u00f6rterungstermin f\u00fcr Verfahren zum Abbau am 28. M\u00e4rz 2017 Im Verfahren zum Abbau des Kernkraftwerks Gundremmingen findet ab 28. M\u00e4rz 2017 ein Er\u00f6rterungstermin in Gundremmingen statt. Nach der eingehenden Er\u00f6rterung der Einwendungen und intensiver beh\u00f6rdlicher und gutachterlicher Pr\u00fcfung des Abbauantrags wird entschieden, unter welchen Voraussetzungen dem Antrag [&hellip;]<\/p>\n","protected":false},"author":7,"featured_media":5657,"comment_status":"closed","ping_status":"open","sticky":false,"template":"","format":"standard","meta":{"footnotes":""},"categories":[78,71],"tags":[2186,2187],"class_list":["post-10422","post","type-post","status-publish","format-standard","has-post-thumbnail","hentry","category-bayern","category-menue","tag-kernkraftwerk","tag-rueckbau"],"_links":{"self":[{"href":"https:\/\/www.frankensicht.de\/index.php?rest_route=\/wp\/v2\/posts\/10422","targetHints":{"allow":["GET"]}}],"collection":[{"href":"https:\/\/www.frankensicht.de\/index.php?rest_route=\/wp\/v2\/posts"}],"about":[{"href":"https:\/\/www.frankensicht.de\/index.php?rest_route=\/wp\/v2\/types\/post"}],"author":[{"embeddable":true,"href":"https:\/\/www.frankensicht.de\/index.php?rest_route=\/wp\/v2\/users\/7"}],"replies":[{"embeddable":true,"href":"https:\/\/www.frankensicht.de\/index.php?rest_route=%2Fwp%2Fv2%2Fcomments&post=10422"}],"version-history":[{"count":3,"href":"https:\/\/www.frankensicht.de\/index.php?rest_route=\/wp\/v2\/posts\/10422\/revisions"}],"predecessor-version":[{"id":10425,"href":"https:\/\/www.frankensicht.de\/index.php?rest_route=\/wp\/v2\/posts\/10422\/revisions\/10425"}],"wp:featuredmedia":[{"embeddable":true,"href":"https:\/\/www.frankensicht.de\/index.php?rest_route=\/wp\/v2\/media\/5657"}],"wp:attachment":[{"href":"https:\/\/www.frankensicht.de\/index.php?rest_route=%2Fwp%2Fv2%2Fmedia&parent=10422"}],"wp:term":[{"taxonomy":"category","embeddable":true,"href":"https:\/\/www.frankensicht.de\/index.php?rest_route=%2Fwp%2Fv2%2Fcategories&post=10422"},{"taxonomy":"post_tag","embeddable":true,"href":"https:\/\/www.frankensicht.de\/index.php?rest_route=%2Fwp%2Fv2%2Ftags&post=10422"}],"curies":[{"name":"wp","href":"https:\/\/api.w.org\/{rel}","templated":true}]}}