{"id":10420,"date":"2017-02-21T08:13:12","date_gmt":"2017-02-21T07:13:12","guid":{"rendered":"http:\/\/www.frankensicht.de\/?p=10420"},"modified":"2017-02-21T08:13:12","modified_gmt":"2017-02-21T07:13:12","slug":"schuelerwettbewerb-zur-politischen-bildung","status":"publish","type":"post","link":"https:\/\/www.frankensicht.de\/?p=10420","title":{"rendered":"Sch\u00fclerwettbewerb zur politischen Bildung:"},"content":{"rendered":"<p><span style=\"color: #ff0000;\">M\u00fcnchen:<\/span><\/p>\n<p>Sch\u00fclerwettbewerb zur politischen Bildung: F\u00fcnf von dreizehn Hauptpreisen gehen nach Bayern &#8211; Bildungsminister Dr. Spaenle: &#8222;Junge Menschen in Bayern setzen sich mit gro\u00dfem Interesse und Engagement mit politischen Themen auseinander.&#8220;<br \/>\nF\u00fcnf der bundesweit 13 Siegerteams im Sch\u00fclerwettbewerb zur politischen Bildung 2016 kommen aus dem Freistaat Bayern. Die bayerischen Preistr\u00e4gerklassen haben die Bundesjury mit kreativ gestalteten und informativen Beitr\u00e4gen \u00fcberzeugt &#8211; mit einer professionell gestalteten Sch\u00fclerzeitung \u00fcber das Leben junger Fl\u00fcchtlinge in N\u00fcrnberg, einem h\u00f6renswerten Radiofeature \u00fcber die Folgen von hohem Fleischkonsum, einem E-Book zur digitalen Mediennutzung, einer bebilderten Dokumentation zur Frage, wie der Islam und Europa zusammenpassen, und einem Brettspiel \u00fcber das Leben Martin Luthers. Zwei dritte Preise, ein vierter Preis und zahlreiche weitere Geld- und Sachpreise erg\u00e4nzen die engagierten Leistungen der bayerischen Klassen.<\/p>\n<p><a href=\"https:\/\/www.frankensicht.de\/?attachment_id=2831\" rel=\"attachment wp-att-2831\"><img loading=\"lazy\" decoding=\"async\" class=\"alignnone size-medium wp-image-2831\" src=\"https:\/\/www.frankensicht.de\/wp-content\/uploads\/2012\/06\/schule-300x187.jpg\" alt=\"\" width=\"300\" height=\"187\" srcset=\"https:\/\/www.frankensicht.de\/wp-content\/uploads\/2012\/06\/schule-300x187.jpg 300w, https:\/\/www.frankensicht.de\/wp-content\/uploads\/2012\/06\/schule.jpg 640w\" sizes=\"auto, (max-width: 300px) 100vw, 300px\" \/><\/a><\/p>\n<p>Bildungsminister Dr. Ludwig Spaenle gratulierte: &#8222;Es freut mich sehr, dass sich junge Menschen in Bayern so zahlreich und mit gro\u00dfem Interesse und Engagement mit vielf\u00e4ltigen politischen Themen besch\u00e4ftigen. Schule und Unterricht haben hier wichtige Grundlagen und Motivation zur weiteren pers\u00f6nlichen und tiefgr\u00fcndigen Auseinandersetzung mit politischen Themen gelegt. Das deutschlandweit herausragende Abschneiden bayerischer Klassen aus verschiedenen Schularten im Sch\u00fclerwettbewerb zur politischen Bildung w\u00fcrdigt den besonderen Einsatz der Sch\u00fcler und Lehrkr\u00e4fte deutlich. Ich danke allen Beteiligten und begl\u00fcckw\u00fcnsche sie zu diesem gro\u00dfen Erfolg.&#8220;<\/p>\n<p>&nbsp;<\/p>\n<p>F\u00fcnf erste Pl\u00e4tze, zwei dritte Pl\u00e4tze, ein vierter Platz f\u00fcr bayerische Sch\u00fcler<\/p>\n<p>&nbsp;<\/p>\n<p>Erste Pl\u00e4tze:<\/p>\n<p>&#8211; Mittelschule Garching a.d. Alz, Klasse 7M<\/p>\n<p>&#8211; Carl-Steinmeier-Mittelschule Hohenbrunn, Radio-AG<\/p>\n<p>&#8211; Mittelschule N\u00fcrnberg, Hummelsteiner Weg, Klasse 7\u00dcb<\/p>\n<p>&#8211; Therese-Giehse-Realschule, Staatl. Realschule Unterschlei\u00dfheim, Klasse 10aIT<\/p>\n<p>&#8211; Helene-Lange-Gymnasium F\u00fcrth, Klasse 10c<\/p>\n<p>&nbsp;<\/p>\n<p>Dritte Pl\u00e4tze:<\/p>\n<p>&#8211; Jakob-Wassermann-Schule, Sonderp\u00e4dagogisches F\u00f6rderzentrum F\u00fcrth-S\u00fcd, Klasse 6a<\/p>\n<p>&#8211; Max-Grundig-Schule, Staatliche Fach- und Berufsoberschule F\u00fcrth, Klasse 12Wa<\/p>\n<p>&nbsp;<\/p>\n<p>Vierter Platz:<\/p>\n<p>&#8211; Sonderp\u00e4dagogisches F\u00f6rderzentrum Rosenheim, Klasse 9<\/p>\n<p>&nbsp;<\/p>\n<p>56 weitere Klassen der Jahrgangsstufen 4 bis 12 aus allen Regierungsbezirken k\u00f6nnen sich \u00fcber einen Geld- oder Sachpreis freuen.<\/p>\n<p>&nbsp;<\/p>\n<p>Der Sch\u00fclerwettbewerb zur politischen Bildung<\/p>\n<p>Der Sch\u00fclerwettbewerb zur politischen Bildung wird j\u00e4hrlich von der Bundeszentrale f\u00fcr politische Bildung ausgeschrieben. Schirmherr der Wettbewerbsrunde 2016 war Bundespr\u00e4sident Joachim Gauck. Sch\u00fclerinnen und Sch\u00fcler aller Schularten konnten als Team in den zwei Alterskategorien 4. bis 7.Jahrgangsstufe und 8 bis 11. Jahrgangsstufe teilnehmen. Im Wettbewerbsjahr 2016 hatten insgesamt rund 2.800 Lerngruppen aus deutschsprachigen L\u00e4ndern und den deutschen Auslandsschulen teilgenommen. Allen Siegerklassen wurde der Hauptpreis, eine f\u00fcnft\u00e4gige Klassenfahrt, vom Leiter des Wettbewerbs pers\u00f6nlich \u00fcberreicht.<\/p>\n<p>&nbsp;<\/p>\n<p>Weitere Informationen und Bildmaterial unter: www.schuelerwettbewerb.de<\/p>\n<p>Quelle:stmbw.bayern.de<\/p>\n","protected":false},"excerpt":{"rendered":"<p>M\u00fcnchen: Sch\u00fclerwettbewerb zur politischen Bildung: F\u00fcnf von dreizehn Hauptpreisen gehen nach Bayern &#8211; Bildungsminister Dr. Spaenle: &#8222;Junge Menschen in Bayern setzen sich mit gro\u00dfem Interesse und Engagement mit politischen Themen auseinander.&#8220; F\u00fcnf der bundesweit 13 Siegerteams im Sch\u00fclerwettbewerb zur politischen Bildung 2016 kommen aus dem Freistaat Bayern. Die bayerischen Preistr\u00e4gerklassen haben die Bundesjury mit kreativ [&hellip;]<\/p>\n","protected":false},"author":7,"featured_media":2831,"comment_status":"closed","ping_status":"open","sticky":false,"template":"","format":"standard","meta":{"footnotes":""},"categories":[78,71],"tags":[1610],"class_list":["post-10420","post","type-post","status-publish","format-standard","has-post-thumbnail","hentry","category-bayern","category-menue","tag-schuelerwettbewerb"],"_links":{"self":[{"href":"https:\/\/www.frankensicht.de\/index.php?rest_route=\/wp\/v2\/posts\/10420","targetHints":{"allow":["GET"]}}],"collection":[{"href":"https:\/\/www.frankensicht.de\/index.php?rest_route=\/wp\/v2\/posts"}],"about":[{"href":"https:\/\/www.frankensicht.de\/index.php?rest_route=\/wp\/v2\/types\/post"}],"author":[{"embeddable":true,"href":"https:\/\/www.frankensicht.de\/index.php?rest_route=\/wp\/v2\/users\/7"}],"replies":[{"embeddable":true,"href":"https:\/\/www.frankensicht.de\/index.php?rest_route=%2Fwp%2Fv2%2Fcomments&post=10420"}],"version-history":[{"count":1,"href":"https:\/\/www.frankensicht.de\/index.php?rest_route=\/wp\/v2\/posts\/10420\/revisions"}],"predecessor-version":[{"id":10421,"href":"https:\/\/www.frankensicht.de\/index.php?rest_route=\/wp\/v2\/posts\/10420\/revisions\/10421"}],"wp:featuredmedia":[{"embeddable":true,"href":"https:\/\/www.frankensicht.de\/index.php?rest_route=\/wp\/v2\/media\/2831"}],"wp:attachment":[{"href":"https:\/\/www.frankensicht.de\/index.php?rest_route=%2Fwp%2Fv2%2Fmedia&parent=10420"}],"wp:term":[{"taxonomy":"category","embeddable":true,"href":"https:\/\/www.frankensicht.de\/index.php?rest_route=%2Fwp%2Fv2%2Fcategories&post=10420"},{"taxonomy":"post_tag","embeddable":true,"href":"https:\/\/www.frankensicht.de\/index.php?rest_route=%2Fwp%2Fv2%2Ftags&post=10420"}],"curies":[{"name":"wp","href":"https:\/\/api.w.org\/{rel}","templated":true}]}}