{"id":10416,"date":"2017-02-18T08:21:32","date_gmt":"2017-02-18T07:21:32","guid":{"rendered":"http:\/\/www.frankensicht.de\/?p=10416"},"modified":"2017-02-18T08:21:32","modified_gmt":"2017-02-18T07:21:32","slug":"abfallverwertung-ist-klimaschutz","status":"publish","type":"post","link":"https:\/\/www.frankensicht.de\/?p=10416","title":{"rendered":"Abfallverwertung ist Klimaschutz"},"content":{"rendered":"<p><span style=\"color: #ff0000;\">Berlin:<\/span><\/p>\n<p>Scharf: Abfallverwertung ist Klimaschutz<br \/>\n3 Millionen Euro f\u00fcr Ressourceneffizienzprojekt ForCYCLE<\/p>\n<p>Ein verantwortungsbewusster Umgang mit wertvollen Rohstoffen ist eine der gr\u00f6\u00dften Herausforderungen unserer Zeit. Das betonte die Bayerische Umweltministerin Ulrike Scharf heute zum Abschluss des Projektverbundes &#8222;ForCYCLE &amp;ndash; Rohstoffwende Bayern&#8220;. &#8222;Der Abfall des einen ist der Rohstoff des anderen. Ressourceneffizienz ist eine Chance f\u00fcr Wirtschaft und Umweltschutz. Der Abschluss unseres Forschungsprojekts ForCYCLE ist ein weiterer Meilenstein auf dem Weg zu einer Rohstoffwende in Bayern. ForCYCLE schl\u00e4gt eine Br\u00fccke zwischen Wissenschaft, Wirtschaft und Umwelt. Mit Erfolg: Mit dem Forschungsverbund haben wir eine strategische Plattform f\u00fcr Ressourceneffizienz eingerichtet, die wir auch k\u00fcnftig weiterf\u00fchren wollen&#8220;, so Scharf. Um die nat\u00fcrlichen Ressourcen effizienter und umweltfreundlicher zu nutzen wurde 2014 der Projektverbund &#8222;ForCYCLE &amp;ndash; Rohstoffwende Bayern&#8220; gestartet. In zehn verschiedenen Projekten wurden in einem Zeitraum von drei Jahren Verfahren und Technologien f\u00fcr das Recycling von Metallen, Kompositwerkstoffen, Baustoffen sowie biogenen Polymeren und Wertstoffen entwickelt. Dabei verfolgt der Projektverbund einen Ansatz, bei dem Verfahren und Technologien gemeinsam mit Partnern aus der Wirtschaft entwickelt werden. Daf\u00fcr wurden vom Umweltministerium rund drei Millionen Euro bereitgestellt. Im aktuellen Umweltpakt wurde zudem eine Neuauflage des erfolgreichen Projektverbundes beschlossen.<\/p>\n<p><a href=\"https:\/\/www.frankensicht.de\/?attachment_id=2850\" rel=\"attachment wp-att-2850\"><img loading=\"lazy\" decoding=\"async\" class=\"alignnone size-medium wp-image-2850\" src=\"https:\/\/www.frankensicht.de\/wp-content\/uploads\/2012\/06\/altpapier-300x225.jpg\" alt=\"\" width=\"300\" height=\"225\" srcset=\"https:\/\/www.frankensicht.de\/wp-content\/uploads\/2012\/06\/altpapier-300x225.jpg 300w, https:\/\/www.frankensicht.de\/wp-content\/uploads\/2012\/06\/altpapier.jpg 640w\" sizes=\"auto, (max-width: 300px) 100vw, 300px\" \/><\/a><\/p>\n<p>Der Fokus im Projektverbund ForCYCLE lag auf einer anwendungsorientierten Forschung. So wurden beispielsweise Verfahren zur Aufbereitung von Gl\u00e4sern entwickelt. In Zusammenarbeit mit einem Bayerischen Beh\u00e4lterglashersteller konnten selektiv Wertmetalle abgetrennt und r\u00fcckgewonnen werden, um auf diese Weise hochwertige Gl\u00e4ser f\u00fcr die Industrie zu generieren. In einem weiteren Projekt wurden alternative, umweltschonende Verfahren zum Recycling von Carbonfasern entwickelt.<\/p>\n<p>Die im Projektverbund erzielten Ergebnisse stellen die Grundlage f\u00fcr die Weiterentwicklung der Bayerischen Ressourcenstrategie dar. Im Rahmen dieser Ressourcenstrategie wurden vier Handlungsfelder definiert, die dabei helfen sollen, das Ziel der Entkopplung des Ressourcen- und Rohstoffverbrauchs vom Wirtschaftswachstum, zu realisieren: Ressourceneffizienz in der Wirtschaft, Ressourcenpolitik, Forschung und Entwicklung zum Ressourcenschutz und Bildung und Bewusstsein f\u00fcr die Ressourcenschonung. F\u00fcr die Ressourceneffizienz in der Wirtschaft setzt sich das Ressourceneffizienz-Zentrum Bayern im Landesamt f\u00fcr Umwelt in Zusammenarbeit mit dem Bayerischen Industrie- und Handelskammertag ein.<\/p>\n<p>Quelle: stmuv.bayern.de<\/p>\n<p>&nbsp;<\/p>\n","protected":false},"excerpt":{"rendered":"<p>Berlin: Scharf: Abfallverwertung ist Klimaschutz 3 Millionen Euro f\u00fcr Ressourceneffizienzprojekt ForCYCLE Ein verantwortungsbewusster Umgang mit wertvollen Rohstoffen ist eine der gr\u00f6\u00dften Herausforderungen unserer Zeit. Das betonte die Bayerische Umweltministerin Ulrike Scharf heute zum Abschluss des Projektverbundes &#8222;ForCYCLE &amp;ndash; Rohstoffwende Bayern&#8220;. &#8222;Der Abfall des einen ist der Rohstoff des anderen. Ressourceneffizienz ist eine Chance f\u00fcr Wirtschaft [&hellip;]<\/p>\n","protected":false},"author":7,"featured_media":2850,"comment_status":"closed","ping_status":"open","sticky":false,"template":"","format":"standard","meta":{"footnotes":""},"categories":[44,3],"tags":[746],"class_list":["post-10416","post","type-post","status-publish","format-standard","has-post-thumbnail","hentry","category-deutschland-2","category-news","tag-rohstoffe"],"_links":{"self":[{"href":"https:\/\/www.frankensicht.de\/index.php?rest_route=\/wp\/v2\/posts\/10416","targetHints":{"allow":["GET"]}}],"collection":[{"href":"https:\/\/www.frankensicht.de\/index.php?rest_route=\/wp\/v2\/posts"}],"about":[{"href":"https:\/\/www.frankensicht.de\/index.php?rest_route=\/wp\/v2\/types\/post"}],"author":[{"embeddable":true,"href":"https:\/\/www.frankensicht.de\/index.php?rest_route=\/wp\/v2\/users\/7"}],"replies":[{"embeddable":true,"href":"https:\/\/www.frankensicht.de\/index.php?rest_route=%2Fwp%2Fv2%2Fcomments&post=10416"}],"version-history":[{"count":1,"href":"https:\/\/www.frankensicht.de\/index.php?rest_route=\/wp\/v2\/posts\/10416\/revisions"}],"predecessor-version":[{"id":10417,"href":"https:\/\/www.frankensicht.de\/index.php?rest_route=\/wp\/v2\/posts\/10416\/revisions\/10417"}],"wp:featuredmedia":[{"embeddable":true,"href":"https:\/\/www.frankensicht.de\/index.php?rest_route=\/wp\/v2\/media\/2850"}],"wp:attachment":[{"href":"https:\/\/www.frankensicht.de\/index.php?rest_route=%2Fwp%2Fv2%2Fmedia&parent=10416"}],"wp:term":[{"taxonomy":"category","embeddable":true,"href":"https:\/\/www.frankensicht.de\/index.php?rest_route=%2Fwp%2Fv2%2Fcategories&post=10416"},{"taxonomy":"post_tag","embeddable":true,"href":"https:\/\/www.frankensicht.de\/index.php?rest_route=%2Fwp%2Fv2%2Ftags&post=10416"}],"curies":[{"name":"wp","href":"https:\/\/api.w.org\/{rel}","templated":true}]}}