{"id":10407,"date":"2017-02-16T08:28:11","date_gmt":"2017-02-16T07:28:11","guid":{"rendered":"http:\/\/www.frankensicht.de\/?p=10407"},"modified":"2017-02-24T08:42:17","modified_gmt":"2017-02-24T07:42:17","slug":"vor%c2%adstel%c2%adlung-der-son%c2%adder%c2%adbrief%c2%admar%c2%adke-schloss-lud%c2%adwigs%c2%adburg-in-der-se%c2%adrie-bur%c2%adgen-und-schloes%c2%adser","status":"publish","type":"post","link":"https:\/\/www.frankensicht.de\/?p=10407","title":{"rendered":"Vor\u00adstel\u00adlung der Son\u00adder\u00adbrief\u00admar\u00adke \u201eSchloss Lud\u00adwigs\u00adburg\u201c in der Se\u00adrie \u201eBur\u00adgen und Schl\u00f6s\u00adser\u201c"},"content":{"rendered":"<p><span style=\"color: #ff0000;\">Berlin:<\/span><\/p>\n<p>Briefmarken und Sammlerm\u00fcnzen<\/p>\n<h1>Vor\u00adstel\u00adlung der Son\u00adder\u00adbrief\u00admar\u00adke \u201eSchloss Lud\u00adwigs\u00adburg\u201c in der\u00a0Se\u00adrie \u201eBur\u00adgen und Schl\u00f6s\u00adser\u201c<\/h1>\n<p>Das <strong>Bundesministerium der Finanzen<\/strong> gibt im <strong>Februar 2017<\/strong> das Sonderpostwertzeichen\u00a0\u201eSchloss Ludwigsburg\u201c in der Serie \u201eBurgen und Schl\u00f6sser\u201c heraus.<\/p>\n<p><a href=\"https:\/\/www.frankensicht.de\/?attachment_id=10408\" rel=\"attachment wp-att-10408\"><img loading=\"lazy\" decoding=\"async\" class=\"alignnone size-medium wp-image-10408\" src=\"https:\/\/www.frankensicht.de\/wp-content\/uploads\/2017\/02\/2017-02-13-pm06-bild.jpgjsessionidB2798397F0A92310ED4E90243CEA01D7-300x183.jpeg\" alt=\"\" width=\"300\" height=\"183\" srcset=\"https:\/\/www.frankensicht.de\/wp-content\/uploads\/2017\/02\/2017-02-13-pm06-bild.jpgjsessionidB2798397F0A92310ED4E90243CEA01D7-300x183.jpeg 300w, https:\/\/www.frankensicht.de\/wp-content\/uploads\/2017\/02\/2017-02-13-pm06-bild.jpgjsessionidB2798397F0A92310ED4E90243CEA01D7-768x469.jpeg 768w, https:\/\/www.frankensicht.de\/wp-content\/uploads\/2017\/02\/2017-02-13-pm06-bild.jpgjsessionidB2798397F0A92310ED4E90243CEA01D7.jpeg 808w\" sizes=\"auto, (max-width: 300px) 100vw, 300px\" \/><\/a><\/p>\n<ul>\n<li>Nummer 6<\/li>\n<\/ul>\n<p>Der Staatssekret\u00e4r im Bundesministerium der Finanzen, <strong>Werner Gatzer<\/strong>, stellt die Briefmarke am kommenden Mittwoch in Ludwigsburg vor. Die Pr\u00e4sentation findet <strong>am 15. Februar 2017 um 11.00 Uhr im Marmorsaal des Residenzschlosses Ludwigsburg, Schlossstra\u00dfe 30, 71634 Ludwigsburg<\/strong> statt.<\/p>\n<p><em>\u201eSchloss Ludwigsburg z\u00e4hlt zu den gro\u00dfen erhaltenen Schlossanlagen des Barock in Deutschland. Herzog Eberhard Ludwig von W\u00fcrttemberg verband damit einen k\u00f6niglichen Anspruch und lie\u00df sie unter Verlagerung der Residenz von Stuttgart nach Ludwigsburg ab 1704 errichten. Die Baumeister Johann Friedrich Nette und Donato Giuseppe Frisoni schufen bis 1733 eine dreiseitige Anlage mit Wohn- und Repr\u00e4sentationsr\u00e4umen, erg\u00e4nzt um zwei Kapellen. Au\u00dferdem entstanden Bauten f\u00fcr das h\u00f6fische Vergn\u00fcgen: Der Festinbau nimmt einen zweigeschossigen Festsaal auf, im Hoftheater findet bis heute die\u00a0historische Kulissentechnik ihren Einsatz. Schlie\u00dflich wurde aufgrund der gewachsenen Repr\u00e4sentationsbed\u00fcrfnisse auch die vierte Seite des Hofes mit einem Prachtbau geschlossen, in dem Raumkunstwerke des Barock, aber auch des Klassizismus und Empire \u00fcberzeugen. S\u00fcdlich davon erstreckt sich der mit formenreichen Zierparterres gestaltete Schlossgarten, der heute als ,Bl\u00fchendes Barock\u2018 bekannt ist. Parallel zum Schlossbau entstanden auch die planvoll angelegte Residenzstadt, das Jagdschloss Favorite und schlie\u00dflich das Seeschloss Monrepos.\u201c<\/em><br \/>\n<em>(Text:\u00a0Stiftung Th\u00fcringer Schl\u00f6sser und G\u00e4rten, Rudolstadt)<\/em><\/p>\n<p>Das Sonderpostwertzeichen wurde von der Grafikerin Nicole Elsenbach aus H\u00fcckeswagen gestaltet; es hat einen Wert von 70 Cent und ist seit dem <strong>9.<\/strong><em>\u00a0<\/em><strong>Februar 2017<\/strong> in den\u00a0Verkaufsstellen der Deutschen Post AG erh\u00e4ltlich.<\/p>\n<p>Quelle; bundesfinanzministerium.de<\/p>\n","protected":false},"excerpt":{"rendered":"<p>Berlin: Briefmarken und Sammlerm\u00fcnzen Vor\u00adstel\u00adlung der Son\u00adder\u00adbrief\u00admar\u00adke \u201eSchloss Lud\u00adwigs\u00adburg\u201c in der\u00a0Se\u00adrie \u201eBur\u00adgen und Schl\u00f6s\u00adser\u201c Das Bundesministerium der Finanzen gibt im Februar 2017 das Sonderpostwertzeichen\u00a0\u201eSchloss Ludwigsburg\u201c in der Serie \u201eBurgen und Schl\u00f6sser\u201c heraus. Nummer 6 Der Staatssekret\u00e4r im Bundesministerium der Finanzen, Werner Gatzer, stellt die Briefmarke am kommenden Mittwoch in Ludwigsburg vor. Die Pr\u00e4sentation findet am [&hellip;]<\/p>\n","protected":false},"author":7,"featured_media":10408,"comment_status":"open","ping_status":"open","sticky":false,"template":"","format":"standard","meta":{"footnotes":""},"categories":[44,3],"tags":[2182],"class_list":["post-10407","post","type-post","status-publish","format-standard","has-post-thumbnail","hentry","category-deutschland-2","category-news","tag-schloss-ludwigsburg"],"_links":{"self":[{"href":"https:\/\/www.frankensicht.de\/index.php?rest_route=\/wp\/v2\/posts\/10407","targetHints":{"allow":["GET"]}}],"collection":[{"href":"https:\/\/www.frankensicht.de\/index.php?rest_route=\/wp\/v2\/posts"}],"about":[{"href":"https:\/\/www.frankensicht.de\/index.php?rest_route=\/wp\/v2\/types\/post"}],"author":[{"embeddable":true,"href":"https:\/\/www.frankensicht.de\/index.php?rest_route=\/wp\/v2\/users\/7"}],"replies":[{"embeddable":true,"href":"https:\/\/www.frankensicht.de\/index.php?rest_route=%2Fwp%2Fv2%2Fcomments&post=10407"}],"version-history":[{"count":1,"href":"https:\/\/www.frankensicht.de\/index.php?rest_route=\/wp\/v2\/posts\/10407\/revisions"}],"predecessor-version":[{"id":10409,"href":"https:\/\/www.frankensicht.de\/index.php?rest_route=\/wp\/v2\/posts\/10407\/revisions\/10409"}],"wp:featuredmedia":[{"embeddable":true,"href":"https:\/\/www.frankensicht.de\/index.php?rest_route=\/wp\/v2\/media\/10408"}],"wp:attachment":[{"href":"https:\/\/www.frankensicht.de\/index.php?rest_route=%2Fwp%2Fv2%2Fmedia&parent=10407"}],"wp:term":[{"taxonomy":"category","embeddable":true,"href":"https:\/\/www.frankensicht.de\/index.php?rest_route=%2Fwp%2Fv2%2Fcategories&post=10407"},{"taxonomy":"post_tag","embeddable":true,"href":"https:\/\/www.frankensicht.de\/index.php?rest_route=%2Fwp%2Fv2%2Ftags&post=10407"}],"curies":[{"name":"wp","href":"https:\/\/api.w.org\/{rel}","templated":true}]}}