{"id":10403,"date":"2017-02-14T08:37:02","date_gmt":"2017-02-14T07:37:02","guid":{"rendered":"http:\/\/www.frankensicht.de\/?p=10403"},"modified":"2017-02-14T08:37:02","modified_gmt":"2017-02-14T07:37:02","slug":"versorgung-nach-herzinfarkten-und-schlaganfaellen-deutlich-verbessert","status":"publish","type":"post","link":"https:\/\/www.frankensicht.de\/?p=10403","title":{"rendered":"Versorgung nach Herzinfarkten und Schlaganf\u00e4llen deutlich verbessert"},"content":{"rendered":"<p><span style=\"color: #ff0000;\">M\u00fcnchen:<\/span><\/p>\n<p>Huml: Versorgung nach Herzinfarkten und Schlaganf\u00e4llen deutlich verbessert &#8211; Bayerns Gesundheitsministerin zur Er\u00f6ffnung des neuen Herz-Hirn-Zentrums in Bamberg<\/p>\n<p>In Bayern sind in den vergangenen Jahren deutlich weniger Menschen an den Folgen eines Herzinfarkts oder Schlaganfalls gestorben als fr\u00fcher. Darauf hat Bayerns Gesundheitsministerin Melanie Huml am Montag anl\u00e4sslich der Er\u00f6ffnung des neuen Herz-Hirn-Zentrums in Bamberg hingewiesen. Sie betonte: &#8222;Diese Entwicklung zeigt die kontinuierliche Verbesserung der Qualit\u00e4t der medizinischen Versorgung in Bayern. Das Herz-Hirn-Zentrum in Bamberg wird zu weiteren Fortschritten auch bei der Vorbeugung von Erkrankungen beitragen.&#8220;<\/p>\n<p>Nach Erhebungen des Statistischen Bundesamts starben im Jahr 2015 in Bayern 6.999 Menschen an den Folgen eines Herzinfarkts und 4.298 Menschen an den Folgen eines Schlaganfalls. Zehn Jahre zuvor (2005) betrug die Zahl noch 9.410 bei Herzinfarkten und 6.621 bei Schlaganf\u00e4llen.<\/p>\n<p><a href=\"https:\/\/www.frankensicht.de\/?attachment_id=4951\" rel=\"attachment wp-att-4951\"><img loading=\"lazy\" decoding=\"async\" class=\"alignnone size-medium wp-image-4951\" src=\"https:\/\/www.frankensicht.de\/wp-content\/uploads\/2013\/01\/krankenhaus-300x187.jpg\" alt=\"\" width=\"300\" height=\"187\" srcset=\"https:\/\/www.frankensicht.de\/wp-content\/uploads\/2013\/01\/krankenhaus-300x187.jpg 300w, https:\/\/www.frankensicht.de\/wp-content\/uploads\/2013\/01\/krankenhaus.jpg 640w\" sizes=\"auto, (max-width: 300px) 100vw, 300px\" \/><\/a><\/p>\n<p>Die Sozialstiftung Bamberg hat mit dem Herz-Hirn-Zentrum am dortigen Klinikum eine gemeinsame Anlaufstelle f\u00fcr Diagnostik und Therapie f\u00fcr Schlaganfall- und Herzinfarktpatienten in der Region geschaffen. Huml unterstrich: &#8222;Zum Wohle der Patienten arbeiten hier Neurologen und Kardiologen eng zusammen. Au\u00dferdem findet eine st\u00e4rkere Kooperation mit den behandelnden niedergelassenen \u00c4rzten statt. Durch diese Zusammenarbeit verbindet das Klinikum Bamberg Vorsorge, Akutbehandlung und Nachsorge.&#8220;<\/p>\n<p>Die Ministerin f\u00fcgte hinzu: &#8222;Beide Erkrankungen haben \u00e4hnliche Ursachen und Risikofaktoren. Durch die noch engere Zusammenarbeit der medizinischen Fachrichtungen profitieren die Patienten ganz unmittelbar. Denn die einzelnen Disziplinen erg\u00e4nzen sich optimal und bieten ein H\u00f6chstma\u00df an Kompetenz und Know-how.&#8220;<\/p>\n<p>Huml erg\u00e4nzte: &#8222;Kooperationen im Gesundheitswesen sind notwendig und werden immer mehr unsere Krankenhauslandschaft pr\u00e4gen. Das neue Herz-Hirn-Zentrum in Bamberg ist ein gutes Beispiel f\u00fcr den Weg der Zukunft: Weg vom Konkurrenzdenken &#8211; hin zur sektoren\u00fcbergreifenden Zusammenarbeit und hin zu einer Abstimmung der Versorgungsangebote.&#8220;<\/p>\n<p>Die Ministerin erl\u00e4uterte: &#8222;Eine Umstrukturierung ist f\u00fcr kommunale Tr\u00e4ger kein einfacher Prozess. Der Freistaat Bayern unterst\u00fctzt daher die Krankenh\u00e4user bei diesen notwendigen Ver\u00e4nderungen durch die Krankenhausplanung, aber auch finanziell. Bei der Modernisierung des Klinikums Bamberg ist im vierten Bauabschnitt das Herz-Hirn-Zentrum entstanden. Durch den Umbau sind die Fachabteilungen Neurochirurgie und Neurologie, die kardiologische Funktionsdiagnostik sowie die neurologische Tagesklinik jetzt auf einer Etage untergebracht. Diese Ma\u00dfnahmen haben wir mit knapp neun Millionen Euro gef\u00f6rdert.&#8220;<\/p>\n<p>Quelle:stmgp.bayern.de<\/p>\n","protected":false},"excerpt":{"rendered":"<p>M\u00fcnchen: Huml: Versorgung nach Herzinfarkten und Schlaganf\u00e4llen deutlich verbessert &#8211; Bayerns Gesundheitsministerin zur Er\u00f6ffnung des neuen Herz-Hirn-Zentrums in Bamberg In Bayern sind in den vergangenen Jahren deutlich weniger Menschen an den Folgen eines Herzinfarkts oder Schlaganfalls gestorben als fr\u00fcher. Darauf hat Bayerns Gesundheitsministerin Melanie Huml am Montag anl\u00e4sslich der Er\u00f6ffnung des neuen Herz-Hirn-Zentrums in Bamberg [&hellip;]<\/p>\n","protected":false},"author":7,"featured_media":4951,"comment_status":"closed","ping_status":"open","sticky":false,"template":"","format":"standard","meta":{"footnotes":""},"categories":[78,71],"tags":[2181],"class_list":["post-10403","post","type-post","status-publish","format-standard","has-post-thumbnail","hentry","category-bayern","category-menue","tag-herzinfakt"],"_links":{"self":[{"href":"https:\/\/www.frankensicht.de\/index.php?rest_route=\/wp\/v2\/posts\/10403","targetHints":{"allow":["GET"]}}],"collection":[{"href":"https:\/\/www.frankensicht.de\/index.php?rest_route=\/wp\/v2\/posts"}],"about":[{"href":"https:\/\/www.frankensicht.de\/index.php?rest_route=\/wp\/v2\/types\/post"}],"author":[{"embeddable":true,"href":"https:\/\/www.frankensicht.de\/index.php?rest_route=\/wp\/v2\/users\/7"}],"replies":[{"embeddable":true,"href":"https:\/\/www.frankensicht.de\/index.php?rest_route=%2Fwp%2Fv2%2Fcomments&post=10403"}],"version-history":[{"count":1,"href":"https:\/\/www.frankensicht.de\/index.php?rest_route=\/wp\/v2\/posts\/10403\/revisions"}],"predecessor-version":[{"id":10404,"href":"https:\/\/www.frankensicht.de\/index.php?rest_route=\/wp\/v2\/posts\/10403\/revisions\/10404"}],"wp:featuredmedia":[{"embeddable":true,"href":"https:\/\/www.frankensicht.de\/index.php?rest_route=\/wp\/v2\/media\/4951"}],"wp:attachment":[{"href":"https:\/\/www.frankensicht.de\/index.php?rest_route=%2Fwp%2Fv2%2Fmedia&parent=10403"}],"wp:term":[{"taxonomy":"category","embeddable":true,"href":"https:\/\/www.frankensicht.de\/index.php?rest_route=%2Fwp%2Fv2%2Fcategories&post=10403"},{"taxonomy":"post_tag","embeddable":true,"href":"https:\/\/www.frankensicht.de\/index.php?rest_route=%2Fwp%2Fv2%2Ftags&post=10403"}],"curies":[{"name":"wp","href":"https:\/\/api.w.org\/{rel}","templated":true}]}}