{"id":10400,"date":"2017-02-13T09:28:22","date_gmt":"2017-02-13T08:28:22","guid":{"rendered":"http:\/\/www.frankensicht.de\/?p=10400"},"modified":"2017-02-13T09:28:22","modified_gmt":"2017-02-13T08:28:22","slug":"lehrkraefte-und-bildungsexperten-aus-israel-informieren-sich-ueber-integration-in-bayerischen-schulen","status":"publish","type":"post","link":"https:\/\/www.frankensicht.de\/?p=10400","title":{"rendered":"Lehrkr\u00e4fte und Bildungsexperten aus Israel informieren sich \u00fcber Integration in bayerischen Schulen"},"content":{"rendered":"<p>M\u00fcnchen -Israel:<\/p>\n<p>Lehrkr\u00e4fte und Bildungsexperten aus Israel informieren sich \u00fcber Integration in bayerischen Schulen<br \/>\nVom 5. bis 9. Februar haben 12 Lehrkr\u00e4fte und Bildungsexperten aus Israel in Schulbesuchen und Expertengespr\u00e4chen bayerische Integrationskonzepte kennengelernt.<\/p>\n<p>(#wertebuendnis-bayern.de\/gemeinsam-fuer-demokratie\/)<\/p>\n<p>&nbsp;<\/p>\n<p>Im Fokus stehen die Bestrebungen Israels und Bayerns, die freiheitliche Demokratie zu festigen und Migrantinnen und Migranten in die jeweiligen pluralistischen politischen Ordnungen zu integrieren.<\/p>\n<p>Dabei bilden historische Erfahrungen die Basis f\u00fcr die jeweilige Entwicklung demokratischer Staatswesen in Israel und Bayern. Gemeinsamkeiten sollen vertieft, neue Wege erschlossen und Kooperationsm\u00f6glichkeiten gepr\u00fcft werden.<\/p>\n<p>&#8222;Gemeinsam f\u00fcr Demokratie. Israel und Bayern.&#8220; ist ein Projekt des Werteb\u00fcndnis Bayern.<\/p>\n<p><a href=\"https:\/\/www.frankensicht.de\/?attachment_id=8164\" rel=\"attachment wp-att-8164\"><img loading=\"lazy\" decoding=\"async\" class=\"alignnone size-medium wp-image-8164\" src=\"https:\/\/www.frankensicht.de\/wp-content\/uploads\/2015\/02\/israel-300x218.png\" alt=\"\" width=\"300\" height=\"218\" srcset=\"https:\/\/www.frankensicht.de\/wp-content\/uploads\/2015\/02\/israel-300x218.png 300w, https:\/\/www.frankensicht.de\/wp-content\/uploads\/2015\/02\/israel.png 660w\" sizes=\"auto, (max-width: 300px) 100vw, 300px\" \/><\/a><\/p>\n<p>&nbsp;<\/p>\n<p>Die &#8222;Auftaktwoche&#8220; des Projekts diente zum Kennenlernen von Beispielen gelungener Integration im Bereich Schule, Berufsbildung und Jugendarbeit hier in Bayern. Dabei wurden durch Lehrkr\u00e4fte und Bildungsverantwortliche ausgew\u00e4hlte Bereiche der Integration vorgestellt, analysiert und hinsichtlich ihrer \u00dcbertragbarkeit auf israelische Verh\u00e4ltnisse \u00fcberpr\u00fcft. Die Projektwoche bildete den Auftakt f\u00fcr einen intensiven Austausch \u00fcber Integrationserfahrungen und soll perspektivisch einen gegenseitigen Lernprozess in Gang setzen. Die Teilnehmer qualifizieren sich zu Multiplikatoren, die die realistische \u00dcbertragbarkeit von Ma\u00dfnahmen in die bestehenden Bildungsstrukturen der beiden L\u00e4nder pr\u00fcfen. Eine Reise nach Israel schlie\u00dft sich im kommenden Jahr an.<\/p>\n<p>&nbsp;<\/p>\n<p>Bildungsstaatssekret\u00e4r Georg Eisenreich: &#8222;Das Projekt ,Gemeinsam f\u00fcr Demokratie. Israel und Bayern.&#8216; ist beispielhaft f\u00fcr das vertrauensvolle Miteinander und den lebendigen Austausch zwischen Sch\u00fclern, Lehrkr\u00e4ften und Bildungsexperten beider L\u00e4nder. Wir wollen unsere guten Beziehungen im Bildungsbereich auch in Zukunft weiter ausbauen.&#8220;\u00a02011 hatten der bayerische Kultusminister Dr. Ludwig Spaenle, der damalige israelische Bildungsminister Gideon Sa&#8217;ar und Avner Shalev, der Direktor der Gedenkst\u00e4tte Yad Vashem, eine Absichtserkl\u00e4rung zur Vertiefung der bayerisch-israelischen Bildungskooperation unterzeichnet. Im Mittelpunkt steht die Zusammenarbeit des Freistaats Bayern und Israels im schulischen Bereich, in der Gedenkst\u00e4ttenp\u00e4dagogik und beim Jugendaustausch. Eisenreich weiter: &#8222;Bildung ist der Schl\u00fcssel zu Integration. Deswegen investieren wir in Bayern massiv in Unterrichtsangebote f\u00fcr junge Zuwanderer mit Bleibeperspektive &#8211; allein 232 Millionen Euro im Jahr 2016. Ich<br \/>\nfreue mich sehr, dass wir uns im Rahmen des Projekts, Gemeinsam f\u00fcr Demokratie. Israel und Bayern.&#8216;\u00a0 mit Israel \u00fcber Bildungsangebote f\u00fcr junge Menschen mit Flucht- und Migrationshintergrund austauschen k\u00f6nnen.&#8220;<\/p>\n<p>&nbsp;<\/p>\n<p>F\u00fcr den israelischen Generalkonsul Dr. Dan Shaham sind zivilgesellschaftliche Begegnungsprojekte &#8222;eine wichtige M\u00f6glichkeit um gemeinsame L\u00f6sungen f\u00fcr gemeinsame Herausforderungen zu finden. Es gibt ein sehr passendes Sprichwort: &amp;sbquo;Wenn du schnell gehen willst, dann gehe alleine. Wenn du weit gehen willst, dann gehe mit jemandem. &#8218; Wir m\u00f6chten an der Seite Bayerns gehen und gemeinschaftlich langfristige Integrationsthemen auf den Weg bringen. Daher ist die Kooperation mit dem Werteb\u00fcndnis Bayern besonders erfreulich und wichtig f\u00fcr uns.&#8220;<\/p>\n<p>&#8222;Ziel aller Bem\u00fchungen muss es sein&#8220;, so Projekttr\u00e4ger J\u00fcrgen B\u00f6hm von der Arbeitsgemeinschaft bayerischer Lehrerverb\u00e4nde, &#8222;Integration in ein demokratisches Staatswesen zum Erfolg zu f\u00fchren und m\u00f6glichen antidemokratischen und extremistischen Bestrebungen entgegenzuwirken.&#8220;<\/p>\n<p>&nbsp;<\/p>\n<p>Es handelt sich um eines von derzeit 9 Projekten innerhalb der Initiative f\u00fcr Integration und Toleranz, mit denen das Werteb\u00fcndnis Bayern daran arbeitet, in den Bereichen Kunst, Kultur, Musik, Sport und politische Bildung Begegnungen auf Augenh\u00f6he zwischen jungen Menschen egal welcher Herkunft zu erm\u00f6glichen.<\/p>\n<p>Quelle: stmbw.bayern.de<\/p>\n","protected":false},"excerpt":{"rendered":"<p>M\u00fcnchen -Israel: Lehrkr\u00e4fte und Bildungsexperten aus Israel informieren sich \u00fcber Integration in bayerischen Schulen Vom 5. bis 9. Februar haben 12 Lehrkr\u00e4fte und Bildungsexperten aus Israel in Schulbesuchen und Expertengespr\u00e4chen bayerische Integrationskonzepte kennengelernt. (#wertebuendnis-bayern.de\/gemeinsam-fuer-demokratie\/) &nbsp; Im Fokus stehen die Bestrebungen Israels und Bayerns, die freiheitliche Demokratie zu festigen und Migrantinnen und Migranten in die jeweiligen [&hellip;]<\/p>\n","protected":false},"author":7,"featured_media":8164,"comment_status":"closed","ping_status":"open","sticky":false,"template":"","format":"standard","meta":{"footnotes":""},"categories":[78,71,30],"tags":[1442],"class_list":["post-10400","post","type-post","status-publish","format-standard","has-post-thumbnail","hentry","category-bayern","category-menue","category-welt","tag-israel"],"_links":{"self":[{"href":"https:\/\/www.frankensicht.de\/index.php?rest_route=\/wp\/v2\/posts\/10400","targetHints":{"allow":["GET"]}}],"collection":[{"href":"https:\/\/www.frankensicht.de\/index.php?rest_route=\/wp\/v2\/posts"}],"about":[{"href":"https:\/\/www.frankensicht.de\/index.php?rest_route=\/wp\/v2\/types\/post"}],"author":[{"embeddable":true,"href":"https:\/\/www.frankensicht.de\/index.php?rest_route=\/wp\/v2\/users\/7"}],"replies":[{"embeddable":true,"href":"https:\/\/www.frankensicht.de\/index.php?rest_route=%2Fwp%2Fv2%2Fcomments&post=10400"}],"version-history":[{"count":2,"href":"https:\/\/www.frankensicht.de\/index.php?rest_route=\/wp\/v2\/posts\/10400\/revisions"}],"predecessor-version":[{"id":10402,"href":"https:\/\/www.frankensicht.de\/index.php?rest_route=\/wp\/v2\/posts\/10400\/revisions\/10402"}],"wp:featuredmedia":[{"embeddable":true,"href":"https:\/\/www.frankensicht.de\/index.php?rest_route=\/wp\/v2\/media\/8164"}],"wp:attachment":[{"href":"https:\/\/www.frankensicht.de\/index.php?rest_route=%2Fwp%2Fv2%2Fmedia&parent=10400"}],"wp:term":[{"taxonomy":"category","embeddable":true,"href":"https:\/\/www.frankensicht.de\/index.php?rest_route=%2Fwp%2Fv2%2Fcategories&post=10400"},{"taxonomy":"post_tag","embeddable":true,"href":"https:\/\/www.frankensicht.de\/index.php?rest_route=%2Fwp%2Fv2%2Ftags&post=10400"}],"curies":[{"name":"wp","href":"https:\/\/api.w.org\/{rel}","templated":true}]}}