{"id":10393,"date":"2017-02-12T08:51:18","date_gmt":"2017-02-12T07:51:18","guid":{"rendered":"http:\/\/www.frankensicht.de\/?p=10393"},"modified":"2017-02-12T08:51:18","modified_gmt":"2017-02-12T07:51:18","slug":"vor%c2%adstel%c2%adlung-der-2-eu%c2%adro-muen%c2%adze-rhein%c2%adland-pfalz-im-bun%c2%addes%c2%adkanz%c2%adler%c2%adamt","status":"publish","type":"post","link":"https:\/\/www.frankensicht.de\/?p=10393","title":{"rendered":"Vor\u00adstel\u00adlung der 2-Eu\u00adro-M\u00fcn\u00adze \u201eRhein\u00adland-Pfalz\u201c im Bun\u00addes\u00adkanz\u00adler\u00adamt"},"content":{"rendered":"<p>Berlin:<\/p>\n<div class=\"article-header-wrapper\">\n<div class=\"article-header-wrapper-inner\">\n<div class=\"article-header-wrapper-box\">\n<div class=\"article-header\">\n<p class=\"dachzeile\">Briefmarken und Sammlerm\u00fcnzen<\/p>\n<h1 class=\"isFirstInSlot\">Vor\u00adstel\u00adlung der 2-Eu\u00adro-M\u00fcn\u00adze \u201eRhein\u00adland-Pfalz\u201c im Bun\u00addes\u00adkanz\u00adler\u00adamt<\/h1>\n<div class=\"subheadline\">\n<p class=\"heading\">Das Bundesministerium der Finanzen hat am 3. Februar 2017 eine 2-Euro-Gedenkm\u00fcnze \u201eRheinland-Pfalz\u201c mit der Abbildung der Porta Nigra\u00a0herausgegeben. Es ist die zw\u00f6lfte M\u00fcnze einer Serie von insgesamt sechzehn 2-Euro-Gedenkm\u00fcnzen mit pr\u00e4gnanten Wahrzeichen oder Bauwerken aller L\u00e4nder der Bundesrepublik Deutschland.<\/p>\n<\/div>\n<ul class=\"doc-data pressrelease\">\n<li><span class=\"label\">Nummer<\/span> <span class=\"value\">5<\/span><\/li>\n<\/ul>\n<div class=\"aural\">\n<p>2-Euro-Gedenkm\u00fcnze \u201eRheinland-Pfalz\u201c (2017)<\/p>\n<\/div>\n<div class=\"picture img-551\">\n<figure class=\"figure-box-wrapper figure-embedded\"><a href=\"https:\/\/www.frankensicht.de\/?attachment_id=10394\" rel=\"attachment wp-att-10394\"><img loading=\"lazy\" decoding=\"async\" class=\"alignnone size-medium wp-image-10394\" src=\"https:\/\/www.frankensicht.de\/wp-content\/uploads\/2017\/02\/2017-02-08-pm08-pm05-bild.jpgjsessionid3C269A9AAC11F84B9D7004C14F432043-300x169.jpeg\" alt=\"\" width=\"300\" height=\"169\" srcset=\"https:\/\/www.frankensicht.de\/wp-content\/uploads\/2017\/02\/2017-02-08-pm08-pm05-bild.jpgjsessionid3C269A9AAC11F84B9D7004C14F432043-300x169.jpeg 300w, https:\/\/www.frankensicht.de\/wp-content\/uploads\/2017\/02\/2017-02-08-pm08-pm05-bild.jpgjsessionid3C269A9AAC11F84B9D7004C14F432043-768x432.jpeg 768w, https:\/\/www.frankensicht.de\/wp-content\/uploads\/2017\/02\/2017-02-08-pm08-pm05-bild.jpgjsessionid3C269A9AAC11F84B9D7004C14F432043-384x217.jpeg 384w, https:\/\/www.frankensicht.de\/wp-content\/uploads\/2017\/02\/2017-02-08-pm08-pm05-bild.jpgjsessionid3C269A9AAC11F84B9D7004C14F432043.jpeg 877w\" sizes=\"auto, (max-width: 300px) 100vw, 300px\" \/><\/a><figcaption><span class=\"source\">Quelle:\u2002 <cite>Bundesamt f\u00fcr zentrale Dienste und offene Verm\u00f6gensfragen (BADV)<\/cite><\/span><\/figcaption><\/figure>\n<\/div>\n<\/div>\n<\/div>\n<\/div>\n<\/div>\n<div class=\"article-content-wrapper\">\n<div class=\"article-text-wrapper\">\n<div class=\"article-text singleview \">\n<p>Sets mit 2-Euro-Gedenkm\u00fcnzen \u201eRheinland-Pfalz\u201c aus allen f\u00fcnf deutschen Pr\u00e4gest\u00e4tten \u00fcberreicht der Bundesminister der Finanzen, <abbr title=\"Doktor\">Dr.<\/abbr> Wolfgang Sch\u00e4uble,\u00a0an Bundeskanzlerin Angela Merkel sowie an Malu Dreyer, Ministerpr\u00e4sidentin von Rheinland-Pfalz.<\/p>\n<p>Die Pr\u00e4sentation findet am <strong>10. Februar 2017 um 14.30 Uhr<\/strong> im Bundeskanzleramt (Willy-Brandt-Str. 1, 10557 Berlin) statt.<\/p>\n<p>Die Ausgabe der M\u00fcnzen im Rahmen der 2-Euro-Gedenkm\u00fcnzen-Serie der Bundesrepublik Deutschland erfolgt j\u00e4hrlich in der Reihenfolge der Pr\u00e4sidentschaft im Bundesrat. Bislang wurden in dieser Serie die 2-Euro-Gedenkm\u00fcnzen \u201eSchleswig-Holstein\u201c (2006), \u201eMecklenburg-Vorpommern\u201c (2007), \u201eHamburg\u201c(2008), \u201eSaarland\u201c(2009), \u201eBremen\u201c(2010), \u201eNordrhein-Westfalen\u201c(2011), \u201eBayern\u201c(2012), \u201eBaden-W\u00fcrttemberg\u201c (2013), \u201eNiedersachsen\u201c (2014) \u201eHessen\u201c (2015) sowie \u201eSachsen\u201c (2016)\u00a0herausgegeben. Im Jahr 2018 soll die 2-Euro-Gedenkm\u00fcnze \u201eBerlin\u201c folgen.<\/p>\n<p>Die nationale Seite der deutschen 2-Euro-Gedenkm\u00fcnze \u201e<strong>Rheinland-Pfalz<\/strong>\u201c zeigt\u00a0die Porta Nigra in einer charakteristischen Au\u00dfenansicht. Der Entwurf stammt von dem K\u00fcnstler <strong>Frantisek Chochola<\/strong> aus Hamburg.<\/p>\n<p>Die Euro-L\u00e4nder k\u00f6nnen 2-Euro-Gedenkm\u00fcnzen seit 2004 herausgeben. Diese M\u00fcnzen tragen die gemeinsame europ\u00e4ische Seite (Wertseite). Die nationale Seite (Bildseite) ihrer 2-Euro-Gedenkm\u00fcnzen k\u00f6nnen die Euro-L\u00e4nder mit wechselnden Motiven ausgestalten. Die 2-Euro-Gedenkm\u00fcnzen sind g\u00fcltiges Zahlungsmittel in allen Euro-L\u00e4ndern.<\/p>\n<p>Die Auflagenh\u00f6he betr\u00e4gt 30 Millionen St\u00fcck. Die M\u00fcnzen werden anteilig in allen f\u00fcnf deutschen M\u00fcnzpr\u00e4gest\u00e4tten produziert.<\/p>\n<p>Die Wertseite der M\u00fcnzen, die Randschrift (Schriftzug \u201eEINIGKEIT UND RECHT UND FREIHEIT\u201c sowie eine stilisierte Darstellung des Bundesadlers) und die technischen Parameter entsprechen der \u201enormalen\u201c 2-Euro-Umlaufm\u00fcnze.<\/p>\n<p>Die 2-Euro-M\u00fcnze \u201eRheinland-Pfalz\u201c kann seit dem Ausgabetag, dem\u00a0<strong>3.\u00a0Februar 2017<\/strong>, bei vielen Geldinstituten sowie den Filialen der Deutschen Bundesbank zum Nominalwert erworben werden.<\/p>\n<p>Die Verkaufsstelle f\u00fcr Sammlerm\u00fcnzen der Bundesrepublik Deutschland (VfS) bietet dar\u00fcber hinaus besonders konfektionierte M\u00fcnzsets f\u00fcr Sammler an.<\/p>\n<p>Quelle:bundesfinanzministerium.de<\/p>\n<\/div>\n<\/div>\n<\/div>\n","protected":false},"excerpt":{"rendered":"<p>Berlin: Briefmarken und Sammlerm\u00fcnzen Vor\u00adstel\u00adlung der 2-Eu\u00adro-M\u00fcn\u00adze \u201eRhein\u00adland-Pfalz\u201c im Bun\u00addes\u00adkanz\u00adler\u00adamt Das Bundesministerium der Finanzen hat am 3. Februar 2017 eine 2-Euro-Gedenkm\u00fcnze \u201eRheinland-Pfalz\u201c mit der Abbildung der Porta Nigra\u00a0herausgegeben. Es ist die zw\u00f6lfte M\u00fcnze einer Serie von insgesamt sechzehn 2-Euro-Gedenkm\u00fcnzen mit pr\u00e4gnanten Wahrzeichen oder Bauwerken aller L\u00e4nder der Bundesrepublik Deutschland. Nummer 5 2-Euro-Gedenkm\u00fcnze \u201eRheinland-Pfalz\u201c (2017) Quelle:\u2002 [&hellip;]<\/p>\n","protected":false},"author":7,"featured_media":10394,"comment_status":"closed","ping_status":"open","sticky":false,"template":"","format":"standard","meta":{"footnotes":""},"categories":[44,3],"tags":[2179],"class_list":["post-10393","post","type-post","status-publish","format-standard","has-post-thumbnail","hentry","category-deutschland-2","category-news","tag-muenze-rheinland-pfalz"],"_links":{"self":[{"href":"https:\/\/www.frankensicht.de\/index.php?rest_route=\/wp\/v2\/posts\/10393","targetHints":{"allow":["GET"]}}],"collection":[{"href":"https:\/\/www.frankensicht.de\/index.php?rest_route=\/wp\/v2\/posts"}],"about":[{"href":"https:\/\/www.frankensicht.de\/index.php?rest_route=\/wp\/v2\/types\/post"}],"author":[{"embeddable":true,"href":"https:\/\/www.frankensicht.de\/index.php?rest_route=\/wp\/v2\/users\/7"}],"replies":[{"embeddable":true,"href":"https:\/\/www.frankensicht.de\/index.php?rest_route=%2Fwp%2Fv2%2Fcomments&post=10393"}],"version-history":[{"count":2,"href":"https:\/\/www.frankensicht.de\/index.php?rest_route=\/wp\/v2\/posts\/10393\/revisions"}],"predecessor-version":[{"id":10399,"href":"https:\/\/www.frankensicht.de\/index.php?rest_route=\/wp\/v2\/posts\/10393\/revisions\/10399"}],"wp:featuredmedia":[{"embeddable":true,"href":"https:\/\/www.frankensicht.de\/index.php?rest_route=\/wp\/v2\/media\/10394"}],"wp:attachment":[{"href":"https:\/\/www.frankensicht.de\/index.php?rest_route=%2Fwp%2Fv2%2Fmedia&parent=10393"}],"wp:term":[{"taxonomy":"category","embeddable":true,"href":"https:\/\/www.frankensicht.de\/index.php?rest_route=%2Fwp%2Fv2%2Fcategories&post=10393"},{"taxonomy":"post_tag","embeddable":true,"href":"https:\/\/www.frankensicht.de\/index.php?rest_route=%2Fwp%2Fv2%2Ftags&post=10393"}],"curies":[{"name":"wp","href":"https:\/\/api.w.org\/{rel}","templated":true}]}}