{"id":10376,"date":"2017-02-07T08:32:01","date_gmt":"2017-02-07T07:32:01","guid":{"rendered":"http:\/\/www.frankensicht.de\/?p=10376"},"modified":"2017-02-07T08:32:01","modified_gmt":"2017-02-07T07:32:01","slug":"world-safer-internet-day-2017","status":"publish","type":"post","link":"https:\/\/www.frankensicht.de\/?p=10376","title":{"rendered":"World Safer Internet Day 2017"},"content":{"rendered":"<p><span style=\"color: #ff0000;\">M\u00fcnchen:<\/span><\/p>\n<p>Staatssekret\u00e4r Eisenreich zum World Safer Internet Day 2017: Medienerziehung ist in Lehrpl\u00e4nen aller Schulen fest verankert &#8211; Erweiterung des Angebots der Initiative &#8222;Medienf\u00fchrerschein Bayern&#8220;<br \/>\n&#8222;F\u00fcr junge Menschen ist der Umgang mit digitalen Medien allt\u00e4glich. Medienkompetenz ist eine wichtige Schl\u00fcsselkompetenz. Die Schulen leisten einen entscheidenden Beitrag, um Sch\u00fclerinnen und Sch\u00fcler fit zu machen f\u00fcr einen reflektierten Einsatz digitaler Medien. Dabei ist von zentraler Bedeutung: In der digitalen Bildung steht in Bayern der Mensch als selbstbestimmter und verantwortungsvoller Nutzer im Mittelpunkt&#8220;, sagte Bildungsstaatssekret\u00e4r Georg Eisenreich anl\u00e4sslich des morgigen &#8222;Safer Internet Day 2017&#8220;. &#8222;Medienerziehung stellt an allen bayerischen Schulen ein wichtiges Bildungsziel dar. Es ist im LehrplanPLUS f\u00fcr alle Schularten fest verankert. Digitale Medien sind sowohl Gegenstand von Bildung als auch Werkzeug im Bildungsprozess. Wir wollen die Chancen der Digitalisierung aktiv nutzen, zugleich aber auch die Risiken im Blick haben&#8220;, betonte der Staatssekret\u00e4r.<\/p>\n<p><a href=\"https:\/\/www.frankensicht.de\/?attachment_id=8073\" rel=\"attachment wp-att-8073\"><img loading=\"lazy\" decoding=\"async\" class=\"alignnone size-medium wp-image-8073\" src=\"https:\/\/www.frankensicht.de\/wp-content\/uploads\/2015\/01\/P1000912-300x225.jpg\" alt=\"\" width=\"300\" height=\"225\" srcset=\"https:\/\/www.frankensicht.de\/wp-content\/uploads\/2015\/01\/P1000912-300x225.jpg 300w, https:\/\/www.frankensicht.de\/wp-content\/uploads\/2015\/01\/P1000912.jpg 640w\" sizes=\"auto, (max-width: 300px) 100vw, 300px\" \/><\/a><\/p>\n<p>Der &#8222;Safer Internet Day&#8220; ist eine Initiative der Europ\u00e4ischen Kommission. In diesem Jahr wird unter dem Motto &#8222;Be the change: Unite for a better internet&#8220; weltweit zu Veranstaltungen und Aktionen rund um das Thema Internetsicherheit aufgerufen.<\/p>\n<p>Umfassende Digitalisierungsstrategie des Bildungsministeriums<\/p>\n<p>Als Antwort auf die Herausforderungen der digitalisierten Welt hat das Bildungsministerium 2016 seine umfassende Digitalisierungsstrategie vorgestellt. Sie beruht auf einer engen Zusammenarbeit zwischen Ministerium, Schulen und Sachaufwandstr\u00e4gern.<\/p>\n<p>Konzepte zur St\u00e4rkung der digitalen Bildung<\/p>\n<p>Um die digitale Bildung auch weiterhin an den Schulen zu st\u00e4rken, hat Bayern vielf\u00e4ltige Konzepte auf den Weg gebracht:<\/p>\n<p>Neue Filmspots der Initiative &#8222;Medienf\u00fchrerschein Bayern&#8220;<\/p>\n<p>Die Initiative &#8222;Medienf\u00fchrerschein Bayern&#8220; der Stiftung Medienp\u00e4dagogik setzt sich zum Ziel, die Medienkompetenz von Kindern, Jugendlichen und Erwachsenen zu f\u00f6rdern. Hierf\u00fcr bietet sie Lehrkr\u00e4ften u.a. Materialien und Unterrichtseinheiten. Zum Safer Internet Day 2017 stellt das Kultusministerium neun neue Filmclips zur Medienerziehung in der 6.\/7. sowie 8.\/9. Jahrgangsstufe zur Verf\u00fcgung. Sie erm\u00f6glichen einen altersgerechten Einstieg in die jeweiligen Unterrichtsthemen und regen zur Auseinandersetzung mit aktuellen medienp\u00e4dagogischen Inhalten an. In den Filmclips werden zentrale Aspekte der Unterrichtsmodule des Medienf\u00fchrerscheins behandelt. Auch kl\u00e4ren sie \u00fcber medienspezifische Chancen und Risiken auf.<\/p>\n<p>Angebote von &#8222;mebis &#8211; Landesmedienzentrum Bayern&#8220; f\u00fcr alle Schulen im Freistaat nutzbar<\/p>\n<p>Im September 2011 hatte das Kultusministerium das Projekt &#8222;mebis &#8211; Landesmedienzentrum Bayern&#8220; initiiert. Diese Plattform unterbreitet den Schulen zentrale p\u00e4dagogische Angebote: eine Online-Mediathek f\u00fcr hochwertige digitale Bildungsmedien, eine Lernplattform zur Gestaltung digitaler gest\u00fctzter Lehr- und Lernprozesse, ein Pr\u00fcfungsarchiv mit Abschlusspr\u00fcfungen zu \u00dcbungszwecken sowie ein Infoportal zur B\u00fcndelung aller staatlichen Aktivit\u00e4ten zur schulischen Medienbildung. Seit Jahresbeginn steht &#8222;mebis&#8220; neben den staatlichen auch den kommunalen und privaten Schulen zur Verf\u00fcgung.<\/p>\n<p>Rund 150 &#8222;Referenzschulen f\u00fcr Medienbildung&#8220;<\/p>\n<p>Seit 2010\/2011 werden j\u00e4hrlich 30 &#8222;Referenzschulen f\u00fcr Medienbildung&#8220; in allen Schularten etabliert, die an ihren Schulen beispielhaft Medienentwicklungspl\u00e4ne erarbeiten und diese weiteren Schulen zur Verf\u00fcgung stellen. Aktuell gibt es im Freistaat rund 150 zertifizierte &#8222;Referenzschulen f\u00fcr Medienbildung&#8220;.<\/p>\n<p>Enges Netzwerk der &#8222;Medienp\u00e4dagogisch-informationstechnischen Beratungslehrkr\u00e4fte&#8220; (MiB)<\/p>\n<p>Seit 2002 existiert das Netzwerk der Medienp\u00e4dagogisch-informationstechnischen Beratungslehrkr\u00e4fte (MiB) in allen Schularten in ganz Bayern. Sie sind als Multiplikatoren t\u00e4tig und unterst\u00fctzen die Schulgemeinschaft durch Lehrerfortbildungen, schulische Informationsabende f\u00fcr Eltern und Schulprojekte.<\/p>\n<p>Weitere Informationen unter:<\/p>\n<p>www.km.bayern.de\/digitalisierung<\/p>\n<p>www.mebis.bayern.de<\/p>\n<p>https:\/\/www.km.bayern.de\/eltern\/erziehung-und-bildung\/medien.html<\/p>\n<p>Quelle: stmbw.bayern.de<\/p>\n","protected":false},"excerpt":{"rendered":"<p>M\u00fcnchen: Staatssekret\u00e4r Eisenreich zum World Safer Internet Day 2017: Medienerziehung ist in Lehrpl\u00e4nen aller Schulen fest verankert &#8211; Erweiterung des Angebots der Initiative &#8222;Medienf\u00fchrerschein Bayern&#8220; &#8222;F\u00fcr junge Menschen ist der Umgang mit digitalen Medien allt\u00e4glich. Medienkompetenz ist eine wichtige Schl\u00fcsselkompetenz. Die Schulen leisten einen entscheidenden Beitrag, um Sch\u00fclerinnen und Sch\u00fcler fit zu machen f\u00fcr einen [&hellip;]<\/p>\n","protected":false},"author":7,"featured_media":8074,"comment_status":"closed","ping_status":"open","sticky":false,"template":"","format":"standard","meta":{"footnotes":""},"categories":[78,71],"tags":[2176],"class_list":["post-10376","post","type-post","status-publish","format-standard","has-post-thumbnail","hentry","category-bayern","category-menue","tag-world-safer-internet-day-2017"],"_links":{"self":[{"href":"https:\/\/www.frankensicht.de\/index.php?rest_route=\/wp\/v2\/posts\/10376","targetHints":{"allow":["GET"]}}],"collection":[{"href":"https:\/\/www.frankensicht.de\/index.php?rest_route=\/wp\/v2\/posts"}],"about":[{"href":"https:\/\/www.frankensicht.de\/index.php?rest_route=\/wp\/v2\/types\/post"}],"author":[{"embeddable":true,"href":"https:\/\/www.frankensicht.de\/index.php?rest_route=\/wp\/v2\/users\/7"}],"replies":[{"embeddable":true,"href":"https:\/\/www.frankensicht.de\/index.php?rest_route=%2Fwp%2Fv2%2Fcomments&post=10376"}],"version-history":[{"count":2,"href":"https:\/\/www.frankensicht.de\/index.php?rest_route=\/wp\/v2\/posts\/10376\/revisions"}],"predecessor-version":[{"id":10378,"href":"https:\/\/www.frankensicht.de\/index.php?rest_route=\/wp\/v2\/posts\/10376\/revisions\/10378"}],"wp:featuredmedia":[{"embeddable":true,"href":"https:\/\/www.frankensicht.de\/index.php?rest_route=\/wp\/v2\/media\/8074"}],"wp:attachment":[{"href":"https:\/\/www.frankensicht.de\/index.php?rest_route=%2Fwp%2Fv2%2Fmedia&parent=10376"}],"wp:term":[{"taxonomy":"category","embeddable":true,"href":"https:\/\/www.frankensicht.de\/index.php?rest_route=%2Fwp%2Fv2%2Fcategories&post=10376"},{"taxonomy":"post_tag","embeddable":true,"href":"https:\/\/www.frankensicht.de\/index.php?rest_route=%2Fwp%2Fv2%2Ftags&post=10376"}],"curies":[{"name":"wp","href":"https:\/\/api.w.org\/{rel}","templated":true}]}}