{"id":10374,"date":"2017-02-06T11:16:44","date_gmt":"2017-02-06T10:16:44","guid":{"rendered":"http:\/\/www.frankensicht.de\/?p=10374"},"modified":"2017-02-06T11:16:44","modified_gmt":"2017-02-06T10:16:44","slug":"schlaglichter-der-wirtschaftspolitik-2","status":"publish","type":"post","link":"https:\/\/www.frankensicht.de\/?p=10374","title":{"rendered":"Schlaglichter der Wirtschaftspolitik"},"content":{"rendered":"<p><span style=\"color: #ff0000;\">Berlin:<\/span><\/p>\n<p>Schlaglichter der Wirtschaftspolitik<br \/>\nMonatsbericht 02\/2017<\/p>\n<p>Der Monitoring-Bericht zur Energiewende, das F\u00f6rderprogramm &#8222;INVEST&#8220; f\u00fcr innovative Start-ups, ein<br \/>\nDiskussionsbeitrag zu \u00d6ffentlich-Privaten Partnerschaften &#8211; das sind einige der Themen der<br \/>\nvorliegenden Ausgabe des Monatsberichts des BMWi. Ein weiterer Beitrag nimmt den<br \/>\nJahreswirtschaftsbericht 2017 in den Blick, der den Titel &#8222;F\u00fcr inklusives Wachstum in Deutschland<br \/>\nund Europa&#8220; tr\u00e4gt. &#8222;Trotz der guten wirtschaftlichen Entwicklung machen sich viele Menschen Sorgen<br \/>\n&#8211; um ihre pers\u00f6nliche Zukunft, aber auch um die Gesellschaft als Ganzes&#8220;, schreibt<br \/>\nBundeswirtschaftsministerin Brigitte Zypries im Editorial hierzu. &#8222;Unsere Antwort darauf ist eine<br \/>\nPolitik, die den Zusammenhalt st\u00e4rkt und die Menschen dabei unterst\u00fctzt, ihr Leben in eigener<br \/>\nVerantwortung zu meistern.&#8220;<\/p>\n<p><a href=\"https:\/\/www.frankensicht.de\/?attachment_id=4845\" rel=\"attachment wp-att-4845\"><img loading=\"lazy\" decoding=\"async\" class=\"alignnone size-medium wp-image-4845\" src=\"https:\/\/www.frankensicht.de\/wp-content\/uploads\/2012\/12\/1euro-300x225.jpg\" alt=\"\" width=\"300\" height=\"225\" srcset=\"https:\/\/www.frankensicht.de\/wp-content\/uploads\/2012\/12\/1euro-300x225.jpg 300w, https:\/\/www.frankensicht.de\/wp-content\/uploads\/2012\/12\/1euro.jpg 640w\" sizes=\"auto, (max-width: 300px) 100vw, 300px\" \/><\/a><\/p>\n<p>http:\/\/www.bmwi.de\/Redaktion\/DE\/Publikationen\/Monatsbericht\/schlaglichter-der-wirtschaftspolitik-02-2017.html<\/p>\n<p>Quelle: bmwi.bund.de<\/p>\n","protected":false},"excerpt":{"rendered":"<p>Berlin: Schlaglichter der Wirtschaftspolitik Monatsbericht 02\/2017 Der Monitoring-Bericht zur Energiewende, das F\u00f6rderprogramm &#8222;INVEST&#8220; f\u00fcr innovative Start-ups, ein Diskussionsbeitrag zu \u00d6ffentlich-Privaten Partnerschaften &#8211; das sind einige der Themen der vorliegenden Ausgabe des Monatsberichts des BMWi. Ein weiterer Beitrag nimmt den Jahreswirtschaftsbericht 2017 in den Blick, der den Titel &#8222;F\u00fcr inklusives Wachstum in Deutschland und Europa&#8220; tr\u00e4gt. [&hellip;]<\/p>\n","protected":false},"author":7,"featured_media":4845,"comment_status":"closed","ping_status":"open","sticky":false,"template":"","format":"standard","meta":{"footnotes":""},"categories":[44,3,16],"tags":[2175],"class_list":["post-10374","post","type-post","status-publish","format-standard","has-post-thumbnail","hentry","category-deutschland-2","category-news","category-wirtschaft","tag-februar-2017"],"_links":{"self":[{"href":"https:\/\/www.frankensicht.de\/index.php?rest_route=\/wp\/v2\/posts\/10374","targetHints":{"allow":["GET"]}}],"collection":[{"href":"https:\/\/www.frankensicht.de\/index.php?rest_route=\/wp\/v2\/posts"}],"about":[{"href":"https:\/\/www.frankensicht.de\/index.php?rest_route=\/wp\/v2\/types\/post"}],"author":[{"embeddable":true,"href":"https:\/\/www.frankensicht.de\/index.php?rest_route=\/wp\/v2\/users\/7"}],"replies":[{"embeddable":true,"href":"https:\/\/www.frankensicht.de\/index.php?rest_route=%2Fwp%2Fv2%2Fcomments&post=10374"}],"version-history":[{"count":1,"href":"https:\/\/www.frankensicht.de\/index.php?rest_route=\/wp\/v2\/posts\/10374\/revisions"}],"predecessor-version":[{"id":10375,"href":"https:\/\/www.frankensicht.de\/index.php?rest_route=\/wp\/v2\/posts\/10374\/revisions\/10375"}],"wp:featuredmedia":[{"embeddable":true,"href":"https:\/\/www.frankensicht.de\/index.php?rest_route=\/wp\/v2\/media\/4845"}],"wp:attachment":[{"href":"https:\/\/www.frankensicht.de\/index.php?rest_route=%2Fwp%2Fv2%2Fmedia&parent=10374"}],"wp:term":[{"taxonomy":"category","embeddable":true,"href":"https:\/\/www.frankensicht.de\/index.php?rest_route=%2Fwp%2Fv2%2Fcategories&post=10374"},{"taxonomy":"post_tag","embeddable":true,"href":"https:\/\/www.frankensicht.de\/index.php?rest_route=%2Fwp%2Fv2%2Ftags&post=10374"}],"curies":[{"name":"wp","href":"https:\/\/api.w.org\/{rel}","templated":true}]}}