{"id":10372,"date":"2017-02-04T09:29:06","date_gmt":"2017-02-04T08:29:06","guid":{"rendered":"http:\/\/www.frankensicht.de\/?p=10372"},"modified":"2017-02-04T09:29:06","modified_gmt":"2017-02-04T08:29:06","slug":"denkmalschutz-tragende-saeule-unserer-bayerischen-kulturpolitik","status":"publish","type":"post","link":"https:\/\/www.frankensicht.de\/?p=10372","title":{"rendered":"&#8222;Denkmalschutz tragende S\u00e4ule unserer bayerischen Kulturpolitik&#8220;"},"content":{"rendered":"<p><span style=\"color: #ff0000;\">M\u00fcnchen:<\/span><\/p>\n<p>Wissenschaftsminister Spaenle beim Neujahrsempfang des Bayerischen Landesamts f\u00fcr Denkmalpflege<\/p>\n<p><a href=\"https:\/\/www.frankensicht.de\/?attachment_id=8235\" rel=\"attachment wp-att-8235\"><img loading=\"lazy\" decoding=\"async\" class=\"alignnone size-medium wp-image-8235\" src=\"https:\/\/www.frankensicht.de\/wp-content\/uploads\/2015\/02\/bamberg34-300x225.jpg\" alt=\"\" width=\"300\" height=\"225\" srcset=\"https:\/\/www.frankensicht.de\/wp-content\/uploads\/2015\/02\/bamberg34-300x225.jpg 300w, https:\/\/www.frankensicht.de\/wp-content\/uploads\/2015\/02\/bamberg34.jpg 640w\" sizes=\"auto, (max-width: 300px) 100vw, 300px\" \/><\/a><br \/>\n&#8222;Denkmalschutz tragende S\u00e4ule unserer bayerischen Kulturpolitik&#8220;<\/p>\n<p>Bayerns Wissenschaftsminister Dr. Ludwig Spaenle bezeichnete heute in M\u00fcnchen den Denkmalschutz als &#8222;Gemeinschaftsaufgabe von hohem Rang&#8220;, die nicht allein vom Bayerischen Landesamt f\u00fcr Denkmalpflege, sondern nur im Verbund mit vielen Beh\u00f6rden und Ehrenamtlichen erfolgreich geleistet werden kann. Beim Neujahrsempfang des Landesamts f\u00fcr Denkmalpflege in M\u00fcnchen beschrieb der Minister den Denkmalschutz als &#8222;tragende S\u00e4ule unserer bayerischen Kulturpolitik&#8220; und argumentierte: &#8222;Denkm\u00e4ler pr\u00e4gen die kulturelle Identit\u00e4t in Bayern und in den Regionen. Und sie pr\u00e4gen ma\u00dfgeblich das Bild Bayerns in der Welt&#8220;.<\/p>\n<p>Als &#8222;kr\u00e4ftigen Impuls&#8220; f\u00fcr die Zukunftsf\u00e4higkeit der Denkmalpflege w\u00fcrdigte Minister Spaenle die Zusammenarbeit des Landesamts f\u00fcr Denkmalpflege mit der Technischen Universit\u00e4t M\u00fcnchen und der Otto-Friedrich-Universit\u00e4t Bamberg. An der TUM z. B. h\u00e4tten sich elf Professoren zu einem einzigartigen Forschungs- und Lehrverbund &#8222;REUSED&#8220; (Restaurierung. Erfassung. Umbau. Sanierung. Erhaltung. Denkmalpflege) zusammengeschlossen. Gemeinsam mit dem Landesamt arbeite die TUM an Strategien, Denkm\u00e4ler um- und weiterzunutzen. Mit der Universit\u00e4t Bamberg arbeite das Landesamt f\u00fcr Denkmalpflege an einer Kooperation kommunaler Denkmalkonzepte.<\/p>\n<p>Staatsminister Spaenle erkennt besondere Chancen f\u00fcr Denkmalpflege und Denkmalschutz in der Vernetzung von Ehrenamt und Hauptamt und nannte eigens das Projekt &#8222;Ehrenamt in der Bodendenkmalpflege&#8220;. Nach dessen Vorbild pr\u00fcft das Landesamt, ein vergleichbares Kooperationsmodell in der Baudenkmalpflege einzurichten.<\/p>\n<p>Minister Spaenle schloss mit dem Hinweis, dass die Dienststelle des Landesamts f\u00fcr Denkmalpflege in Wei\u00dfenburg im Dezember 2016 die Arbeit aufgenommen habe, der Limeskoordinator zum 1. Februar.<\/p>\n<p>Fotos stehen ab ca. 15.00 Uhr unter diesem Link zum kostenfreien Download zur Verf\u00fcgung: https:\/\/www.km.bayern.de\/pressematerial-zum-download.html.<\/p>\n<p>Quelle: stmbw.bayern.de<\/p>\n","protected":false},"excerpt":{"rendered":"<p>M\u00fcnchen: Wissenschaftsminister Spaenle beim Neujahrsempfang des Bayerischen Landesamts f\u00fcr Denkmalpflege &#8222;Denkmalschutz tragende S\u00e4ule unserer bayerischen Kulturpolitik&#8220; Bayerns Wissenschaftsminister Dr. Ludwig Spaenle bezeichnete heute in M\u00fcnchen den Denkmalschutz als &#8222;Gemeinschaftsaufgabe von hohem Rang&#8220;, die nicht allein vom Bayerischen Landesamt f\u00fcr Denkmalpflege, sondern nur im Verbund mit vielen Beh\u00f6rden und Ehrenamtlichen erfolgreich geleistet werden kann. Beim Neujahrsempfang [&hellip;]<\/p>\n","protected":false},"author":7,"featured_media":8235,"comment_status":"closed","ping_status":"open","sticky":false,"template":"","format":"standard","meta":{"footnotes":""},"categories":[78,71],"tags":[2174],"class_list":["post-10372","post","type-post","status-publish","format-standard","has-post-thumbnail","hentry","category-bayern","category-menue","tag-denkmalpflege"],"_links":{"self":[{"href":"https:\/\/www.frankensicht.de\/index.php?rest_route=\/wp\/v2\/posts\/10372","targetHints":{"allow":["GET"]}}],"collection":[{"href":"https:\/\/www.frankensicht.de\/index.php?rest_route=\/wp\/v2\/posts"}],"about":[{"href":"https:\/\/www.frankensicht.de\/index.php?rest_route=\/wp\/v2\/types\/post"}],"author":[{"embeddable":true,"href":"https:\/\/www.frankensicht.de\/index.php?rest_route=\/wp\/v2\/users\/7"}],"replies":[{"embeddable":true,"href":"https:\/\/www.frankensicht.de\/index.php?rest_route=%2Fwp%2Fv2%2Fcomments&post=10372"}],"version-history":[{"count":1,"href":"https:\/\/www.frankensicht.de\/index.php?rest_route=\/wp\/v2\/posts\/10372\/revisions"}],"predecessor-version":[{"id":10373,"href":"https:\/\/www.frankensicht.de\/index.php?rest_route=\/wp\/v2\/posts\/10372\/revisions\/10373"}],"wp:featuredmedia":[{"embeddable":true,"href":"https:\/\/www.frankensicht.de\/index.php?rest_route=\/wp\/v2\/media\/8235"}],"wp:attachment":[{"href":"https:\/\/www.frankensicht.de\/index.php?rest_route=%2Fwp%2Fv2%2Fmedia&parent=10372"}],"wp:term":[{"taxonomy":"category","embeddable":true,"href":"https:\/\/www.frankensicht.de\/index.php?rest_route=%2Fwp%2Fv2%2Fcategories&post=10372"},{"taxonomy":"post_tag","embeddable":true,"href":"https:\/\/www.frankensicht.de\/index.php?rest_route=%2Fwp%2Fv2%2Ftags&post=10372"}],"curies":[{"name":"wp","href":"https:\/\/api.w.org\/{rel}","templated":true}]}}