{"id":10357,"date":"2017-02-01T08:36:18","date_gmt":"2017-02-01T07:36:18","guid":{"rendered":"http:\/\/www.frankensicht.de\/?p=10357"},"modified":"2017-02-02T08:57:56","modified_gmt":"2017-02-02T07:57:56","slug":"10357","status":"publish","type":"post","link":"https:\/\/www.frankensicht.de\/?p=10357","title":{"rendered":"Architektenpreis"},"content":{"rendered":"<p><span style=\"color: #ff0000;\">Berlin:<\/span><\/p>\n<p>Hendricks lobt Deutschen Architekturpreis 2017 aus<\/p>\n<p>Bundesbauministerin Barbara Hendricks und die Pr\u00e4sidentin der<br \/>\nBundesarchitekten-kammer, Barbara Ettinger-Brinckmann, haben heute den<br \/>\nDeutschen Architekturpreis 2017 ausgelobt. Bis zum 31. M\u00e4rz 2017 k\u00f6nnen<br \/>\nBauwerke oder Geb\u00e4udeensemble nominiert werden, die zwischen dem 1.<br \/>\nJanuar 2015 und dem 31. Januar 2017 fertig gestellt wurden.<\/p>\n<p><a href=\"https:\/\/www.frankensicht.de\/?attachment_id=8242\" rel=\"attachment wp-att-8242\"><img loading=\"lazy\" decoding=\"async\" class=\"alignnone size-medium wp-image-8242\" src=\"https:\/\/www.frankensicht.de\/wp-content\/uploads\/2015\/03\/bamberg16-300x225.jpg\" alt=\"\" width=\"300\" height=\"225\" srcset=\"https:\/\/www.frankensicht.de\/wp-content\/uploads\/2015\/03\/bamberg16-300x225.jpg 300w, https:\/\/www.frankensicht.de\/wp-content\/uploads\/2015\/03\/bamberg16.jpg 640w\" sizes=\"auto, (max-width: 300px) 100vw, 300px\" \/><\/a><\/p>\n<p>Hendricks: \u201eMit dem Deutschen Architekturpreis zeichnen wir Bauwerke aus,<br \/>\ndie f\u00fcr die Entwicklung des Bauens in unserer Zeit beispielhaft sind. Sie<br \/>\nsollen eine besondere baukulturelle Qualit\u00e4t aufweisen und bei der<br \/>\nSanierung und Modernisierung historischer Bausubstanz Vorbildcharakter<br \/>\nhaben. Zudem sollen sie dem nachhaltigen Bauen in \u00f6kologischer,<br \/>\n\u00f6konomischer und soziokultureller Hinsicht verpflichtet sein und positiv<br \/>\nzur Gestaltung des \u00f6ffentlichen Raumes beitragen. Der Preis soll<br \/>\nAnregungen f\u00fcr zuk\u00fcnftige Planungen geben und eine breite<br \/>\n\u00d6ffentlichkeit auf die Belange der Baukultur und des nachhaltigen Bauens<br \/>\naufmerksam machen.\u201c<\/p>\n<p>Der Deutsche Architekturpreis ist mit 30.000 Euro dotiert. F\u00fcr bis zu zehn<br \/>\nAuszeichnungen und Anerkennungen stehen weitere 30.000 Euro zur<br \/>\nVerf\u00fcgung. Die Teilnahmeunterlagen m\u00fcssen bis zum 31. M\u00e4rz 2017, 14:00<br \/>\nUhr, beim Bundesamt f\u00fcr Bauwesen und Raumordnung (BBR) in Berlin<br \/>\neingereicht werden.<\/p>\n<p>Der Jury des Architekturpreises geh\u00f6ren an:<br \/>\n\u2022 Barbara Ettinger-Brinckmann, Architektin und Pr\u00e4sidentin der<br \/>\nBundesarchitekten-kammer, Kassel<br \/>\n\u2022 Monika Thomas, Architektin und Leiterin der Bau-Abteilung im<br \/>\nBundesministerium f\u00fcr Umwelt, Naturschutz, Bau und Reaktorsicherheit,<br \/>\nBerlin<br \/>\n\u2022 Prof. Matthias Sauerbruch, Architekt, Berlin<br \/>\n\u2022 Prof. Markus Allmann, Architekt, M\u00fcnchen<br \/>\n\u2022 Prof. Ruth Berktold, Architektin, M\u00fcnchen<br \/>\n\u2022 Prof. Birgit Frank, Architektin, Berlin<br \/>\n\u2022 Sven Fr\u00f6hlich, Architekt, Berlin<br \/>\n\u2022 Dr. Christopher Schwarz, Redakteur der WirtschaftsWoche, D\u00fcsseldorf<\/p>\n<p>Die Auslobungsunterlagen und weitere Informationen finden Sie unter<br \/>\nwww.deutscher-architekturpreis.de<br \/>\nhttps:\/\/www.facebook.com\/bmub.bund<br \/>\nhttps:\/\/www.instagram.com\/bmub\/<br \/>\n<a class=\"twitter-timeline\" data-width=\"640\" data-height=\"960\" data-dnt=\"true\" href=\"https:\/\/twitter.com\/bmub?ref_src=twsrc%5Etfw\">Tweets by bmub<\/a><script async src=\"https:\/\/platform.twitter.com\/widgets.js\" charset=\"utf-8\"><\/script><\/p>\n<p>Quelle:bmub.bund.de<\/p>\n","protected":false},"excerpt":{"rendered":"<p>Berlin: Hendricks lobt Deutschen Architekturpreis 2017 aus Bundesbauministerin Barbara Hendricks und die Pr\u00e4sidentin der Bundesarchitekten-kammer, Barbara Ettinger-Brinckmann, haben heute den Deutschen Architekturpreis 2017 ausgelobt. Bis zum 31. M\u00e4rz 2017 k\u00f6nnen Bauwerke oder Geb\u00e4udeensemble nominiert werden, die zwischen dem 1. Januar 2015 und dem 31. Januar 2017 fertig gestellt wurden. Hendricks: \u201eMit dem Deutschen Architekturpreis zeichnen [&hellip;]<\/p>\n","protected":false},"author":7,"featured_media":8893,"comment_status":"closed","ping_status":"open","sticky":false,"template":"","format":"standard","meta":{"footnotes":""},"categories":[44,3],"tags":[2171],"class_list":["post-10357","post","type-post","status-publish","format-standard","has-post-thumbnail","hentry","category-deutschland-2","category-news","tag-architektenpreis"],"_links":{"self":[{"href":"https:\/\/www.frankensicht.de\/index.php?rest_route=\/wp\/v2\/posts\/10357","targetHints":{"allow":["GET"]}}],"collection":[{"href":"https:\/\/www.frankensicht.de\/index.php?rest_route=\/wp\/v2\/posts"}],"about":[{"href":"https:\/\/www.frankensicht.de\/index.php?rest_route=\/wp\/v2\/types\/post"}],"author":[{"embeddable":true,"href":"https:\/\/www.frankensicht.de\/index.php?rest_route=\/wp\/v2\/users\/7"}],"replies":[{"embeddable":true,"href":"https:\/\/www.frankensicht.de\/index.php?rest_route=%2Fwp%2Fv2%2Fcomments&post=10357"}],"version-history":[{"count":2,"href":"https:\/\/www.frankensicht.de\/index.php?rest_route=\/wp\/v2\/posts\/10357\/revisions"}],"predecessor-version":[{"id":10364,"href":"https:\/\/www.frankensicht.de\/index.php?rest_route=\/wp\/v2\/posts\/10357\/revisions\/10364"}],"wp:featuredmedia":[{"embeddable":true,"href":"https:\/\/www.frankensicht.de\/index.php?rest_route=\/wp\/v2\/media\/8893"}],"wp:attachment":[{"href":"https:\/\/www.frankensicht.de\/index.php?rest_route=%2Fwp%2Fv2%2Fmedia&parent=10357"}],"wp:term":[{"taxonomy":"category","embeddable":true,"href":"https:\/\/www.frankensicht.de\/index.php?rest_route=%2Fwp%2Fv2%2Fcategories&post=10357"},{"taxonomy":"post_tag","embeddable":true,"href":"https:\/\/www.frankensicht.de\/index.php?rest_route=%2Fwp%2Fv2%2Ftags&post=10357"}],"curies":[{"name":"wp","href":"https:\/\/api.w.org\/{rel}","templated":true}]}}