{"id":10355,"date":"2017-01-31T08:52:05","date_gmt":"2017-01-31T07:52:05","guid":{"rendered":"http:\/\/www.frankensicht.de\/?p=10355"},"modified":"2017-02-02T08:57:37","modified_gmt":"2017-02-02T07:57:37","slug":"100-ladestation-eingeweiht","status":"publish","type":"post","link":"https:\/\/www.frankensicht.de\/?p=10355","title":{"rendered":"100. Ladestation eingeweiht"},"content":{"rendered":"<p><span style=\"color: #ff0000;\">Berlin:<\/span><\/p>\n<p>100. Ladestation eingeweiht<\/p>\n<p>Dobrindt: E-Tankstellennetz auf Autobahnen w\u00e4chst<\/p>\n<p>Bundesminister Alexander Dobrindt hat heute die 100. Schnellladestation des E-Tankstellenprogramms des Bundesverkehrsministeriums (BMVI) auf der Autobahnrastst\u00e4tte Augsburg-Ost in Betrieb genommen. Parallel dazu gehen weitere 12 Schnellladestationen ans Netz.<\/p>\n<p><a href=\"https:\/\/www.frankensicht.de\/?attachment_id=4796\" rel=\"attachment wp-att-4796\"><img loading=\"lazy\" decoding=\"async\" class=\"alignnone size-medium wp-image-4796\" src=\"https:\/\/www.frankensicht.de\/wp-content\/uploads\/2012\/12\/steckdose1-300x225.jpg\" alt=\"\" width=\"300\" height=\"225\" srcset=\"https:\/\/www.frankensicht.de\/wp-content\/uploads\/2012\/12\/steckdose1-300x225.jpg 300w, https:\/\/www.frankensicht.de\/wp-content\/uploads\/2012\/12\/steckdose1.jpg 640w\" sizes=\"auto, (max-width: 300px) 100vw, 300px\" \/><\/a><\/p>\n<p>Dobrindt:<\/p>\n<p>Mit dem Bau von Schnelllades\u00e4ulen auf allen Autobahnrastst\u00e4tten geben wir der Elektromobilit\u00e4t einen weiteren Schub. Ziel muss es sein, dass auf den Autobahnen niemand mehr dar\u00fcber nachdenken muss, wo die n\u00e4chste Lades\u00e4ule steht. Deutschland muss Vorreiter bei der Mobilit\u00e4t 4.0 bleiben. Eine fl\u00e4chendeckende Ladeinfrastruktur ist der Schl\u00fcssel f\u00fcr den Durchbruch dieser Antriebstechnik. Nur so erreichen wir unser Ziel von mehr Mobilit\u00e4t bei weniger Emissionen.<\/p>\n<p>Das BMVI investiert in ein dichtes Netz von Schnellladestationen auf Bundesautobahnen. Hierf\u00fcr werden alle bewirtschafteten Rastanlagen mit Schnelllades\u00e4ulen und Parkpl\u00e4tzen f\u00fcr E-Fahrzeuge ausgestattet.<\/p>\n<p>Das E-Tankstellenprogramm ist Teil des Ma\u00dfnahmenpakets, mit dem das BMVI den Aufbau der Ladeinfrastruktur f\u00fcr E-Fahrzeuge unterst\u00fctzt. Hierzu z\u00e4hlt auch das F\u00f6rderprogramm &#8222;Elektromobilit\u00e4t vor Ort&#8220; mit rund 30 Millionen Euro pro Jahr f\u00fcr die Kommunen und das neue 300-Millionen-Euro-F\u00f6rderprogramm f\u00fcr ein fl\u00e4chendeckendes Netz mit 5.000 Schnell- und 10.000 Normallades\u00e4ulen bis 2020.<\/p>\n","protected":false},"excerpt":{"rendered":"<p>Berlin: 100. Ladestation eingeweiht Dobrindt: E-Tankstellennetz auf Autobahnen w\u00e4chst Bundesminister Alexander Dobrindt hat heute die 100. Schnellladestation des E-Tankstellenprogramms des Bundesverkehrsministeriums (BMVI) auf der Autobahnrastst\u00e4tte Augsburg-Ost in Betrieb genommen. Parallel dazu gehen weitere 12 Schnellladestationen ans Netz. Dobrindt: Mit dem Bau von Schnelllades\u00e4ulen auf allen Autobahnrastst\u00e4tten geben wir der Elektromobilit\u00e4t einen weiteren Schub. Ziel muss [&hellip;]<\/p>\n","protected":false},"author":7,"featured_media":4796,"comment_status":"closed","ping_status":"open","sticky":false,"template":"","format":"standard","meta":{"footnotes":""},"categories":[20,44,3],"tags":[2172],"class_list":["post-10355","post","type-post","status-publish","format-standard","has-post-thumbnail","hentry","category-auto","category-deutschland-2","category-news","tag-ladestationen"],"_links":{"self":[{"href":"https:\/\/www.frankensicht.de\/index.php?rest_route=\/wp\/v2\/posts\/10355","targetHints":{"allow":["GET"]}}],"collection":[{"href":"https:\/\/www.frankensicht.de\/index.php?rest_route=\/wp\/v2\/posts"}],"about":[{"href":"https:\/\/www.frankensicht.de\/index.php?rest_route=\/wp\/v2\/types\/post"}],"author":[{"embeddable":true,"href":"https:\/\/www.frankensicht.de\/index.php?rest_route=\/wp\/v2\/users\/7"}],"replies":[{"embeddable":true,"href":"https:\/\/www.frankensicht.de\/index.php?rest_route=%2Fwp%2Fv2%2Fcomments&post=10355"}],"version-history":[{"count":1,"href":"https:\/\/www.frankensicht.de\/index.php?rest_route=\/wp\/v2\/posts\/10355\/revisions"}],"predecessor-version":[{"id":10356,"href":"https:\/\/www.frankensicht.de\/index.php?rest_route=\/wp\/v2\/posts\/10355\/revisions\/10356"}],"wp:featuredmedia":[{"embeddable":true,"href":"https:\/\/www.frankensicht.de\/index.php?rest_route=\/wp\/v2\/media\/4796"}],"wp:attachment":[{"href":"https:\/\/www.frankensicht.de\/index.php?rest_route=%2Fwp%2Fv2%2Fmedia&parent=10355"}],"wp:term":[{"taxonomy":"category","embeddable":true,"href":"https:\/\/www.frankensicht.de\/index.php?rest_route=%2Fwp%2Fv2%2Fcategories&post=10355"},{"taxonomy":"post_tag","embeddable":true,"href":"https:\/\/www.frankensicht.de\/index.php?rest_route=%2Fwp%2Fv2%2Ftags&post=10355"}],"curies":[{"name":"wp","href":"https:\/\/api.w.org\/{rel}","templated":true}]}}