{"id":10342,"date":"2017-01-26T11:07:11","date_gmt":"2017-01-26T10:07:11","guid":{"rendered":"http:\/\/www.frankensicht.de\/?p=10342"},"modified":"2017-01-26T11:07:11","modified_gmt":"2017-01-26T10:07:11","slug":"bundeskabinett-staerkt-bonn-als-un-standort-internationale-naturschutzunion-iucn-erhaelt-neuen-rechtsstatus","status":"publish","type":"post","link":"https:\/\/www.frankensicht.de\/?p=10342","title":{"rendered":"Bundeskabinett st\u00e4rkt Bonn als UN-Standort Internationale Naturschutzunion (IUCN) erh\u00e4lt neuen Rechtsstatus"},"content":{"rendered":"<p><span style=\"color: #ff0000;\">Berlin:<\/span><\/p>\n<p>Bundeskabinett st\u00e4rkt Bonn als UN-Standort<br \/>\nInternationale Naturschutzunion (IUCN) erh\u00e4lt neuen Rechtsstatus<\/p>\n<p>Auf Vorschlag von Bundesumweltministerin Barbara Hendricks hat das<br \/>\nBundeskabinett heute beschlossen, den Status der in Bonn ans\u00e4ssigen<br \/>\nInternationalen Naturschutzorganisation IUCN aufzuwerten. Damit werden die<br \/>\nrechtlichen Rahmenbedingungen f\u00fcr die IUCN und ihre 15 Mitarbeiter im<br \/>\nBonner Environmental Law Centre gesichert und verbessert, etwa durch eine<br \/>\nsteuerrechtliche Sonderstellung. Ohne diese Verbesserungen w\u00e4re ein<br \/>\nWegzug der IUCN von Bonn nach Genf zu bef\u00fcrchten gewesen.<\/p>\n<p><a href=\"https:\/\/www.frankensicht.de\/?attachment_id=7477\" rel=\"attachment wp-att-7477\"><img loading=\"lazy\" decoding=\"async\" class=\"alignnone size-medium wp-image-7477\" src=\"https:\/\/www.frankensicht.de\/wp-content\/uploads\/2014\/08\/P1020626-300x225.jpg\" alt=\"\" width=\"300\" height=\"225\" srcset=\"https:\/\/www.frankensicht.de\/wp-content\/uploads\/2014\/08\/P1020626-300x225.jpg 300w, https:\/\/www.frankensicht.de\/wp-content\/uploads\/2014\/08\/P1020626.jpg 640w\" sizes=\"auto, (max-width: 300px) 100vw, 300px\" \/><\/a><\/p>\n<p>Bundesumweltministerin Barbara Hendricks: \u201eEs freut mich, dass es uns mit<br \/>\ndem heutigen Beschluss gelungen ist, die Attraktivit\u00e4t Bonns als UN-Stadt<br \/>\nund als Standort f\u00fcr internationale Institutionen und Organisationen<br \/>\nerneut zu st\u00e4rken. Wir tragen damit auch der im Berlin\/Bonn-Gesetz<br \/>\nvorgesehenen Bedeutung Bonns als Zentrum f\u00fcr inter-nationale Politik<br \/>\nRechnung.\u201c<\/p>\n<p>Die IUCN (Internationale Union f\u00fcr die Erhaltung der Natur und der<br \/>\nnat\u00fcrlichen Hilfs-quellen) wurde 1948 gegr\u00fcndet und hat ihren Hauptsitz<br \/>\nin Gland (Schweiz). Sie ist in \u00fcber 125 L\u00e4ndern t\u00e4tig und hat mehr als<br \/>\n1.300 Mitglieder, darunter auch viele Staaten, einschlie\u00dflich<br \/>\nDeutschland. Sie spielt eine wichtige Rolle im internationalen<br \/>\nNaturschutz, f\u00fchrt beispielsweise die internationale Rote Liste<br \/>\ngef\u00e4hrdeter Tier- und Pflanzenarten und ber\u00e4t die UNESCO in<br \/>\nAngelegenheiten des Weltnaturerbes.<\/p>\n<p>Zu der IUCN geh\u00f6rt auch das ebenfalls in Bonn ans\u00e4ssige<br \/>\nIUCN-Environmental Law Centre (ELC), dass unter anderem bei der<br \/>\nFortentwicklung des internationalen und nationalen Umweltrechts eine<br \/>\nbedeutende Rolle hat. Die Bem\u00fchungen, der IUCN einen Rechtsstatus zu<br \/>\nverleihen, der ihrer internationalen Bedeutung Rechnung tr\u00e4gt, geht bis<br \/>\nauf die Mitte der 90er Jahre zur\u00fcck. K\u00fcnftig soll sie als \u201edurch<br \/>\nzwischenstaatliche Vereinbarung geschaffene Organisation\u201c anerkannt<br \/>\nwerden.<\/p>\n<p>Die Bundesregierung hatte erst k\u00fcrzlich auf Initiative von<br \/>\nBundesumweltministerin Bar-bara Hendricks im Bundeshaushalt ein neues<br \/>\nProgramm im Volumen von 17 Millionen Euro zur F\u00f6rderung des UN-Standortes<br \/>\nBonn aufgelegt.<br \/>\nhttps:\/\/www.facebook.com\/bmub.bund<\/p>\n<p>https:\/\/www.instagram.com\/bmub\/<\/p>\n<p><a class=\"twitter-timeline\" data-width=\"640\" data-height=\"960\" data-dnt=\"true\" href=\"https:\/\/twitter.com\/bmub?ref_src=twsrc%5Etfw\">Tweets by bmub<\/a><script async src=\"https:\/\/platform.twitter.com\/widgets.js\" charset=\"utf-8\"><\/script><\/p>\n<p>Quelle: bmub.bund.de<\/p>\n","protected":false},"excerpt":{"rendered":"<p>Berlin: Bundeskabinett st\u00e4rkt Bonn als UN-Standort Internationale Naturschutzunion (IUCN) erh\u00e4lt neuen Rechtsstatus Auf Vorschlag von Bundesumweltministerin Barbara Hendricks hat das Bundeskabinett heute beschlossen, den Status der in Bonn ans\u00e4ssigen Internationalen Naturschutzorganisation IUCN aufzuwerten. Damit werden die rechtlichen Rahmenbedingungen f\u00fcr die IUCN und ihre 15 Mitarbeiter im Bonner Environmental Law Centre gesichert und verbessert, etwa durch [&hellip;]<\/p>\n","protected":false},"author":7,"featured_media":8920,"comment_status":"closed","ping_status":"open","sticky":false,"template":"","format":"standard","meta":{"footnotes":""},"categories":[44,3],"tags":[1284],"class_list":["post-10342","post","type-post","status-publish","format-standard","has-post-thumbnail","hentry","category-deutschland-2","category-news","tag-naturschutz"],"_links":{"self":[{"href":"https:\/\/www.frankensicht.de\/index.php?rest_route=\/wp\/v2\/posts\/10342","targetHints":{"allow":["GET"]}}],"collection":[{"href":"https:\/\/www.frankensicht.de\/index.php?rest_route=\/wp\/v2\/posts"}],"about":[{"href":"https:\/\/www.frankensicht.de\/index.php?rest_route=\/wp\/v2\/types\/post"}],"author":[{"embeddable":true,"href":"https:\/\/www.frankensicht.de\/index.php?rest_route=\/wp\/v2\/users\/7"}],"replies":[{"embeddable":true,"href":"https:\/\/www.frankensicht.de\/index.php?rest_route=%2Fwp%2Fv2%2Fcomments&post=10342"}],"version-history":[{"count":1,"href":"https:\/\/www.frankensicht.de\/index.php?rest_route=\/wp\/v2\/posts\/10342\/revisions"}],"predecessor-version":[{"id":10343,"href":"https:\/\/www.frankensicht.de\/index.php?rest_route=\/wp\/v2\/posts\/10342\/revisions\/10343"}],"wp:featuredmedia":[{"embeddable":true,"href":"https:\/\/www.frankensicht.de\/index.php?rest_route=\/wp\/v2\/media\/8920"}],"wp:attachment":[{"href":"https:\/\/www.frankensicht.de\/index.php?rest_route=%2Fwp%2Fv2%2Fmedia&parent=10342"}],"wp:term":[{"taxonomy":"category","embeddable":true,"href":"https:\/\/www.frankensicht.de\/index.php?rest_route=%2Fwp%2Fv2%2Fcategories&post=10342"},{"taxonomy":"post_tag","embeddable":true,"href":"https:\/\/www.frankensicht.de\/index.php?rest_route=%2Fwp%2Fv2%2Ftags&post=10342"}],"curies":[{"name":"wp","href":"https:\/\/api.w.org\/{rel}","templated":true}]}}