{"id":10333,"date":"2017-01-22T08:49:35","date_gmt":"2017-01-22T07:49:35","guid":{"rendered":"http:\/\/www.frankensicht.de\/?p=10333"},"modified":"2017-01-22T08:49:35","modified_gmt":"2017-01-22T07:49:35","slug":"eroeffnung-des-global-forum-for-food-and-agriculture-2017-die-berliner-welternaehrungskonferenz","status":"publish","type":"post","link":"https:\/\/www.frankensicht.de\/?p=10333","title":{"rendered":"Er\u00f6ffnung des Global Forum for Food and Agriculture 2017 \u2013 die Berliner Weltern\u00e4hrungskonferenz"},"content":{"rendered":"<p><span style=\"color: #ff0000;\">Berlin:<\/span><\/p>\n<p>Er\u00f6ffnung des Global Forum for Food and Agriculture 2017 \u2013 die Berliner Weltern\u00e4hrungskonferenz<br \/>\nBleser: \u201eWasserknappheit ist eine zentrale Herausforderung der Zukunft\u201c<\/p>\n<p>Anl\u00e4sslich der Internationalen Gr\u00fcnen Woche er\u00f6ffnete der Parlamentarische Staatssekret\u00e4r beim Bundesminister f\u00fcr Ern\u00e4hrung und Landwirtschaft, Peter Bleser, am 19. Januar 2017 in Berlin das 9. Global Forum for Food and Agriculture 2017 (GFFA) \u2013 Die Berliner Weltern\u00e4hrungskonferenz.<br \/>\nMit dem Titel \u201eLandwirtschaft und Wasser \u2013 Schl\u00fcssel zur Weltern\u00e4hrung\u201c widmet sich das GFFA 2017 einer der zentralen Ressourcen der landwirtschaftlichen Produktion. Bei der Auftaktveranstaltung erkl\u00e4rt Bleser:<\/p>\n<p><a href=\"https:\/\/www.frankensicht.de\/?attachment_id=9033\" rel=\"attachment wp-att-9033\"><img loading=\"lazy\" decoding=\"async\" class=\"alignnone size-medium wp-image-9033\" src=\"https:\/\/www.frankensicht.de\/wp-content\/uploads\/2015\/09\/P1000137-300x225.jpg\" alt=\"\" width=\"300\" height=\"225\" srcset=\"https:\/\/www.frankensicht.de\/wp-content\/uploads\/2015\/09\/P1000137-300x225.jpg 300w, https:\/\/www.frankensicht.de\/wp-content\/uploads\/2015\/09\/P1000137.jpg 640w\" sizes=\"auto, (max-width: 300px) 100vw, 300px\" \/><\/a><\/p>\n<p>\u201eDie zunehmende Wasserknappheit ist eine zentrale Herausforderung der Zukunft. Um einen nachhaltigeren Umgang mit Wasser zu erreichen, m\u00fcssen alle relevanten Akteure ihren Beitrag leisten und sektoren\u00fcbergreifend zusammenarbeiten. Denn die vielf\u00e4ltigen Herausforderungen der Landwirtschaft, von denen der schonende Umgang mit sauberem Wasser eine zentrale Bedeutung einnimmt, k\u00f6nnen nur gemeinsam gel\u00f6st werden. Auch in Zukunft muss die Produktion von Lebensmitteln f\u00fcr die Ern\u00e4hrungssicherung sichergestellt werden.\u201c<\/p>\n<p>Hintergrund:<br \/>\nDas diesj\u00e4hrige GFFA \u2013 Die Berliner Weltern\u00e4hrungskonferenz verfolgt das Ziel, Diskussionen zur Rolle der Landwirtschaft beim nachhaltigen Umgang mit der wertvollen Ressource anzusto\u00dfen und konkrete Handlungsempfehlungen zu formulieren. Die Auftaktveranstaltung markiert dabei den offiziellen Startschuss f\u00fcr das GFFA und legt den Grundstein f\u00fcr vielf\u00e4ltige Fachdiskussionen.<br \/>\nTeil des GFFA ist auch die Kooperationsb\u00f6rse, die am kommenden Freitag in Berlin stattfindet und ebenfalls durch den Parlamentarischen Staatssekret\u00e4r Bleser er\u00f6ffnet wird. Die Kooperationsb\u00f6rse bietet dabei 30 nationalen und internationalen Ausstellern, darunter Verb\u00e4nde und Unternehmen, aber auch Hochschulen, Institute und Nichtregierungsorganisationen, aus den Bereichen Landwirtschaft und internationaler Zusammenarbeit eine Plattform zum Austausch und zur Kontaktaufnahme. Die Diskussionen und Debatten flie\u00dfen in den politischen H\u00f6hepunkt des GFFA, der 9. Berliner Agrarministerkonferenz ein, die am Samstag mit Bundeslandwirtschaftsminister Christian Schmidt unter Beteiligung von Ministerinnen und Ministern sowie Vizeministerinnen und Vizeministern aus etwa 80 L\u00e4ndern stattfindet und in der das GFFA-Abschlusskommuniqu\u00e9 verabschiedet werden soll.<\/p>\n<p>Quelle:bmel.bund.de<\/p>\n<p>&nbsp;<\/p>\n","protected":false},"excerpt":{"rendered":"<p>Berlin: Er\u00f6ffnung des Global Forum for Food and Agriculture 2017 \u2013 die Berliner Weltern\u00e4hrungskonferenz Bleser: \u201eWasserknappheit ist eine zentrale Herausforderung der Zukunft\u201c Anl\u00e4sslich der Internationalen Gr\u00fcnen Woche er\u00f6ffnete der Parlamentarische Staatssekret\u00e4r beim Bundesminister f\u00fcr Ern\u00e4hrung und Landwirtschaft, Peter Bleser, am 19. Januar 2017 in Berlin das 9. Global Forum for Food and Agriculture 2017 (GFFA) [&hellip;]<\/p>\n","protected":false},"author":7,"featured_media":0,"comment_status":"closed","ping_status":"open","sticky":false,"template":"","format":"standard","meta":{"footnotes":""},"categories":[44,3],"tags":[1092],"class_list":["post-10333","post","type-post","status-publish","format-standard","hentry","category-deutschland-2","category-news","tag-food-and-agriculture"],"_links":{"self":[{"href":"https:\/\/www.frankensicht.de\/index.php?rest_route=\/wp\/v2\/posts\/10333","targetHints":{"allow":["GET"]}}],"collection":[{"href":"https:\/\/www.frankensicht.de\/index.php?rest_route=\/wp\/v2\/posts"}],"about":[{"href":"https:\/\/www.frankensicht.de\/index.php?rest_route=\/wp\/v2\/types\/post"}],"author":[{"embeddable":true,"href":"https:\/\/www.frankensicht.de\/index.php?rest_route=\/wp\/v2\/users\/7"}],"replies":[{"embeddable":true,"href":"https:\/\/www.frankensicht.de\/index.php?rest_route=%2Fwp%2Fv2%2Fcomments&post=10333"}],"version-history":[{"count":1,"href":"https:\/\/www.frankensicht.de\/index.php?rest_route=\/wp\/v2\/posts\/10333\/revisions"}],"predecessor-version":[{"id":10335,"href":"https:\/\/www.frankensicht.de\/index.php?rest_route=\/wp\/v2\/posts\/10333\/revisions\/10335"}],"wp:attachment":[{"href":"https:\/\/www.frankensicht.de\/index.php?rest_route=%2Fwp%2Fv2%2Fmedia&parent=10333"}],"wp:term":[{"taxonomy":"category","embeddable":true,"href":"https:\/\/www.frankensicht.de\/index.php?rest_route=%2Fwp%2Fv2%2Fcategories&post=10333"},{"taxonomy":"post_tag","embeddable":true,"href":"https:\/\/www.frankensicht.de\/index.php?rest_route=%2Fwp%2Fv2%2Ftags&post=10333"}],"curies":[{"name":"wp","href":"https:\/\/api.w.org\/{rel}","templated":true}]}}