{"id":10325,"date":"2017-01-18T08:44:21","date_gmt":"2017-01-18T07:44:21","guid":{"rendered":"http:\/\/www.frankensicht.de\/?p=10325"},"modified":"2017-01-18T08:44:21","modified_gmt":"2017-01-18T07:44:21","slug":"modellvorhaben-landaufschwung-zieht-positive-halbzeitbilanz","status":"publish","type":"post","link":"https:\/\/www.frankensicht.de\/?p=10325","title":{"rendered":"Modellvorhaben Land(auf)Schwung zieht positive Halbzeitbilanz"},"content":{"rendered":"<p><span style=\"color: #ff0000;\">Berlin:<\/span><\/p>\n<p>Schmidt: Neue Impulse f\u00fcr Leben und Arbeiten auf dem Land<br \/>\nModellvorhaben Land(auf)Schwung zieht positive Halbzeitbilanz<\/p>\n<p>Zur Mitte des F\u00f6rderzeitraums des Modellvorhabens Land(auf)Schwung zieht Bundeslandwirtschaftsminister Christian Schmidt eine positive Bilanz. Nach eineinhalb Jahren werden in den F\u00f6rderregionen Elbe-Elster, Greiz, Hochsauerlandkreis, H\u00f6xter, Kronach, Mittelsachsen, Neunkirchen, Sigmaringen, Stendal, St. Wendel, Vorpommern-R\u00fcgen, Werra-Mei\u00dfner-Kreis und Wittmund bereits 130 Projekte der l\u00e4ndlichen Entwicklung realisiert.<\/p>\n<p><a href=\"https:\/\/www.frankensicht.de\/?attachment_id=9898\" rel=\"attachment wp-att-9898\"><img loading=\"lazy\" decoding=\"async\" class=\"alignnone size-medium wp-image-9898\" src=\"https:\/\/www.frankensicht.de\/wp-content\/uploads\/2016\/08\/pferde-300x225.jpg\" alt=\"\" width=\"300\" height=\"225\" srcset=\"https:\/\/www.frankensicht.de\/wp-content\/uploads\/2016\/08\/pferde-300x225.jpg 300w, https:\/\/www.frankensicht.de\/wp-content\/uploads\/2016\/08\/pferde.jpg 640w\" sizes=\"auto, (max-width: 300px) 100vw, 300px\" \/><\/a><\/p>\n<p>Zum Modellvorhaben Land(auf)Schwung erkl\u00e4rt Bundesminister Schmidt:<br \/>\n&#8222;Die Entwicklung der L\u00e4ndlichen R\u00e4ume ist ein Megathema der kommenden Jahre. Gemeinsam mit den Akteuren vor Ort will ich die Herausforderungen, vor denen unsere l\u00e4ndlichen Regionen stehen, angehen und daf\u00fcr sorgen, dass Deutschland in allen Regionen lebenswert und zukunftsf\u00e4hig bleibt. Mit dem Bundesprogramm L\u00e4ndliche Entwicklung und dem Modellvorhaben Land(auf)Schwung habe ich die Basis geschaffen, dass viele gute Ideen entwickelt, in der Praxis erprobt und f\u00fcr die breite Nachahmung aufbereitet werden. Wir setzen damit neue Impulse f\u00fcr Leben, Arbeiten und Miteinander auf dem Land. Mit Erfolg: Land(auf)Schwung zeigt, wie viel die Menschen vor Ort erreichen, wenn man ihnen die n\u00f6tigen finanziellen Mittel und Hilfestellungen an die Hand gibt. Mit unserer Unterst\u00fctzung haben die 13 Regionen Konzepte entwickelt, um die regionale Wertsch\u00f6pfung zu st\u00e4rken und die Daseinsvorsorge zu sichern. Mit den 1,5 Millionen Euro, die jede Region eigenst\u00e4ndig als Regionalbudget verwaltet, werden bereits 130 Projekte umgesetzt und die Regionen entscheidend vorangebracht. Dabei bietet Land(auf)Schwung den F\u00f6rderregionen ein Experimentierfeld zur Erprobung neuer L\u00f6sungswege und setzt bewusst auf die Kraft und den Unternehmergeist der Menschen vor Ort. Mit Land(auf)Schwung haben die Menschen bewiesen, dass sie ihre Heimat mit der n\u00f6tigen Unterst\u00fctzung gestalten und verbessern und ein Beispiel f\u00fcr andere sein k\u00f6nnen.&#8220;<\/p>\n<p>Hintergrundinformation<br \/>\nMit dem Modellvorhaben Land(auf)Schwung werden strukturschwache l\u00e4ndliche Regionen dabei unterst\u00fctzt, mit dem demografischen Wandel vor Ort aktiv umzugehen, die regionale Wertsch\u00f6pfung zu erh\u00f6hen und die Besch\u00e4ftigung im l\u00e4ndlichen Raum zu sichern. Das Modellvorhaben ist ein Baustein des Bundesprogramms L\u00e4ndliche Entwicklung und zielt darauf ab, die regionale Wertsch\u00f6pfung zu st\u00e4rken und die Daseinsvorsorge zu sichern. Ein Schwerpunkt liegt dabei insbesondere auf der interkommunalen und interregionalen Zusammenarbeit. Das Modellvorhaben l\u00e4uft noch bis Juni 2018.<\/p>\n<p>Das Modellvorhaben Land(auf)Schwung bei der Internationalen Gr\u00fcnen Woche:<br \/>\nIm Rahmen der BMEL-Sonderschau in Halle 23a auf der Internationalen Gr\u00fcnen Woche in Berlin pr\u00e4sentieren sich auch f\u00fcnf Regionen aus Land(auf)Schwung f\u00fcr jeweils zwei Tage. Die Regionen Neunkirchen (20.\/21.01), Stendal (22.\/23.01), Elbe-Elster (24.\/25.01), Werra-Mei\u00dfner (26.\/27.01.) und H\u00f6xter (28.\/29.01) zeigen gelungene Beispiele der l\u00e4ndlichen Entwicklung aus ihrer Region, die mithilfe von Land(auf)Schwung umgesetzt werden konnten. Zu sehen gibt es unter anderem ein Upcycling-Projekt, das nicht nur sch\u00f6ne M\u00f6bel produziert, sondern Migranten und Langzeitarbeitslosen auch neue berufliche Perspektiven er\u00f6ffnet. Au\u00dferdem werden die Chancen von Digitalisierung und neuen Medien f\u00fcr Menschen auf dem Land, aber auch die Potentiale regionaler Wertsch\u00f6pfung am Messestand dargestellt werden.<\/p>\n<p>Unter www.land-auf-schwung.de&lt;http:\/\/www.land-auf-schwung.de&gt; finden Sie weitere Informationen zum Modellvorhaben sowie zur Umsetzung in den 13 F\u00f6rderregionen.<\/p>\n<p>Quelle: bmel.bund.de<\/p>\n","protected":false},"excerpt":{"rendered":"<p>Berlin: Schmidt: Neue Impulse f\u00fcr Leben und Arbeiten auf dem Land Modellvorhaben Land(auf)Schwung zieht positive Halbzeitbilanz Zur Mitte des F\u00f6rderzeitraums des Modellvorhabens Land(auf)Schwung zieht Bundeslandwirtschaftsminister Christian Schmidt eine positive Bilanz. Nach eineinhalb Jahren werden in den F\u00f6rderregionen Elbe-Elster, Greiz, Hochsauerlandkreis, H\u00f6xter, Kronach, Mittelsachsen, Neunkirchen, Sigmaringen, Stendal, St. Wendel, Vorpommern-R\u00fcgen, Werra-Mei\u00dfner-Kreis und Wittmund bereits 130 Projekte [&hellip;]<\/p>\n","protected":false},"author":7,"featured_media":9898,"comment_status":"closed","ping_status":"open","sticky":false,"template":"","format":"standard","meta":{"footnotes":""},"categories":[44,3],"tags":[2163],"class_list":["post-10325","post","type-post","status-publish","format-standard","has-post-thumbnail","hentry","category-deutschland-2","category-news","tag-landaufschwung"],"_links":{"self":[{"href":"https:\/\/www.frankensicht.de\/index.php?rest_route=\/wp\/v2\/posts\/10325","targetHints":{"allow":["GET"]}}],"collection":[{"href":"https:\/\/www.frankensicht.de\/index.php?rest_route=\/wp\/v2\/posts"}],"about":[{"href":"https:\/\/www.frankensicht.de\/index.php?rest_route=\/wp\/v2\/types\/post"}],"author":[{"embeddable":true,"href":"https:\/\/www.frankensicht.de\/index.php?rest_route=\/wp\/v2\/users\/7"}],"replies":[{"embeddable":true,"href":"https:\/\/www.frankensicht.de\/index.php?rest_route=%2Fwp%2Fv2%2Fcomments&post=10325"}],"version-history":[{"count":1,"href":"https:\/\/www.frankensicht.de\/index.php?rest_route=\/wp\/v2\/posts\/10325\/revisions"}],"predecessor-version":[{"id":10326,"href":"https:\/\/www.frankensicht.de\/index.php?rest_route=\/wp\/v2\/posts\/10325\/revisions\/10326"}],"wp:featuredmedia":[{"embeddable":true,"href":"https:\/\/www.frankensicht.de\/index.php?rest_route=\/wp\/v2\/media\/9898"}],"wp:attachment":[{"href":"https:\/\/www.frankensicht.de\/index.php?rest_route=%2Fwp%2Fv2%2Fmedia&parent=10325"}],"wp:term":[{"taxonomy":"category","embeddable":true,"href":"https:\/\/www.frankensicht.de\/index.php?rest_route=%2Fwp%2Fv2%2Fcategories&post=10325"},{"taxonomy":"post_tag","embeddable":true,"href":"https:\/\/www.frankensicht.de\/index.php?rest_route=%2Fwp%2Fv2%2Ftags&post=10325"}],"curies":[{"name":"wp","href":"https:\/\/api.w.org\/{rel}","templated":true}]}}