{"id":10318,"date":"2017-01-14T08:42:09","date_gmt":"2017-01-14T07:42:09","guid":{"rendered":"http:\/\/www.frankensicht.de\/?p=10318"},"modified":"2017-01-14T08:42:09","modified_gmt":"2017-01-14T07:42:09","slug":"deutschland-und-tschechien-bekraeftigen-das-groesste-waldgebiet-mitteleuropas-steht-weiter-unter-gemeinsamen-schutz","status":"publish","type":"post","link":"https:\/\/www.frankensicht.de\/?p=10318","title":{"rendered":"Deutschland und Tschechien bekr\u00e4ftigen: das gr\u00f6\u00dfte Waldgebiet Mitteleuropas steht weiter unter gemeinsamen Schutz"},"content":{"rendered":"<p><span style=\"color: #ff0000;\">Berlin -Tschechien:<\/span><\/p>\n<p>Internationaler Klimaschutz<br \/>\nDeutschland und Tschechien bekr\u00e4ftigen: das gr\u00f6\u00dfte Waldgebiet<br \/>\nMitteleuropas steht weiter unter gemeinsamen Schutz<br \/>\nFlasbarth: \u201cWir wollen neue Leuchtturmprojekte im Um-welt- und<br \/>\nKlimaschutz ausloten\u201c<\/p>\n<p><a href=\"https:\/\/www.frankensicht.de\/?attachment_id=8536\" rel=\"attachment wp-att-8536\"><img loading=\"lazy\" decoding=\"async\" class=\"alignnone size-medium wp-image-8536\" src=\"https:\/\/www.frankensicht.de\/wp-content\/uploads\/2015\/05\/tschechische-republik-300x200.png\" alt=\"\" width=\"300\" height=\"200\" srcset=\"https:\/\/www.frankensicht.de\/wp-content\/uploads\/2015\/05\/tschechische-republik-300x200.png 300w, https:\/\/www.frankensicht.de\/wp-content\/uploads\/2015\/05\/tschechische-republik-220x146.png 220w, https:\/\/www.frankensicht.de\/wp-content\/uploads\/2015\/05\/tschechische-republik.png 900w\" sizes=\"auto, (max-width: 300px) 100vw, 300px\" \/><\/a><\/p>\n<p>Deutschland und die Tschechische Republik setzen ihre enge Zusammenarbeit<br \/>\nim Umweltschutz fort. Jochen Flasbarth, Staatssekret\u00e4r im<br \/>\nBundesumweltministerium, und sein tschechischer Kollege,<br \/>\nVizeumweltminister Vladislav Smr\u017e, haben dies heute zum Auftakt der 15.<br \/>\nSitzung der deutsch-tschechischen Gemeinsamen Umweltkommission<br \/>\nbekr\u00e4ftigt. In der Kommission arbeiten auch Sachsen und Bayern mit. Im<br \/>\nMittelpunkt des Treffens steht die grenz\u00fcberschreitende Zusammenarbeit<br \/>\nbei Nationalparks und f\u00fcr saubere Luft in den Grenzregionen. Au\u00dferdem<br \/>\ngeht es um Fragen des EU-Klima- und Naturschutzes.<\/p>\n<p>Flasbarth: \u201eDeutschland und Tschechien k\u00f6nnen im Umwelt- und Klimaschutz<br \/>\ngemeinsame Leuchtturmprojekte ansto\u00dfen, bei denen wir \u00fcber die<br \/>\ngesetzlichen Verpflichtungen hinaus gehen. Auch die Europ\u00e4ische<br \/>\nKlimaschutzinitiative des BMUB er\u00f6ffnet dazu neue Perspektiven. Bei den<br \/>\nGespr\u00e4chen in Prag wollen wir konkrete Vorhaben ausloten.\u201c<\/p>\n<p>Die Staatssekret\u00e4re begr\u00fc\u00dften, dass die Zusammenarbeit zwischen den<br \/>\nbeiden Nationalparks \u0160umava und Bayerischer Wald sehr gut funktioniere.<br \/>\nDie Gebiete der Nationalparke bilden das gr\u00f6\u00dfte zusammenh\u00e4ngende<br \/>\nnaturnahe Waldgebiet in Mitteleuropa. Die Verantwortung zum Schutz dieses<br \/>\nGebietes wollen Deutschland und Tschechien auch weiterhin gemeinsam<br \/>\n\u00fcberneh-men.<\/p>\n<p>Ungeachtet erster Erfolge bei der Luftqualit\u00e4t im grenznahen Gebiet zu<br \/>\nTschechien kam es in den vergangenen Wintern wieder zu Luftbelastungen.<br \/>\nVor diesem Hintergrund wollen Deutschland und Tschechien ihre gemeinsamen<br \/>\nAktivit\u00e4ten zur Luftreinhaltung intensivieren und weitere Ma\u00df-nahmen<br \/>\nplanen.<br \/>\nhttps:\/\/www.facebook.com\/bmub.bund<\/p>\n<p>https:\/\/www.instagram.com\/bmub\/<\/p>\n<p>Quelle: bmub.bund.de<\/p>\n","protected":false},"excerpt":{"rendered":"<p>Berlin -Tschechien: Internationaler Klimaschutz Deutschland und Tschechien bekr\u00e4ftigen: das gr\u00f6\u00dfte Waldgebiet Mitteleuropas steht weiter unter gemeinsamen Schutz Flasbarth: \u201cWir wollen neue Leuchtturmprojekte im Um-welt- und Klimaschutz ausloten\u201c Deutschland und die Tschechische Republik setzen ihre enge Zusammenarbeit im Umweltschutz fort. Jochen Flasbarth, Staatssekret\u00e4r im Bundesumweltministerium, und sein tschechischer Kollege, Vizeumweltminister Vladislav Smr\u017e, haben dies heute zum [&hellip;]<\/p>\n","protected":false},"author":7,"featured_media":8536,"comment_status":"closed","ping_status":"open","sticky":false,"template":"","format":"standard","meta":{"footnotes":""},"categories":[44,3],"tags":[238],"class_list":["post-10318","post","type-post","status-publish","format-standard","has-post-thumbnail","hentry","category-deutschland-2","category-news","tag-klimaschutz"],"_links":{"self":[{"href":"https:\/\/www.frankensicht.de\/index.php?rest_route=\/wp\/v2\/posts\/10318","targetHints":{"allow":["GET"]}}],"collection":[{"href":"https:\/\/www.frankensicht.de\/index.php?rest_route=\/wp\/v2\/posts"}],"about":[{"href":"https:\/\/www.frankensicht.de\/index.php?rest_route=\/wp\/v2\/types\/post"}],"author":[{"embeddable":true,"href":"https:\/\/www.frankensicht.de\/index.php?rest_route=\/wp\/v2\/users\/7"}],"replies":[{"embeddable":true,"href":"https:\/\/www.frankensicht.de\/index.php?rest_route=%2Fwp%2Fv2%2Fcomments&post=10318"}],"version-history":[{"count":2,"href":"https:\/\/www.frankensicht.de\/index.php?rest_route=\/wp\/v2\/posts\/10318\/revisions"}],"predecessor-version":[{"id":10320,"href":"https:\/\/www.frankensicht.de\/index.php?rest_route=\/wp\/v2\/posts\/10318\/revisions\/10320"}],"wp:featuredmedia":[{"embeddable":true,"href":"https:\/\/www.frankensicht.de\/index.php?rest_route=\/wp\/v2\/media\/8536"}],"wp:attachment":[{"href":"https:\/\/www.frankensicht.de\/index.php?rest_route=%2Fwp%2Fv2%2Fmedia&parent=10318"}],"wp:term":[{"taxonomy":"category","embeddable":true,"href":"https:\/\/www.frankensicht.de\/index.php?rest_route=%2Fwp%2Fv2%2Fcategories&post=10318"},{"taxonomy":"post_tag","embeddable":true,"href":"https:\/\/www.frankensicht.de\/index.php?rest_route=%2Fwp%2Fv2%2Ftags&post=10318"}],"curies":[{"name":"wp","href":"https:\/\/api.w.org\/{rel}","templated":true}]}}