{"id":10296,"date":"2017-01-08T09:04:24","date_gmt":"2017-01-08T08:04:24","guid":{"rendered":"http:\/\/www.frankensicht.de\/?p=10296"},"modified":"2017-01-08T09:05:07","modified_gmt":"2017-01-08T08:05:07","slug":"klima-fortbildung-fuer-logistiker-und-spediteure","status":"publish","type":"post","link":"https:\/\/www.frankensicht.de\/?p=10296","title":{"rendered":"Klima-Fortbildung f\u00fcr Logistiker und Spediteure"},"content":{"rendered":"<p><span style=\"color: #ff0000;\">Berlin:<\/span><\/p>\n<p>Klima-Fortbildung f\u00fcr Logistiker und Spediteure<\/p>\n<p>Das Bundesumweltministerium f\u00f6rdert ab dem 1. Januar 2017 ein<br \/>\nMobilit\u00e4tsprojekt f\u00fcr die Ausbildung in der Logistik- und<br \/>\nSpeditionsbranche mit 850.000 Euro. Ziel des dreij\u00e4hrigen Projektes<br \/>\nSYSLOG+ ist es, die Aspekte von effizienten und ressourcenschonenden<br \/>\nTransportketten in der beruflichen Bildung von Logistikerinnen und<br \/>\nLogistikern sowie Speditionskaufleuten zu verankern.<\/p>\n<p>In der jetzigen beruflichen Qualifizierung der Logistik- und<br \/>\nSpeditionsbranche wird oft nur ein einzelner Verkehrstr\u00e4ger<br \/>\nber\u00fccksichtigt. Die schnittstellenoptimierte Verkn\u00fcpfung von<br \/>\nverschiedenen Verkehrstr\u00e4gern zu einer nachhaltigen Logistikkette ist<br \/>\njedoch h\u00e4ufig weitaus klimafreundlicher. Wenn Fachkr\u00e4fte das von Anfang<br \/>\nan verinnerlichen, bieten sich gro\u00dfe Chancen zur Einsparung von<br \/>\nTreibhausgasemissionen.<\/p>\n<p><a href=\"https:\/\/www.frankensicht.de\/?attachment_id=3806\" rel=\"attachment wp-att-3806\"><img loading=\"lazy\" decoding=\"async\" class=\"alignnone size-full wp-image-3806\" src=\"https:\/\/www.frankensicht.de\/wp-content\/uploads\/2012\/08\/lkw.jpg\" alt=\"\" width=\"220\" height=\"160\" \/><\/a><\/p>\n<p>Das Modellprojekt soll Auszubildende und Ausbilder in sechs Berufsschulen<br \/>\nin drei Bundesl\u00e4ndern f\u00fcr das Themenfeld des kombinierten Verkehrs<br \/>\nqualifizieren. Damit soll ein Beitrag zur Minderung der<br \/>\nTreibhausgasemissionen im Verkehrssektor geleistet werden. Durchgef\u00fchrt<br \/>\nwird das Projekt von der Studiengesellschaft f\u00fcr den Kombinierten Verkehr<br \/>\n(SGKV) und der Beuth Hochschule f\u00fcr Technik Berlin durchgef\u00fchrt.<\/p>\n<p>Mit dem Projekt SYSLOG+ wird zun\u00e4chst ein virtuelles Logistiklabor als<br \/>\nOpen Source Anwendung entwickelt, mit dem Transportketten simuliert und<br \/>\nbewertet sowie Planungs- und Entscheidungswege sp\u00e4ter ge\u00fcbt werden<br \/>\nk\u00f6nnen. Im zweiten Schritt qualifiziert SYSLOG+ Lehrkr\u00e4fte der<br \/>\nBerufsschulen f\u00fcr nachhaltige Planungen im G\u00fcterverkehr und erprobt mit<br \/>\nden Lehrkr\u00e4ften und Auszubildenden die Anwendbarkeit des Labors. Das so<br \/>\nentstandene Wissen soll dauerhaft f\u00fcr alle zur Verf\u00fcgung stehen.<\/p>\n<p>Ansprechpartnerin bei der Studiengesellschaft f\u00fcr den Kombinierten Verkehr<br \/>\n(SGKV):<br \/>\nDiana Fieberg (Projektleiterin), sgkv@sgkv.de<\/p>\n<p>Das Projekt SYSLOG+ wird aus Mitteln der Nationalen Klimaschutzinitiative<br \/>\n(NKI) des Bundesumweltministeriums gef\u00f6rdert.<\/p>\n<p>Informationen zur Nationalen Klimaschutzinitiative: www.klimaschutz.de<\/p>\n<p>https:\/\/www.facebook.com\/bmub.bund<br \/>\nhttps:\/\/www.instagram.com\/bmub\/<br \/>\n<a class=\"twitter-timeline\" data-width=\"640\" data-height=\"960\" data-dnt=\"true\" href=\"https:\/\/twitter.com\/bmub?ref_src=twsrc%5Etfw\">Tweets by bmub<\/a><script async src=\"https:\/\/platform.twitter.com\/widgets.js\" charset=\"utf-8\"><\/script><\/p>\n<p>Quelle:bmub.bund.de<\/p>\n","protected":false},"excerpt":{"rendered":"<p>Berlin: Klima-Fortbildung f\u00fcr Logistiker und Spediteure Das Bundesumweltministerium f\u00f6rdert ab dem 1. Januar 2017 ein Mobilit\u00e4tsprojekt f\u00fcr die Ausbildung in der Logistik- und Speditionsbranche mit 850.000 Euro. Ziel des dreij\u00e4hrigen Projektes SYSLOG+ ist es, die Aspekte von effizienten und ressourcenschonenden Transportketten in der beruflichen Bildung von Logistikerinnen und Logistikern sowie Speditionskaufleuten zu verankern. In der [&hellip;]<\/p>\n","protected":false},"author":7,"featured_media":3806,"comment_status":"closed","ping_status":"open","sticky":false,"template":"","format":"standard","meta":{"footnotes":""},"categories":[44,3],"tags":[347],"class_list":["post-10296","post","type-post","status-publish","format-standard","has-post-thumbnail","hentry","category-deutschland-2","category-news","tag-klimaforschung"],"_links":{"self":[{"href":"https:\/\/www.frankensicht.de\/index.php?rest_route=\/wp\/v2\/posts\/10296","targetHints":{"allow":["GET"]}}],"collection":[{"href":"https:\/\/www.frankensicht.de\/index.php?rest_route=\/wp\/v2\/posts"}],"about":[{"href":"https:\/\/www.frankensicht.de\/index.php?rest_route=\/wp\/v2\/types\/post"}],"author":[{"embeddable":true,"href":"https:\/\/www.frankensicht.de\/index.php?rest_route=\/wp\/v2\/users\/7"}],"replies":[{"embeddable":true,"href":"https:\/\/www.frankensicht.de\/index.php?rest_route=%2Fwp%2Fv2%2Fcomments&post=10296"}],"version-history":[{"count":1,"href":"https:\/\/www.frankensicht.de\/index.php?rest_route=\/wp\/v2\/posts\/10296\/revisions"}],"predecessor-version":[{"id":10297,"href":"https:\/\/www.frankensicht.de\/index.php?rest_route=\/wp\/v2\/posts\/10296\/revisions\/10297"}],"wp:featuredmedia":[{"embeddable":true,"href":"https:\/\/www.frankensicht.de\/index.php?rest_route=\/wp\/v2\/media\/3806"}],"wp:attachment":[{"href":"https:\/\/www.frankensicht.de\/index.php?rest_route=%2Fwp%2Fv2%2Fmedia&parent=10296"}],"wp:term":[{"taxonomy":"category","embeddable":true,"href":"https:\/\/www.frankensicht.de\/index.php?rest_route=%2Fwp%2Fv2%2Fcategories&post=10296"},{"taxonomy":"post_tag","embeddable":true,"href":"https:\/\/www.frankensicht.de\/index.php?rest_route=%2Fwp%2Fv2%2Ftags&post=10296"}],"curies":[{"name":"wp","href":"https:\/\/api.w.org\/{rel}","templated":true}]}}