{"id":10292,"date":"2017-01-03T08:42:46","date_gmt":"2017-01-03T07:42:46","guid":{"rendered":"http:\/\/www.frankensicht.de\/?p=10292"},"modified":"2017-01-03T08:42:46","modified_gmt":"2017-01-03T07:42:46","slug":"wanderausstellung-des-gesundheitsministeriums-zum-thema-demenz-fuer-2017-und-2018-ausgebucht","status":"publish","type":"post","link":"https:\/\/www.frankensicht.de\/?p=10292","title":{"rendered":"Wanderausstellung des Gesundheitsministeriums zum Thema Demenz f\u00fcr 2017 und 2018 ausgebucht"},"content":{"rendered":"<p><span style=\"color: #ff0000;\">Berlin:<\/span><\/p>\n<p>Huml: Wanderausstellung des Gesundheitsministeriums zum Thema Demenz f\u00fcr 2017 und 2018 ausgebucht &#8211; Bayerns Gesundheits- und Pflegeministerin erfreut \u00fcber starke Nachfrage &#8211; Ausstellung ist Teil der Bayerischen Demenzstrategie<\/p>\n<p>Die Wanderausstellung des bayerischen Gesundheitsministeriums zum Thema Demenz st\u00f6\u00dft auf gro\u00dfes Interesse. Darauf hat Bayerns Gesundheits- und Pflegeministerin Melanie Huml am Dienstag hingewiesen. Huml betonte: &#8222;Ich freue mich sehr, dass unsere Wanderausstellung &#8218;Was geht. Was bleibt. Leben mit Demenz&#8216; so stark nachgefragt wird. Die Ausstellung ist schon jetzt f\u00fcr 2017 und 2018 vollst\u00e4ndig ausgebucht. Auch f\u00fcr das Jahr 2019 haben wir schon viele Interessenten.&#8220;<\/p>\n<p><a href=\"https:\/\/www.frankensicht.de\/?attachment_id=4951\" rel=\"attachment wp-att-4951\"><img loading=\"lazy\" decoding=\"async\" class=\"alignnone size-medium wp-image-4951\" src=\"https:\/\/www.frankensicht.de\/wp-content\/uploads\/2013\/01\/krankenhaus-300x187.jpg\" alt=\"\" width=\"300\" height=\"187\" srcset=\"https:\/\/www.frankensicht.de\/wp-content\/uploads\/2013\/01\/krankenhaus-300x187.jpg 300w, https:\/\/www.frankensicht.de\/wp-content\/uploads\/2013\/01\/krankenhaus.jpg 640w\" sizes=\"auto, (max-width: 300px) 100vw, 300px\" \/><\/a><\/p>\n<p>Die Ausstellung erfreut sich in allen Regierungsbezirken Bayerns einer regen Nachfrage. Damit kann sie von interessierten B\u00fcrgerinnen und B\u00fcrgern in ganz Bayern besucht werden. Ausstellungsorte sind beispielsweise Landrats\u00e4mter, Banken, Krankenh\u00e4user und Seniorenheime.<\/p>\n<p>Die Ministerin erl\u00e4uterte: &#8222;Der Umgang mit Demenzkranken und ihren pflegenden Angeh\u00f6rigen ist ein wichtiges gesellschaftliches Thema. Wir brauchen Konzepte, um die Rahmenbedingungen nach den Bed\u00fcrfnissen der Demenzkranken und ihrer pflegenden Angeh\u00f6rigen zu gestalten. Daf\u00fcr haben wir die Bayerische Demenzstrategie entwickelt, in die alle bayerischen Ministerien eingebunden sind. Zu unserer Strategie geh\u00f6rt auch eine breit angelegte Aufkl\u00e4rungs- und \u00d6ffentlichkeitsarbeit. Die Wanderausstellung ist ein Teil davon.&#8220;<\/p>\n<p>Huml f\u00fcgte hinzu: &#8222;Ziel der Ausstellung ist es, die Menschen \u00fcber Demenz zu informieren, aufzukl\u00e4ren und ins Gespr\u00e4ch zu kommen. Die mit der Krankheit einhergehenden Wesensver\u00e4nderungen sind oft schwierig und k\u00f6nnen leicht zu Missverst\u00e4ndnissen f\u00fchren. Es ist deshalb wichtig, Menschen jeden Alters umfassend \u00fcber das Krankheitsbild zu informieren und die Gesellschaft zu sensibilisieren. Wir wollen Demenzkranken und ihren Angeh\u00f6rigen ein Leben in der Mitte der Gesellschaft erm\u00f6glichen und die Krankheit weiter aus der Tabuzone herausholen.&#8220;<\/p>\n<p>Die Wanderausstellung des bayerischen Gesundheits- und Pflegeministeriums wurde zum ersten Mal im April 2016 in Bamberg pr\u00e4sentiert. Sie wird seitdem an verschiedenen Orten in Bayern gezeigt.<\/p>\n<p>Mehr Informationen finden Sie unter https:\/\/www.stmgp.bayern.de\/ministerium\/veranstaltungen\/.<\/p>\n<p>Quelle:stmgp.bund.de<\/p>\n","protected":false},"excerpt":{"rendered":"<p>Berlin: Huml: Wanderausstellung des Gesundheitsministeriums zum Thema Demenz f\u00fcr 2017 und 2018 ausgebucht &#8211; Bayerns Gesundheits- und Pflegeministerin erfreut \u00fcber starke Nachfrage &#8211; Ausstellung ist Teil der Bayerischen Demenzstrategie Die Wanderausstellung des bayerischen Gesundheitsministeriums zum Thema Demenz st\u00f6\u00dft auf gro\u00dfes Interesse. Darauf hat Bayerns Gesundheits- und Pflegeministerin Melanie Huml am Dienstag hingewiesen. Huml betonte: &#8222;Ich [&hellip;]<\/p>\n","protected":false},"author":7,"featured_media":4951,"comment_status":"closed","ping_status":"open","sticky":false,"template":"","format":"standard","meta":{"footnotes":""},"categories":[44,3],"tags":[205],"class_list":["post-10292","post","type-post","status-publish","format-standard","has-post-thumbnail","hentry","category-deutschland-2","category-news","tag-demenz"],"_links":{"self":[{"href":"https:\/\/www.frankensicht.de\/index.php?rest_route=\/wp\/v2\/posts\/10292","targetHints":{"allow":["GET"]}}],"collection":[{"href":"https:\/\/www.frankensicht.de\/index.php?rest_route=\/wp\/v2\/posts"}],"about":[{"href":"https:\/\/www.frankensicht.de\/index.php?rest_route=\/wp\/v2\/types\/post"}],"author":[{"embeddable":true,"href":"https:\/\/www.frankensicht.de\/index.php?rest_route=\/wp\/v2\/users\/7"}],"replies":[{"embeddable":true,"href":"https:\/\/www.frankensicht.de\/index.php?rest_route=%2Fwp%2Fv2%2Fcomments&post=10292"}],"version-history":[{"count":1,"href":"https:\/\/www.frankensicht.de\/index.php?rest_route=\/wp\/v2\/posts\/10292\/revisions"}],"predecessor-version":[{"id":10293,"href":"https:\/\/www.frankensicht.de\/index.php?rest_route=\/wp\/v2\/posts\/10292\/revisions\/10293"}],"wp:featuredmedia":[{"embeddable":true,"href":"https:\/\/www.frankensicht.de\/index.php?rest_route=\/wp\/v2\/media\/4951"}],"wp:attachment":[{"href":"https:\/\/www.frankensicht.de\/index.php?rest_route=%2Fwp%2Fv2%2Fmedia&parent=10292"}],"wp:term":[{"taxonomy":"category","embeddable":true,"href":"https:\/\/www.frankensicht.de\/index.php?rest_route=%2Fwp%2Fv2%2Fcategories&post=10292"},{"taxonomy":"post_tag","embeddable":true,"href":"https:\/\/www.frankensicht.de\/index.php?rest_route=%2Fwp%2Fv2%2Ftags&post=10292"}],"curies":[{"name":"wp","href":"https:\/\/api.w.org\/{rel}","templated":true}]}}