{"id":10273,"date":"2016-12-28T08:21:11","date_gmt":"2016-12-28T07:21:11","guid":{"rendered":"http:\/\/www.frankensicht.de\/?p=10273"},"modified":"2016-12-28T08:21:11","modified_gmt":"2016-12-28T07:21:11","slug":"bundeswirtschaftsministerium-startet-innovationsprogramm-zur-diversifizierung-der-verteidigungsindustrie","status":"publish","type":"post","link":"https:\/\/www.frankensicht.de\/?p=10273","title":{"rendered":"Bundeswirtschaftsministerium startet Innovationsprogramm zur Diversifizierung der Verteidigungsindustrie"},"content":{"rendered":"<p><span style=\"color: #ff0000;\">Berlin:<\/span><\/p>\n<p>Bundeswirtschaftsministerium startet Innovationsprogramm zur Diversifizierung der<br \/>\nVerteidigungsindustrie<\/p>\n<p>Heute ist die F\u00f6rderrichtlinie zum neuen Innovationsprogramm des<br \/>\nBundesministeriums f\u00fcr Wirtschaft und Energie &#8222;Unterst\u00fctzung von<br \/>\nDiversifizierungsstrategien von Unternehmen der Verteidigungsindustrie in zivile<br \/>\nSicherheitstechnologien&#8220; in Kraft getreten. Branchenvertreter und weitere<br \/>\nStakeholder sind bereits am 26. September 2016 im Rahmen einer<br \/>\nAuftaktveranstaltung<br \/>\n&lt;http:\/\/www.bmwi.de\/DE\/Service\/Veranstaltungen\/dokumentationen,did=775938.html&gt;<br \/>\nim Bundesministerium f\u00fcr Wirtschaft und Energie in Berlin \u00fcber Zielsetzung und<br \/>\nInhalte des neuen Innovationsprogramms informiert worden. F\u00f6rderinteressenten<br \/>\nsind ab heute eingeladen, sich individuell oder im Verbund mit Projektvorschl\u00e4gen<br \/>\num die Vergabe der F\u00f6rdermittel zu bewerben.<\/p>\n<p>Die F\u00f6rderung umfasst experimentelle Entwicklungsaktivit\u00e4ten f\u00fcr innovative<br \/>\nProdukte, Verfahren oder technische Dienstleistungen im Bereich ziviler<br \/>\nSicherheitstechnologien mit einem hohen praktischen Anwendungspotenzial.<br \/>\nBesondere Bedeutung wird dabei Verbundprojekten beigemessen, in denen<br \/>\nverbundf\u00fchrende Verteidigungsunternehmen mit Unternehmen der zivilen<br \/>\nSicherheitsindustrie, Hochschulen, Forschungs- und Wissenschaftseinrichtungen<br \/>\nsowie Endnutzer ziviler Sicherheitstechnologien zusammenarbeiten. Dabei wird die<br \/>\nEinbindung von kleinen und mittleren Unternehmen (KMU) positiv ber\u00fccksichtigt.<\/p>\n<p><a href=\"https:\/\/www.frankensicht.de\/?attachment_id=1993\" rel=\"attachment wp-att-1993\"><img loading=\"lazy\" decoding=\"async\" class=\"alignnone size-full wp-image-1993\" src=\"https:\/\/www.frankensicht.de\/wp-content\/uploads\/2012\/05\/tonne.jpg\" alt=\"\" width=\"166\" height=\"294\" \/><\/a><\/p>\n<p>F\u00fcr Entwicklungsvorhaben wird grunds\u00e4tzlich eine Anteilsfinanzierung von bis zu<\/p>\n<p>maximal 25 % der zuwendungsf\u00e4higen Kosten gew\u00e4hrt. Bei Verbundprojekten und<br \/>\nKMU-Einbindung sind h\u00f6here F\u00f6rderquoten m\u00f6glich. Hochschulen, Forschungs- und<br \/>\nWissenschaftseinrichtungen sowie Endnutzer k\u00f6nnen bei Vorliegen der<br \/>\nVoraussetzungen bis zu 100 % finanziert werden. Der Gesamtf\u00f6rdermittelumfang<br \/>\nbel\u00e4uft sich auf rund 7,5 Mio. Euro.<\/p>\n<p>Die F\u00f6rderrichtlinie des Innovationsprogramms wurde gestern im Bundesanzeiger<br \/>\nver\u00f6ffentlicht und ist heute in Kraft getreten. Die F\u00f6rderrichtlinie kann hier<br \/>\n(PDF: 47,3 KB)<br \/>\n&lt;http:\/\/www.bmwi.de\/BMWi\/Redaktion\/PDF\/P-R\/richtlinie-zum-innovationsprogramm-unterstuetzung-von-diversifizierungsstrategien-von-unternehmen-der-verteidigungsindustrie-in-zivile-sicherheitstechnologien,property=pdf,bereich=bmwi,sprache=de,rwb=true.pdf&gt;<br \/>\neingesehen werden.<\/p>\n<p>Mit der Programmumsetzung und der Beratung interessierter Antragsteller ist als<br \/>\nProjekttr\u00e4ger die VDI Technologiezentrum GmbH beauftragt worden.<\/p>\n<p>Quelle: bmwi.bund.de<\/p>\n","protected":false},"excerpt":{"rendered":"<p>Berlin: Bundeswirtschaftsministerium startet Innovationsprogramm zur Diversifizierung der Verteidigungsindustrie Heute ist die F\u00f6rderrichtlinie zum neuen Innovationsprogramm des Bundesministeriums f\u00fcr Wirtschaft und Energie &#8222;Unterst\u00fctzung von Diversifizierungsstrategien von Unternehmen der Verteidigungsindustrie in zivile Sicherheitstechnologien&#8220; in Kraft getreten. Branchenvertreter und weitere Stakeholder sind bereits am 26. September 2016 im Rahmen einer Auftaktveranstaltung &lt;http:\/\/www.bmwi.de\/DE\/Service\/Veranstaltungen\/dokumentationen,did=775938.html&gt; im Bundesministerium f\u00fcr Wirtschaft und Energie [&hellip;]<\/p>\n","protected":false},"author":7,"featured_media":6464,"comment_status":"closed","ping_status":"open","sticky":false,"template":"","format":"standard","meta":{"footnotes":""},"categories":[44,3],"tags":[2149],"class_list":["post-10273","post","type-post","status-publish","format-standard","has-post-thumbnail","hentry","category-deutschland-2","category-news","tag-ruestungsindustrie"],"_links":{"self":[{"href":"https:\/\/www.frankensicht.de\/index.php?rest_route=\/wp\/v2\/posts\/10273","targetHints":{"allow":["GET"]}}],"collection":[{"href":"https:\/\/www.frankensicht.de\/index.php?rest_route=\/wp\/v2\/posts"}],"about":[{"href":"https:\/\/www.frankensicht.de\/index.php?rest_route=\/wp\/v2\/types\/post"}],"author":[{"embeddable":true,"href":"https:\/\/www.frankensicht.de\/index.php?rest_route=\/wp\/v2\/users\/7"}],"replies":[{"embeddable":true,"href":"https:\/\/www.frankensicht.de\/index.php?rest_route=%2Fwp%2Fv2%2Fcomments&post=10273"}],"version-history":[{"count":2,"href":"https:\/\/www.frankensicht.de\/index.php?rest_route=\/wp\/v2\/posts\/10273\/revisions"}],"predecessor-version":[{"id":10275,"href":"https:\/\/www.frankensicht.de\/index.php?rest_route=\/wp\/v2\/posts\/10273\/revisions\/10275"}],"wp:featuredmedia":[{"embeddable":true,"href":"https:\/\/www.frankensicht.de\/index.php?rest_route=\/wp\/v2\/media\/6464"}],"wp:attachment":[{"href":"https:\/\/www.frankensicht.de\/index.php?rest_route=%2Fwp%2Fv2%2Fmedia&parent=10273"}],"wp:term":[{"taxonomy":"category","embeddable":true,"href":"https:\/\/www.frankensicht.de\/index.php?rest_route=%2Fwp%2Fv2%2Fcategories&post=10273"},{"taxonomy":"post_tag","embeddable":true,"href":"https:\/\/www.frankensicht.de\/index.php?rest_route=%2Fwp%2Fv2%2Ftags&post=10273"}],"curies":[{"name":"wp","href":"https:\/\/api.w.org\/{rel}","templated":true}]}}