{"id":10257,"date":"2016-12-17T08:59:12","date_gmt":"2016-12-17T07:59:12","guid":{"rendered":"http:\/\/www.frankensicht.de\/?p=10257"},"modified":"2016-12-17T08:59:12","modified_gmt":"2016-12-17T07:59:12","slug":"deutschland-und-polen-staerken-kommunen-bei-klima-freundlichem-wirtschaften","status":"publish","type":"post","link":"https:\/\/www.frankensicht.de\/?p=10257","title":{"rendered":"Deutschland und Polen st\u00e4rken Kommunen bei klima-freundlichem Wirtschaften"},"content":{"rendered":"<p><span style=\"color: #ff0000;\">Berlin:<\/span><\/p>\n<p>Klimaschutz\/Internationales<br \/>\nDeutschland und Polen st\u00e4rken Kommunen bei klima-freundlichem<br \/>\nWirtschaften<br \/>\nFlasbarth: \u201eIn beiden L\u00e4ndern sind viele St\u00e4dte auf<br \/>\nKlima-schutzkurs\u201c<\/p>\n<p>Polens Umweltminister Prof. Jan Szyszko und Umweltstaatssekret\u00e4r Jochen<br \/>\nFlasbarth bekr\u00e4ftigen die beiderseitige Zusammenarbeit beim kommunalen<br \/>\nKlimaschutz und f\u00fcr eine saubere Luft. Im Rahmen der Konferenzreihe<br \/>\n\u201eWarsaw Climate and Energy Talks\u201c sagte Jochen Flasbarth: \u201eDer<br \/>\n\u00dcbergang zu einer emissionsarmen Wirtschaft ist nicht nur eine Aufgabe<br \/>\nf\u00fcr die Politik. Wir alle sind gefragt &#8211; Klimaschutz kann nicht staatlich<br \/>\nverordnet werden. Um erfolgreich zu sein, m\u00fcssen wir die Menschen f\u00fcr<br \/>\ndieses Thema gewinnen. Wir m\u00fcssen dort ansetzen, wo sie leben und<br \/>\narbeiten: in den Kommunen.\u201c<\/p>\n<p><a href=\"https:\/\/www.frankensicht.de\/?attachment_id=9033\" rel=\"attachment wp-att-9033\"><img loading=\"lazy\" decoding=\"async\" class=\"alignnone size-medium wp-image-9033\" src=\"https:\/\/www.frankensicht.de\/wp-content\/uploads\/2015\/09\/P1000137-300x225.jpg\" alt=\"\" width=\"300\" height=\"225\" srcset=\"https:\/\/www.frankensicht.de\/wp-content\/uploads\/2015\/09\/P1000137-300x225.jpg 300w, https:\/\/www.frankensicht.de\/wp-content\/uploads\/2015\/09\/P1000137.jpg 640w\" sizes=\"auto, (max-width: 300px) 100vw, 300px\" \/><\/a><\/p>\n<p>Trotz unterschiedlicher Ausgangssituation nehmen zahlreiche deutsche und<br \/>\npolnische Kommunen beim Klimaschutz und damit der Umsetzung des Pariser<br \/>\nWeltklimaabkommens eine Vorreiterrolle ein. Mehr als 800 polnische<br \/>\nKommunen haben bereits F\u00f6rdermittel f\u00fcr die Entwicklung von<br \/>\nNiedrigemissionspl\u00e4nen beantragt. Das Bundesumweltministerium (BMUB)<br \/>\nengagiert sich dabei, die Beratung dieser Kommunen zu intensivieren.<br \/>\nDerzeit f\u00f6rdert das BMUB zwei Projekte, die den deutsch-polnischen<br \/>\nAustausch auf der lokalen und regionalen Ebene unter anderem durch den<br \/>\nAufbau von Klimaschutzst\u00e4dtepartnerschaften unterst\u00fctzen. So kooperieren<br \/>\nbeispielsweise die Partnerst\u00e4dte Herten und Szczytno sowie Wunsiedel und<br \/>\n\u0141apy aktiv bei kommunalem Klimaschutz und Fragen der Luftreinhaltung.<br \/>\nDabei es geht unter anderem um die energetische Sanierung \u00f6ffentlicher<br \/>\nGeb\u00e4ude, mehr Strom aus erneuerbaren Energien und das Absenken des<br \/>\nStromverbrauches, z.B. durch modernere Stra\u00dfenbeleuchtung. Besonderes<br \/>\nInteresse seitens der polnischen Kommunen besteht auch an der<br \/>\nZusammenarbeit bei Finanzierungsfragen und \u00f6ffentlichen<br \/>\nBeteiligungsprozessen.<br \/>\nDie \u201eWarsaw Climate and Energy Talks\u201c wurden im Jahr 2013 vom BMUB und<br \/>\ndem polnischen Umweltministerium ins Leben gerufen. Ziel ist, den<br \/>\ndeutsch-polnischen Dialog zwischen Akteuren aus Politik, Wirtschaft,<br \/>\nWissenschaft und Zivilgesellschaft zu intensivieren. Auf der diesj\u00e4hrigen<br \/>\nKonferenz, die Szyszko und Flasbarth heute er\u00f6ffneten, tauschen sich<br \/>\npolnische und deutsche Kommunen \u00fcber ihre Erfahrungen und Konzepte im<br \/>\n\u00dcbergang zu einer emissionsarmen Wirt-schaft aus und diskutieren<br \/>\ngemeinsam m\u00f6gliche L\u00f6sungsans\u00e4tze.<br \/>\nZahlreiche kommunale Leuchtturmprojekte finden Sie im deutsch-polnischen<br \/>\nKlimaschutzhand-buch:<br \/>\nhttp:\/\/www.bmub.bund.de\/themen\/klima-energie\/klimaschutz\/klimaschutzhandbuch-polen\/<br \/>\nhttps:\/\/www.facebook.com\/bmub.bund<\/p>\n<p>https:\/\/www.instagram.com\/bmub\/<\/p>\n<p><a class=\"twitter-timeline\" data-width=\"640\" data-height=\"960\" data-dnt=\"true\" href=\"https:\/\/twitter.com\/bmub?ref_src=twsrc%5Etfw\">Tweets by bmub<\/a><script async src=\"https:\/\/platform.twitter.com\/widgets.js\" charset=\"utf-8\"><\/script><\/p>\n<p>Quelle:bmub,bund.de<\/p>\n","protected":false},"excerpt":{"rendered":"<p>Berlin: Klimaschutz\/Internationales Deutschland und Polen st\u00e4rken Kommunen bei klima-freundlichem Wirtschaften Flasbarth: \u201eIn beiden L\u00e4ndern sind viele St\u00e4dte auf Klima-schutzkurs\u201c Polens Umweltminister Prof. Jan Szyszko und Umweltstaatssekret\u00e4r Jochen Flasbarth bekr\u00e4ftigen die beiderseitige Zusammenarbeit beim kommunalen Klimaschutz und f\u00fcr eine saubere Luft. Im Rahmen der Konferenzreihe \u201eWarsaw Climate and Energy Talks\u201c sagte Jochen Flasbarth: \u201eDer \u00dcbergang zu [&hellip;]<\/p>\n","protected":false},"author":7,"featured_media":9512,"comment_status":"closed","ping_status":"open","sticky":false,"template":"","format":"standard","meta":{"footnotes":""},"categories":[44,3],"tags":[238],"class_list":["post-10257","post","type-post","status-publish","format-standard","has-post-thumbnail","hentry","category-deutschland-2","category-news","tag-klimaschutz"],"_links":{"self":[{"href":"https:\/\/www.frankensicht.de\/index.php?rest_route=\/wp\/v2\/posts\/10257","targetHints":{"allow":["GET"]}}],"collection":[{"href":"https:\/\/www.frankensicht.de\/index.php?rest_route=\/wp\/v2\/posts"}],"about":[{"href":"https:\/\/www.frankensicht.de\/index.php?rest_route=\/wp\/v2\/types\/post"}],"author":[{"embeddable":true,"href":"https:\/\/www.frankensicht.de\/index.php?rest_route=\/wp\/v2\/users\/7"}],"replies":[{"embeddable":true,"href":"https:\/\/www.frankensicht.de\/index.php?rest_route=%2Fwp%2Fv2%2Fcomments&post=10257"}],"version-history":[{"count":1,"href":"https:\/\/www.frankensicht.de\/index.php?rest_route=\/wp\/v2\/posts\/10257\/revisions"}],"predecessor-version":[{"id":10258,"href":"https:\/\/www.frankensicht.de\/index.php?rest_route=\/wp\/v2\/posts\/10257\/revisions\/10258"}],"wp:featuredmedia":[{"embeddable":true,"href":"https:\/\/www.frankensicht.de\/index.php?rest_route=\/wp\/v2\/media\/9512"}],"wp:attachment":[{"href":"https:\/\/www.frankensicht.de\/index.php?rest_route=%2Fwp%2Fv2%2Fmedia&parent=10257"}],"wp:term":[{"taxonomy":"category","embeddable":true,"href":"https:\/\/www.frankensicht.de\/index.php?rest_route=%2Fwp%2Fv2%2Fcategories&post=10257"},{"taxonomy":"post_tag","embeddable":true,"href":"https:\/\/www.frankensicht.de\/index.php?rest_route=%2Fwp%2Fv2%2Ftags&post=10257"}],"curies":[{"name":"wp","href":"https:\/\/api.w.org\/{rel}","templated":true}]}}