{"id":10248,"date":"2016-12-14T08:48:45","date_gmt":"2016-12-14T07:48:45","guid":{"rendered":"http:\/\/www.frankensicht.de\/?p=10248"},"modified":"2016-12-14T08:48:45","modified_gmt":"2016-12-14T07:48:45","slug":"deutsch-afrikanische-forschung-fuer-wirksamen-klimaschutz","status":"publish","type":"post","link":"https:\/\/www.frankensicht.de\/?p=10248","title":{"rendered":"Deutsch-afrikanische Forschung f\u00fcr wirksamen Klimaschutz"},"content":{"rendered":"<p><span style=\"color: #ff0000;\">Berlin -Afrika:<\/span><\/p>\n<p>Deutsch-afrikanische Forschung f\u00fcr wirksamen Klimaschutz<\/p>\n<p>Im s\u00fcdlichen Afrika zeigen sich die Auswirkungen des Klimawandels besonders deutlich. \u00a0Deutsche Forschungsschiffe haben bereits zahlreiche Forschungsfahrten ins Benguela-Auftriebsgebiet vor der K\u00fcste von Namibia unternommen und Daten zum Temperaturwandel, N\u00e4hrstoffeintr\u00e4gen und zur Erneuerung der Fischpopulationen gesammelt. Mit diesen Daten k\u00f6nnen Forschende aus Namibia, S\u00fcdafrika und Deutschland gemeinsam Strategien entwickeln, um die nachhaltige Nutzung der verschiedenen \u00d6kosystemdienstleistungen der Region zu sichern.<\/p>\n<p>Diese Zusammenarbeit l\u00e4uft seit 2012 im mit der Republik S\u00fcdafrika und der Republik Namibia verabredeten Programm SPACES &#8211; Partnerschaften f\u00fcr die Bewertung komplexer Prozesse im System Erde in der Region s\u00fcdliches Afrika. Das Programm geht in K\u00fcrze in die zweite Ausschreibungsrunde.<\/p>\n<p>&#8222;Um mit den Auswirkungen des Klimawandels in diesen stark betroffenen L\u00e4ndern umzugehen, ben\u00f6tigen wir wissenschaftsbasierte Daten und Fakten und eine intensive internationale Zusammenarbeit. Mit SPACES f\u00f6rdern wir dabei auch besonders junge Wissenschaftlerinnen und Wissenschaftler aus den Partnerl\u00e4ndern, um Expertise f\u00fcr die Zukunft aufzubauen&#8220;, sagte der Parlamentarische Staatssekret\u00e4r Stefan M\u00fcller bei der Bundesministerin f\u00fcr Bildung und Forschung heute in Kapstadt. Dort bespricht er die Fortf\u00fchrung des Programm SPACES mit den s\u00fcdafrikanischen und namibischen Amtskollegen.<\/p>\n<p>Im Hafen von Kapstadt halten sich derzeit auch die deutschen Forschungsschiffe Polarstern und Meteor auf, um neue Forschungsbesatzungen aufzunehmen und zu neuen Fahrten ins S\u00fcdpolarmeer und in den Atlantik aufzubrechen. Die Deutsche Botschaft lud daher\u00a0 zu einem &#8222;German-Ship-Day&#8220; und wissenschaftlichen Kolloquium \u00fcber die deutsch-afrikanische Zusammenarbeit in der Klima- und Meeresforschung im s\u00fcdlichen Afrika ein.<\/p>\n<p>Die deutschen Forschungsschiffe sind wichtige Plattformen zur weltweiten Erforschung und \u00dcberwachung der Ozeane und des Klimawandels. Der Forschungseisbrecher Polarstern und das Alfred-Wegener-Institut, Helmholtz-Zentrum f\u00fcr Polar- und Meeresforschung (AWI) haben beispielsweise mit den Expeditionen ins S\u00fcdpolarmeer die Datengrundlage und die wissenschaftliche Expertise des j\u00fcngst von der Europ\u00e4ischen Union eingebrachten Vorschlags f\u00fcr ein 1,8 Millionen Quadratkilometer gro\u00dfes Meeresschutzgebiets im Weddellmeer bereitgestellt.<\/p>\n<p>Die auf der Meteor betriebene Forschung hat entscheidend zum Erkenntnisgewinn \u00fcber die Wechselwirkung der Ozeane und des Klimas beigetragen. Bevor die Meteor Kapstadt erreichte, hatte sie ozeanische Wirbel vor Namibia untersucht. Die Wissenschaftlerinnen und Wissenschaftler an Bord wollten herausfinden, wie die Str\u00f6mungen in den s\u00fcdwestafrikanischen K\u00fcstengew\u00e4ssern das Klima beeinflussen, um die Wettervorhersagen f\u00fcr das s\u00fcdliche Afrika zu verbessern.<\/p>\n<p><a href=\"https:\/\/www.frankensicht.de\/?attachment_id=8920\" rel=\"attachment wp-att-8920\"><img loading=\"lazy\" decoding=\"async\" class=\"alignnone size-medium wp-image-8920\" src=\"https:\/\/www.frankensicht.de\/wp-content\/uploads\/2015\/08\/P1020624-300x225.jpg\" alt=\"\" width=\"300\" height=\"225\" srcset=\"https:\/\/www.frankensicht.de\/wp-content\/uploads\/2015\/08\/P1020624-300x225.jpg 300w, https:\/\/www.frankensicht.de\/wp-content\/uploads\/2015\/08\/P1020624.jpg 640w\" sizes=\"auto, (max-width: 300px) 100vw, 300px\" \/><\/a><\/p>\n<p>Das Forschungsschiff-Kolloquium in Kapstadt fand im Wissenschaftsjahr 2016*17 &#8211; Meere und Ozeane statt. Im Wissenschaftsjahr geht es um die Ergr\u00fcndung der Gew\u00e4sser, ihren Schutz und eine nachhaltige Nutzung.<\/p>\n<p>Mehr Informationen unter:<\/p>\n<p>K\u00fcsten- und Meeresforschung:<br \/>\nhttps:\/\/www.bmbf.de\/de\/kuesten-meeres-und-polarforschung-339.html<\/p>\n<p>Kooperation international S\u00fcdafrika:<\/p>\n<p>http:\/\/www.kooperation-international.de\/buf\/suedafrika\/statusbericht-kooperationen-mit-deutschland.html<\/p>\n<p>Zusammenarbeit mit dem s\u00fcdlichen Afrika in der Meeresforschung (SPACES):<\/p>\n<p>https:\/\/www.fona.de\/de\/zusammenarbeit-mit-dem-suedlichen-afrika-in-der-meeresforschung-spaces-15688.html<\/p>\n<p>Quelle: bmbf.bund.de<\/p>\n","protected":false},"excerpt":{"rendered":"<p>Berlin -Afrika: Deutsch-afrikanische Forschung f\u00fcr wirksamen Klimaschutz Im s\u00fcdlichen Afrika zeigen sich die Auswirkungen des Klimawandels besonders deutlich. \u00a0Deutsche Forschungsschiffe haben bereits zahlreiche Forschungsfahrten ins Benguela-Auftriebsgebiet vor der K\u00fcste von Namibia unternommen und Daten zum Temperaturwandel, N\u00e4hrstoffeintr\u00e4gen und zur Erneuerung der Fischpopulationen gesammelt. Mit diesen Daten k\u00f6nnen Forschende aus Namibia, S\u00fcdafrika und Deutschland gemeinsam Strategien [&hellip;]<\/p>\n","protected":false},"author":7,"featured_media":8920,"comment_status":"closed","ping_status":"open","sticky":false,"template":"","format":"standard","meta":{"footnotes":""},"categories":[44,3,30],"tags":[2141],"class_list":["post-10248","post","type-post","status-publish","format-standard","has-post-thumbnail","hentry","category-deutschland-2","category-news","category-welt","tag-internationaler-klimaschutz"],"_links":{"self":[{"href":"https:\/\/www.frankensicht.de\/index.php?rest_route=\/wp\/v2\/posts\/10248","targetHints":{"allow":["GET"]}}],"collection":[{"href":"https:\/\/www.frankensicht.de\/index.php?rest_route=\/wp\/v2\/posts"}],"about":[{"href":"https:\/\/www.frankensicht.de\/index.php?rest_route=\/wp\/v2\/types\/post"}],"author":[{"embeddable":true,"href":"https:\/\/www.frankensicht.de\/index.php?rest_route=\/wp\/v2\/users\/7"}],"replies":[{"embeddable":true,"href":"https:\/\/www.frankensicht.de\/index.php?rest_route=%2Fwp%2Fv2%2Fcomments&post=10248"}],"version-history":[{"count":1,"href":"https:\/\/www.frankensicht.de\/index.php?rest_route=\/wp\/v2\/posts\/10248\/revisions"}],"predecessor-version":[{"id":10249,"href":"https:\/\/www.frankensicht.de\/index.php?rest_route=\/wp\/v2\/posts\/10248\/revisions\/10249"}],"wp:featuredmedia":[{"embeddable":true,"href":"https:\/\/www.frankensicht.de\/index.php?rest_route=\/wp\/v2\/media\/8920"}],"wp:attachment":[{"href":"https:\/\/www.frankensicht.de\/index.php?rest_route=%2Fwp%2Fv2%2Fmedia&parent=10248"}],"wp:term":[{"taxonomy":"category","embeddable":true,"href":"https:\/\/www.frankensicht.de\/index.php?rest_route=%2Fwp%2Fv2%2Fcategories&post=10248"},{"taxonomy":"post_tag","embeddable":true,"href":"https:\/\/www.frankensicht.de\/index.php?rest_route=%2Fwp%2Fv2%2Ftags&post=10248"}],"curies":[{"name":"wp","href":"https:\/\/api.w.org\/{rel}","templated":true}]}}