{"id":10234,"date":"2016-12-09T08:40:28","date_gmt":"2016-12-09T07:40:28","guid":{"rendered":"http:\/\/www.frankensicht.de\/?p=10234"},"modified":"2016-12-11T08:54:11","modified_gmt":"2016-12-11T07:54:11","slug":"neue-foerdermassnahmen-zur-staerkung-der-grundversorgung-auf-dem-land","status":"publish","type":"post","link":"https:\/\/www.frankensicht.de\/?p=10234","title":{"rendered":"Neue F\u00f6rderma\u00dfnahmen zur St\u00e4rkung der Grundversorgung auf dem Land"},"content":{"rendered":"<p><span style=\"color: #ff0000;\">Berlin:<\/span><\/p>\n<p>Schmidt: Neue F\u00f6rderma\u00dfnahmen zur St\u00e4rkung der Grundversorgung auf dem Land<\/p>\n<p>PLANAK beschlie\u00dft den Rahmenplan 2017<\/p>\n<p>Anl\u00e4sslich der heutigen Sitzung des Planungsausschusses (PLANAK) der &#8222;Gemeinschaftsaufgabe Verbesserung der Agrarstruktur und des K\u00fcstenschutzes&#8220; (GAK) erkl\u00e4rt dessen Vorsitzender, Bundeslandwirtschaftsminister Christian Schmidt:<\/p>\n<p>&#8222;Mein Ziel ist der Erhalt vitaler und attraktiver l\u00e4ndlicher Regionen. Auf dem Weg zu einer umfassenden F\u00f6rderung der l\u00e4ndlichen R\u00e4ume sind wir heute ein weiteres St\u00fcck vorangekommen. \u00dcber die Gemeinschaftsaufgabe Agrarstruktur und K\u00fcstenschutz k\u00f6nnen wir jetzt auch Kleinstunternehmen der Grundversorgung, Einrichtungen f\u00fcr lokale Basisdienstleitungen, die Umnutzung d\u00f6rflicher Bausubstanz, Mehrfunktionsh\u00e4user sowie Investitionen in den Naturschutz f\u00f6rdern. Damit sind bereits kurz nach Inkrafttreten des GAK-\u00c4nderungsgesetzes die erweiterten F\u00f6rderm\u00f6glichkeiten f\u00fcr die Grundversorgung in l\u00e4ndlichen Regionen auf Bundesebene umgesetzt. Jetzt sind die L\u00e4nder gefragt, die Grundversorgung und die Daseinsvorsorge f\u00fcr die Menschen in den l\u00e4ndlichen Regionen mit den neuen Ma\u00dfnahmen z\u00fcgig und wirksam zu verbessern. Dabei k\u00f6nnen auch EU-Mittel in die Finanzierung einbezogen werden.&#8220;<\/p>\n<p><a href=\"https:\/\/www.frankensicht.de\/?attachment_id=7574\" rel=\"attachment wp-att-7574\"><img loading=\"lazy\" decoding=\"async\" class=\"alignnone size-medium wp-image-7574\" src=\"https:\/\/www.frankensicht.de\/wp-content\/uploads\/2014\/09\/heu-300x225.jpg\" alt=\"\" width=\"300\" height=\"225\" srcset=\"https:\/\/www.frankensicht.de\/wp-content\/uploads\/2014\/09\/heu-300x225.jpg 300w, https:\/\/www.frankensicht.de\/wp-content\/uploads\/2014\/09\/heu.jpg 640w\" sizes=\"auto, (max-width: 300px) 100vw, 300px\" \/><\/a><\/p>\n<p>Hintergrund:<br \/>\nDer Bund stellt im kommenden Jahr 765 Millionen Euro f\u00fcr die GAK bereit. Davon sind 40 Millionen Euro f\u00fcr &#8222;neue&#8220; Ma\u00dfnahmen vorgesehen. Das sind Ma\u00dfnahmen, die nach der \u00c4nderung des GAK-Gesetzes im Oktober 2016 zwecks Erweiterung des F\u00f6rderspektrums zugunsten der Entwicklung l\u00e4ndlicher R\u00e4ume nun von der GAK gef\u00f6rdert werden k\u00f6nnen. Die neuen Ma\u00dfnahmen sind: &#8222;Kleinstunternehmen der Grundversorgung&#8220; und &#8222;Einrichtungen f\u00fcr lokale Basisdienstleistungen&#8220; (beide schon durch PLANAK-Umlaufbeschluss zur nachtr\u00e4glichen Erg\u00e4nzung des Rahmenplans 2016 seit November 2016 f\u00f6rderf\u00e4hig) und &#8222;Umnutzung d\u00f6rflicher Bausubstanz&#8220; sowie &#8222;Nichtproduktiver investiver Naturschutz&#8220; (F\u00f6rderung von Investitionen zur Schaffung, Wiederherstellung und Entwicklung etwa von Feuchtbiotopen, Hecken, Feldgeh\u00f6lzen, Biotopverbund)<\/p>\n<p>Kleinstunternehmen der Grundversorgung<br \/>\nZur Sicherung der Grundversorgung in l\u00e4ndlichen Regionen k\u00f6nnen Investitionen in Kleinstunternehmen mit weniger als zehn Mitarbeitern sowie der Erwerb solcher Betriebsst\u00e4tten gef\u00f6rdert werden. Damit soll ein vor Ort erreichbares Angebot an G\u00fctern oder Dienstleistungen des lokalen bis regionalen Bedarfs aufrechterhalten oder gest\u00e4rkt werden. Unterst\u00fctzt werden auch mobile sowie kombinierte Angebote eines Anbieters, auch in Mehrfunktionsh\u00e4usern. Ziel ist es, die Nahversorgung und damit die Lebensqualit\u00e4t der Menschen in l\u00e4ndlichen Orten zu verbessern.<\/p>\n<p>Einrichtungen f\u00fcr lokale Basisdienstleistungen<br \/>\nMit der F\u00f6rderung von Einrichtungen f\u00fcr lokale Basisdienstleistungen wird das Ziel verfolgt, Einrichtungen zu schaffen, in denen die f\u00fcr die Grundversorgung der l\u00e4ndlichen Bev\u00f6lkerung notwendigen G\u00fcter und Dienstleistungen angeboten werden k\u00f6nnen. In diesem Rahmen k\u00f6nnen der Kauf, die Errichtung und der Umbau von Geb\u00e4uden, der dazu erforderliche Grundst\u00fcckserwerb und der Innenausbau gef\u00f6rdert werden.<\/p>\n<p>Quelle:bmel.bund.de<\/p>\n","protected":false},"excerpt":{"rendered":"<p>Berlin: Schmidt: Neue F\u00f6rderma\u00dfnahmen zur St\u00e4rkung der Grundversorgung auf dem Land PLANAK beschlie\u00dft den Rahmenplan 2017 Anl\u00e4sslich der heutigen Sitzung des Planungsausschusses (PLANAK) der &#8222;Gemeinschaftsaufgabe Verbesserung der Agrarstruktur und des K\u00fcstenschutzes&#8220; (GAK) erkl\u00e4rt dessen Vorsitzender, Bundeslandwirtschaftsminister Christian Schmidt: &#8222;Mein Ziel ist der Erhalt vitaler und attraktiver l\u00e4ndlicher Regionen. Auf dem Weg zu einer umfassenden F\u00f6rderung [&hellip;]<\/p>\n","protected":false},"author":7,"featured_media":7574,"comment_status":"closed","ping_status":"open","sticky":false,"template":"","format":"standard","meta":{"footnotes":""},"categories":[44,3],"tags":[2136],"class_list":["post-10234","post","type-post","status-publish","format-standard","has-post-thumbnail","hentry","category-deutschland-2","category-news","tag-grundversorgung-land"],"_links":{"self":[{"href":"https:\/\/www.frankensicht.de\/index.php?rest_route=\/wp\/v2\/posts\/10234","targetHints":{"allow":["GET"]}}],"collection":[{"href":"https:\/\/www.frankensicht.de\/index.php?rest_route=\/wp\/v2\/posts"}],"about":[{"href":"https:\/\/www.frankensicht.de\/index.php?rest_route=\/wp\/v2\/types\/post"}],"author":[{"embeddable":true,"href":"https:\/\/www.frankensicht.de\/index.php?rest_route=\/wp\/v2\/users\/7"}],"replies":[{"embeddable":true,"href":"https:\/\/www.frankensicht.de\/index.php?rest_route=%2Fwp%2Fv2%2Fcomments&post=10234"}],"version-history":[{"count":1,"href":"https:\/\/www.frankensicht.de\/index.php?rest_route=\/wp\/v2\/posts\/10234\/revisions"}],"predecessor-version":[{"id":10235,"href":"https:\/\/www.frankensicht.de\/index.php?rest_route=\/wp\/v2\/posts\/10234\/revisions\/10235"}],"wp:featuredmedia":[{"embeddable":true,"href":"https:\/\/www.frankensicht.de\/index.php?rest_route=\/wp\/v2\/media\/7574"}],"wp:attachment":[{"href":"https:\/\/www.frankensicht.de\/index.php?rest_route=%2Fwp%2Fv2%2Fmedia&parent=10234"}],"wp:term":[{"taxonomy":"category","embeddable":true,"href":"https:\/\/www.frankensicht.de\/index.php?rest_route=%2Fwp%2Fv2%2Fcategories&post=10234"},{"taxonomy":"post_tag","embeddable":true,"href":"https:\/\/www.frankensicht.de\/index.php?rest_route=%2Fwp%2Fv2%2Ftags&post=10234"}],"curies":[{"name":"wp","href":"https:\/\/api.w.org\/{rel}","templated":true}]}}