{"id":10232,"date":"2016-12-08T08:44:39","date_gmt":"2016-12-08T07:44:39","guid":{"rendered":"http:\/\/www.frankensicht.de\/?p=10232"},"modified":"2016-12-08T08:44:39","modified_gmt":"2016-12-08T07:44:39","slug":"das-europaeische-naturschutzrecht-bleibt-fit-fuer-die-zukunft","status":"publish","type":"post","link":"https:\/\/www.frankensicht.de\/?p=10232","title":{"rendered":"Das europ\u00e4ische Naturschutzrecht bleibt fit f\u00fcr die Zukunft!"},"content":{"rendered":"<p><span style=\"color: #ff0000;\">Berlin:<\/span><\/p>\n<p>&nbsp;<\/p>\n<p>Naturschutz\/Europa<br \/>\nHendricks: Das europ\u00e4ische Naturschutzrecht bleibt fit f\u00fcr die Zukunft!<\/p>\n<p>Die Europ\u00e4ische Kommission hat dem europ\u00e4ischen Naturschutzrecht in ihrer<br \/>\nheutigen Sitzung Fitness und Effektivit\u00e4t bescheinigt. Die Kommission<br \/>\nhebt hervor, dass die Fauna-Flora-Habitat- und die Vogelschutz-Richtlinie<br \/>\nwesentliche Instrumente f\u00fcr die Erhaltung der biologischen Vielfalt<br \/>\ndarstellen. Bun-desumweltministerin Barbara Hendricks hatte in Br\u00fcssel<br \/>\nvor dem Hintergrund des sogenannten \u201eFitness-Check\u201c f\u00fcr eine<br \/>\nBeibehaltung der Richtlinien gek\u00e4mpft.<\/p>\n<p>Hendricks: \u201eZwei Jahre harte Arbeit haben sich gelohnt. Die<br \/>\nEU-Naturschutzrichtlinien sind das Herzst\u00fcck des europ\u00e4ischen<br \/>\nNaturschutzes. Ihr Erhalt ist eine gute Nachricht f\u00fcr alle Natursch\u00fctzer<br \/>\nin Europa. Damit bleibt das europ\u00e4ische Naturschutzrecht fit f\u00fcr die<br \/>\nZukunft.\u201c<\/p>\n<p><a href=\"https:\/\/www.frankensicht.de\/?attachment_id=7261\" rel=\"attachment wp-att-7261\"><img loading=\"lazy\" decoding=\"async\" class=\"alignnone size-medium wp-image-7261\" src=\"https:\/\/www.frankensicht.de\/wp-content\/uploads\/2014\/06\/komuran1-300x225.jpg\" alt=\"\" width=\"300\" height=\"225\" srcset=\"https:\/\/www.frankensicht.de\/wp-content\/uploads\/2014\/06\/komuran1-300x225.jpg 300w, https:\/\/www.frankensicht.de\/wp-content\/uploads\/2014\/06\/komuran1.jpg 640w\" sizes=\"auto, (max-width: 300px) 100vw, 300px\" \/><\/a><\/p>\n<p>Die Europ\u00e4ische Kommission hat die Erstellung eines Aktionsplans<br \/>\nangek\u00fcndigt, mit dem die Umsetzung der Naturschutzrichtlinien in den<br \/>\nkommenden Jahren gezielt verbessert werden soll.<\/p>\n<p>Weitere Informationen:<br \/>\nhttp:\/\/ec.europa.eu\/germany\/news\/fitness-check-kommission-f\u00fcr-bessere-umsetzung-der-vogelschutz-und-ffh-richtlinien_de<br \/>\nhttps:\/\/www.facebook.com\/bmub.bund<\/p>\n<p>https:\/\/www.instagram.com\/bmub\/<\/p>\n<p><a class=\"twitter-timeline\" data-width=\"640\" data-height=\"960\" data-dnt=\"true\" href=\"https:\/\/twitter.com\/bmub?ref_src=twsrc%5Etfw\">Tweets by bmub<\/a><script async src=\"https:\/\/platform.twitter.com\/widgets.js\" charset=\"utf-8\"><\/script><\/p>\n<p>Quelle:bmub.bund.de<\/p>\n","protected":false},"excerpt":{"rendered":"<p>Berlin: &nbsp; Naturschutz\/Europa Hendricks: Das europ\u00e4ische Naturschutzrecht bleibt fit f\u00fcr die Zukunft! Die Europ\u00e4ische Kommission hat dem europ\u00e4ischen Naturschutzrecht in ihrer heutigen Sitzung Fitness und Effektivit\u00e4t bescheinigt. Die Kommission hebt hervor, dass die Fauna-Flora-Habitat- und die Vogelschutz-Richtlinie wesentliche Instrumente f\u00fcr die Erhaltung der biologischen Vielfalt darstellen. Bun-desumweltministerin Barbara Hendricks hatte in Br\u00fcssel vor dem Hintergrund [&hellip;]<\/p>\n","protected":false},"author":7,"featured_media":7261,"comment_status":"closed","ping_status":"open","sticky":false,"template":"","format":"standard","meta":{"footnotes":""},"categories":[44,3],"tags":[1284],"class_list":["post-10232","post","type-post","status-publish","format-standard","has-post-thumbnail","hentry","category-deutschland-2","category-news","tag-naturschutz"],"_links":{"self":[{"href":"https:\/\/www.frankensicht.de\/index.php?rest_route=\/wp\/v2\/posts\/10232","targetHints":{"allow":["GET"]}}],"collection":[{"href":"https:\/\/www.frankensicht.de\/index.php?rest_route=\/wp\/v2\/posts"}],"about":[{"href":"https:\/\/www.frankensicht.de\/index.php?rest_route=\/wp\/v2\/types\/post"}],"author":[{"embeddable":true,"href":"https:\/\/www.frankensicht.de\/index.php?rest_route=\/wp\/v2\/users\/7"}],"replies":[{"embeddable":true,"href":"https:\/\/www.frankensicht.de\/index.php?rest_route=%2Fwp%2Fv2%2Fcomments&post=10232"}],"version-history":[{"count":1,"href":"https:\/\/www.frankensicht.de\/index.php?rest_route=\/wp\/v2\/posts\/10232\/revisions"}],"predecessor-version":[{"id":10233,"href":"https:\/\/www.frankensicht.de\/index.php?rest_route=\/wp\/v2\/posts\/10232\/revisions\/10233"}],"wp:featuredmedia":[{"embeddable":true,"href":"https:\/\/www.frankensicht.de\/index.php?rest_route=\/wp\/v2\/media\/7261"}],"wp:attachment":[{"href":"https:\/\/www.frankensicht.de\/index.php?rest_route=%2Fwp%2Fv2%2Fmedia&parent=10232"}],"wp:term":[{"taxonomy":"category","embeddable":true,"href":"https:\/\/www.frankensicht.de\/index.php?rest_route=%2Fwp%2Fv2%2Fcategories&post=10232"},{"taxonomy":"post_tag","embeddable":true,"href":"https:\/\/www.frankensicht.de\/index.php?rest_route=%2Fwp%2Fv2%2Ftags&post=10232"}],"curies":[{"name":"wp","href":"https:\/\/api.w.org\/{rel}","templated":true}]}}