{"id":10229,"date":"2016-12-07T07:59:20","date_gmt":"2016-12-07T06:59:20","guid":{"rendered":"http:\/\/www.frankensicht.de\/?p=10229"},"modified":"2016-12-07T07:59:20","modified_gmt":"2016-12-07T06:59:20","slug":"einigung-zwischen-bayerischem-bauernverband-bbv-und-dem-freistaat-bayern-im-riedstrom-gemeinsames-pressemitteilung-der-riedstromarbeitsgruppe","status":"publish","type":"post","link":"https:\/\/www.frankensicht.de\/?p=10229","title":{"rendered":"Einigung zwischen Bayerischem BauernVerband (BBV) und dem Freistaat Bayern im Riedstrom Gemeinsames Pressemitteilung der Riedstromarbeitsgruppe"},"content":{"rendered":"<p><span style=\"color: #ff0000;\">M\u00fcnchen:<\/span><\/p>\n<p>Einigung zwischen Bayerischem BauernVerband (BBV) und dem Freistaat Bayern im Riedstrom<br \/>\nGemeinsames Pressemitteilung der Riedstromarbeitsgruppe<\/p>\n<p>Der Freistaat Bayern hat heute mit dem Bayerischen BauernVerband eine Einigung zum so genannten Riedstrom unterzeichnet. Staatsministerin Ulrike Scharf, Staatsminister Dr. Markus S\u00f6der und Staatsminister Helmut Brunner betonten dazu heute in M\u00fcnchen, dass bei Katastrophen die landwirtschaftlichen Familien auch in Zukunft nicht alleine gelassen werden. Extreme Hochwasserkatastrophen wie 2013 k\u00f6nnen trotz gr\u00f6\u00dfter Investitionen in den Hochwasserschutz nicht v\u00f6llig verhindert werden, so die Minister, Aber eines ist klar: Bayern steht im Katastrophenfall zusammen. Wir k\u00f6nnen und werden in Extremsituation zusammenhalten und einander helfen. Die Bayerische Staatsregierung steht daher zu einer politischen Zusage, auch in Zukunft bei \u00fcberregionalen starken Hochwasserkatastrophen wie beispielsweise 2013 finanzielle Hilfen f\u00fcr die Riedstrombauern in Aussicht zu stellen, mit dem Ziel, die Existenz von betroffenen landwirtschaftlichen Betrieben zu sichern.<\/p>\n<p><a href=\"https:\/\/www.frankensicht.de\/?attachment_id=8077\" rel=\"attachment wp-att-8077\"><img loading=\"lazy\" decoding=\"async\" class=\"alignnone size-medium wp-image-8077\" src=\"https:\/\/www.frankensicht.de\/wp-content\/uploads\/2015\/01\/P1010279-300x225.jpg\" alt=\"P1010279\" width=\"300\" height=\"225\" srcset=\"https:\/\/www.frankensicht.de\/wp-content\/uploads\/2015\/01\/P1010279-300x225.jpg 300w, https:\/\/www.frankensicht.de\/wp-content\/uploads\/2015\/01\/P1010279.jpg 640w\" sizes=\"auto, (max-width: 300px) 100vw, 300px\" \/><\/a><\/p>\n<p>Der BBV-Bezirkspr\u00e4sident f\u00fcr Schwaben, Alfred Enderle, begr\u00fc\u00dfte die politische Zusage der Minister, die Landwirte im Riedstrom nach extremen Hochwassern finanziell zu unterst\u00fctzen. Der BBV-Bezirkspr\u00e4sident f\u00fcr Schwaben, Alfred Enderle, begr\u00fc\u00dfte die politische Zusage der Minister. Nach jahrzehntelangem Ringen stellt die gemeinsam mit den drei zust\u00e4ndigen Ministerien unterzeichnete Riedstroml\u00f6sung einen wichtigen Meilenstein f\u00fcr die betroffenen B\u00e4uerinnen und Bauern in der Region dar.&amp;ldquo;<\/p>\n<p>Der BBV, unterst\u00fctzt durch politische Mandatstr\u00e4ger aus der Region, insbesondere dem langj\u00e4hrigen Stimmkreisabgeordneten Georg Winter und seinem Kollegen Wolfgang Fackler, hatte seit Jahren eine rechtsverbindliche Entsch\u00e4digung zum sogenannten ;Riedstrom entlang der Donau in den Landkreisen Dillingen und Donau-Ries gefordert. Ein Rechtsanspruch auf Entsch\u00e4digungen besteht nicht. Auf Vorschlag von Herrn Ministerpr\u00e4sident Horst Seehofer wurde daher eine Arbeitsgruppe eingesetzt. Darin wurde durch die beteiligten Ministerien gemeinsam mit dem BBV nach L\u00f6sungen gesucht, um den Landwirten zu helfen. Das Hochwasser 2013 hat in Bayern auch in der Landwirtschaft zu erheblichen Sch\u00e4den gef\u00fchrt. Damals waren auch Fl\u00e4chen im Riedstrom in den Landkreisen Dillingen und Donau-Ries betroffen. Der Ausgleich landwirtschaftlicher Hochwassersch\u00e4den in der Vergangenheit, beispielsweise 2013, beruhte auf einer politischen F\u00fcrsorge f\u00fcr die Betroffenen. Diese Hilfen dienten der Existenzsicherung landwirtschaftlicher Betriebe in Bayern.<\/p>\n<p>Quelle: stumv.bayern.de<\/p>\n","protected":false},"excerpt":{"rendered":"<p>M\u00fcnchen: Einigung zwischen Bayerischem BauernVerband (BBV) und dem Freistaat Bayern im Riedstrom Gemeinsames Pressemitteilung der Riedstromarbeitsgruppe Der Freistaat Bayern hat heute mit dem Bayerischen BauernVerband eine Einigung zum so genannten Riedstrom unterzeichnet. Staatsministerin Ulrike Scharf, Staatsminister Dr. Markus S\u00f6der und Staatsminister Helmut Brunner betonten dazu heute in M\u00fcnchen, dass bei Katastrophen die landwirtschaftlichen Familien auch [&hellip;]<\/p>\n","protected":false},"author":7,"featured_media":8077,"comment_status":"closed","ping_status":"open","sticky":false,"template":"","format":"standard","meta":{"footnotes":""},"categories":[44,71],"tags":[2134],"class_list":["post-10229","post","type-post","status-publish","format-standard","has-post-thumbnail","hentry","category-deutschland-2","category-menue","tag-riedstrom"],"_links":{"self":[{"href":"https:\/\/www.frankensicht.de\/index.php?rest_route=\/wp\/v2\/posts\/10229","targetHints":{"allow":["GET"]}}],"collection":[{"href":"https:\/\/www.frankensicht.de\/index.php?rest_route=\/wp\/v2\/posts"}],"about":[{"href":"https:\/\/www.frankensicht.de\/index.php?rest_route=\/wp\/v2\/types\/post"}],"author":[{"embeddable":true,"href":"https:\/\/www.frankensicht.de\/index.php?rest_route=\/wp\/v2\/users\/7"}],"replies":[{"embeddable":true,"href":"https:\/\/www.frankensicht.de\/index.php?rest_route=%2Fwp%2Fv2%2Fcomments&post=10229"}],"version-history":[{"count":1,"href":"https:\/\/www.frankensicht.de\/index.php?rest_route=\/wp\/v2\/posts\/10229\/revisions"}],"predecessor-version":[{"id":10230,"href":"https:\/\/www.frankensicht.de\/index.php?rest_route=\/wp\/v2\/posts\/10229\/revisions\/10230"}],"wp:featuredmedia":[{"embeddable":true,"href":"https:\/\/www.frankensicht.de\/index.php?rest_route=\/wp\/v2\/media\/8077"}],"wp:attachment":[{"href":"https:\/\/www.frankensicht.de\/index.php?rest_route=%2Fwp%2Fv2%2Fmedia&parent=10229"}],"wp:term":[{"taxonomy":"category","embeddable":true,"href":"https:\/\/www.frankensicht.de\/index.php?rest_route=%2Fwp%2Fv2%2Fcategories&post=10229"},{"taxonomy":"post_tag","embeddable":true,"href":"https:\/\/www.frankensicht.de\/index.php?rest_route=%2Fwp%2Fv2%2Ftags&post=10229"}],"curies":[{"name":"wp","href":"https:\/\/api.w.org\/{rel}","templated":true}]}}