{"id":10215,"date":"2016-12-01T09:01:10","date_gmt":"2016-12-01T08:01:10","guid":{"rendered":"http:\/\/www.frankensicht.de\/?p=10215"},"modified":"2016-12-01T09:01:10","modified_gmt":"2016-12-01T08:01:10","slug":"20-eu%c2%adro-ge%c2%addenk%c2%admuen%c2%adze-300-ge%c2%adburts%c2%adtag-jo%c2%adhann-joa%c2%adchim-win%c2%adckel%c2%admann","status":"publish","type":"post","link":"https:\/\/www.frankensicht.de\/?p=10215","title":{"rendered":"20-Eu\u00adro-Ge\u00addenk\u00adm\u00fcn\u00adze \u201e300. Ge\u00adburts\u00adtag Jo\u00adhann Joa\u00adchim Win\u00adckel\u00admann"},"content":{"rendered":"<p><span style=\"color: #ff0000;\">Berlin:<\/span><\/p>\n<p>Briefmarken und Sammlerm\u00fcnzen<\/p>\n<h1>20-Eu\u00adro-Ge\u00addenk\u00adm\u00fcn\u00adze \u201e300. Ge\u00adburts\u00adtag Jo\u00adhann Joa\u00adchim Win\u00adckel\u00admann<\/h1>\n<p><a href=\"https:\/\/www.frankensicht.de\/?attachment_id=10216\" rel=\"attachment wp-att-10216\"><img loading=\"lazy\" decoding=\"async\" class=\"alignnone size-medium wp-image-10216\" src=\"https:\/\/www.frankensicht.de\/wp-content\/uploads\/2016\/11\/2016-11-30-pm32-bild.jpgjsessionid42F9E1E235C4BF558B56C3374F14E0B0-300x169.jpeg\" alt=\"2016-11-30-pm32-bild-jpgjsessionid42f9e1e235c4bf558b56c3374f14e0b0\" width=\"300\" height=\"169\" srcset=\"https:\/\/www.frankensicht.de\/wp-content\/uploads\/2016\/11\/2016-11-30-pm32-bild.jpgjsessionid42F9E1E235C4BF558B56C3374F14E0B0-300x169.jpeg 300w, https:\/\/www.frankensicht.de\/wp-content\/uploads\/2016\/11\/2016-11-30-pm32-bild.jpgjsessionid42F9E1E235C4BF558B56C3374F14E0B0-384x217.jpeg 384w, https:\/\/www.frankensicht.de\/wp-content\/uploads\/2016\/11\/2016-11-30-pm32-bild.jpgjsessionid42F9E1E235C4BF558B56C3374F14E0B0.jpeg 447w\" sizes=\"auto, (max-width: 300px) 100vw, 300px\" \/><\/a><\/p>\n<p>Quelle:\u2002 BADV<\/p>\n<p>Die Bundesregierung hat am 30. November 2016 beschlossen, eine 20-Euro-Gedenkm\u00fcnze \u201e300. Geburtstag Johann Joachim Winckelmann\u201c pr\u00e4gen zu lassen und im <strong>Oktober 2017<\/strong> auszugeben. Die M\u00fcnze w\u00fcrdigt Johann Joachim Winckelmann (1717 &#8211; 1768), den Begr\u00fcnder der wissenschaftlichen Arch\u00e4ologie und der Kunstgeschichte.<\/p>\n<p>Der Entwurf der M\u00fcnze stammt von dem K\u00fcnstler <strong>Andre Witting<\/strong> aus <strong>Berlin<\/strong>.<\/p>\n<p>In der Begr\u00fcndung der Jury f\u00fcr die Entscheidung hei\u00dft es:<strong>\u00a0<\/strong><\/p>\n<p><em>\u201eDas Portrait zeigt Johann Joachim Winckelmann, den Begr\u00fcnder der klassischen Arch\u00e4ologie und Kunstwissenschaften, nach dem Vorbild vieler antiker M\u00fcnzen im Profil. Der Entwurf besticht durch seine herausragende klare Gestaltung. Er visualisiert mit seinem einfachen Umriss Winckelmanns Ideal der ,edlen Einfalt und stillen Gr\u00f6\u00dfe\u2018. So flie\u00dft seine Geisteshaltung in die k\u00fcnstle\u00adrische Ausgestaltung der M\u00fcnze ein. Die ausgew\u00e4hlte Schrift, die Antiqua, unterst\u00fctzt die klassische Handschrift der Arbeit. Die Wertseite und der Adler sind w\u00fcrdig und angemessen gestaltet und harmonieren ausgezeichnet mit der Bildseite.\u201c<\/em><\/p>\n<p>Die Wertseite zeigt einen Adler, den Schriftzug \u201eBUNDESREPUBLIK DEUTSCHLAND\u201c, Wertziffer und Wertbezeichnung, das Pr\u00e4gezeichen \u201eF\u201c der Staatlichen M\u00fcnzen Baden-W\u00fcrttemberg, Pr\u00e4gest\u00e4tte Stuttgart, die Jahreszahl 2017 sowie die zw\u00f6lf Europasterne. Zus\u00e4tzlich ist die Angabe \u201eSILBER 925\u201c aufgepr\u00e4gt.<\/p>\n<p>Der glatte M\u00fcnzrand enth\u00e4lt in vertiefter Pr\u00e4gung die Inschrift:<\/p>\n<p>\u201eEDLE EINFALT UND STILLE GR\u00d6SSE\u201c<\/p>\n<p>Die 20-Euro-M\u00fcnze soll in den beiden Pr\u00e4gequalit\u00e4ten Stempelglanz und Spiegelglanz in einer Legierung von 925 Tausendteilen Silber und 75 Tausendteilen Kupfer hergestellt werden. Sie hat eine Masse von 18 g und einen Durchmesser von 32,5 mm.<\/p>\n<p>Die M\u00fcnzen in der Pr\u00e4gequalit\u00e4t Stempelglanz werden zum Nennwert (20 Euro) \u00fcber die Deutsche Bundesbank in den Verkehr gebracht. Die Ausgabe der M\u00fcnzen in der Sammlerqualit\u00e4t Spiegelglanz erfolgt zu einem \u00fcber dem Nennwert liegenden Verkaufspreis. Die Verkaufsstelle f\u00fcr Sammlerm\u00fcnzen der Bundesrepublik Deutschland (VfS) wird \u00fcber den genauen Preis und die konkreten Bestellmodalit\u00e4ten rechtzeitig vor Ausgabe der M\u00fcnze informieren.<\/p>\n<p>Quelle: bundesfinanzministerium.de<\/p>\n","protected":false},"excerpt":{"rendered":"<p>Berlin: Briefmarken und Sammlerm\u00fcnzen 20-Eu\u00adro-Ge\u00addenk\u00adm\u00fcn\u00adze \u201e300. Ge\u00adburts\u00adtag Jo\u00adhann Joa\u00adchim Win\u00adckel\u00admann Quelle:\u2002 BADV Die Bundesregierung hat am 30. November 2016 beschlossen, eine 20-Euro-Gedenkm\u00fcnze \u201e300. Geburtstag Johann Joachim Winckelmann\u201c pr\u00e4gen zu lassen und im Oktober 2017 auszugeben. Die M\u00fcnze w\u00fcrdigt Johann Joachim Winckelmann (1717 &#8211; 1768), den Begr\u00fcnder der wissenschaftlichen Arch\u00e4ologie und der Kunstgeschichte. Der Entwurf der [&hellip;]<\/p>\n","protected":false},"author":7,"featured_media":0,"comment_status":"closed","ping_status":"open","sticky":false,"template":"","format":"standard","meta":{"footnotes":""},"categories":[44,3],"tags":[1961],"class_list":["post-10215","post","type-post","status-publish","format-standard","hentry","category-deutschland-2","category-news","tag-20-euro-gedenkmuenze"],"_links":{"self":[{"href":"https:\/\/www.frankensicht.de\/index.php?rest_route=\/wp\/v2\/posts\/10215","targetHints":{"allow":["GET"]}}],"collection":[{"href":"https:\/\/www.frankensicht.de\/index.php?rest_route=\/wp\/v2\/posts"}],"about":[{"href":"https:\/\/www.frankensicht.de\/index.php?rest_route=\/wp\/v2\/types\/post"}],"author":[{"embeddable":true,"href":"https:\/\/www.frankensicht.de\/index.php?rest_route=\/wp\/v2\/users\/7"}],"replies":[{"embeddable":true,"href":"https:\/\/www.frankensicht.de\/index.php?rest_route=%2Fwp%2Fv2%2Fcomments&post=10215"}],"version-history":[{"count":1,"href":"https:\/\/www.frankensicht.de\/index.php?rest_route=\/wp\/v2\/posts\/10215\/revisions"}],"predecessor-version":[{"id":10217,"href":"https:\/\/www.frankensicht.de\/index.php?rest_route=\/wp\/v2\/posts\/10215\/revisions\/10217"}],"wp:attachment":[{"href":"https:\/\/www.frankensicht.de\/index.php?rest_route=%2Fwp%2Fv2%2Fmedia&parent=10215"}],"wp:term":[{"taxonomy":"category","embeddable":true,"href":"https:\/\/www.frankensicht.de\/index.php?rest_route=%2Fwp%2Fv2%2Fcategories&post=10215"},{"taxonomy":"post_tag","embeddable":true,"href":"https:\/\/www.frankensicht.de\/index.php?rest_route=%2Fwp%2Fv2%2Ftags&post=10215"}],"curies":[{"name":"wp","href":"https:\/\/api.w.org\/{rel}","templated":true}]}}