{"id":10211,"date":"2016-11-30T09:00:11","date_gmt":"2016-11-30T08:00:11","guid":{"rendered":"http:\/\/www.frankensicht.de\/?p=10211"},"modified":"2016-11-30T09:00:11","modified_gmt":"2016-11-30T08:00:11","slug":"bayerisches-dialogforum-leben-und-arbeiten-4-0","status":"publish","type":"post","link":"https:\/\/www.frankensicht.de\/?p=10211","title":{"rendered":"Bayerisches Dialogforum \u201aLeben und Arbeiten 4.0&#8242;"},"content":{"rendered":"<p><span style=\"color: #ff0000;\">M\u00fcnchen:<\/span><\/p>\n<p>Bayerisches Dialogforum \u201aLeben und Arbeiten 4.0&#8242;<\/p>\n<p>Pschierer \/ Hintersberger: &#8222;Im Dialogforum \u201aLeben und Arbeiten 4.0&#8242; arbeiten wir gemeinsam daran, dass die Digitalisierung f\u00fcr alle Menschen in Bayern zum Gewinn wird&#8220;<\/p>\n<p>Die Digitalisierung wird die Arbeitswelt und auch unser gesellschaftliches Leben grundlegend \u00e4ndern. Um diesen Prozess aktiv zu gestalten haben Bayerns Wirtschaftsstaatssekret\u00e4r Franz-Josef Pschierer und Arbeitsstaatssekret\u00e4r Johannes Hintersberger das Dialogforum Leben und Arbeiten 4.0&amp; ins Leben gerufen. Das hochkar\u00e4tig besetzte Gremium aus Spitzenvertretern von Arbeitgebern und Arbeitnehmern, aus der Sozialversicherung, der Freien Wohlfahrt, der Wissenschaft und der Kirche hat nun erste Ergebnisse mit Positionen zu den Chancen und Herausforderungen der Digitalisierung in der Arbeitswelt vorgelegt.<\/p>\n<p><a href=\"https:\/\/www.frankensicht.de\/?attachment_id=8913\" rel=\"attachment wp-att-8913\"><img loading=\"lazy\" decoding=\"async\" class=\"alignnone size-medium wp-image-8913\" src=\"https:\/\/www.frankensicht.de\/wp-content\/uploads\/2015\/08\/angeln-300x225.jpg\" alt=\"angeln\" width=\"300\" height=\"225\" srcset=\"https:\/\/www.frankensicht.de\/wp-content\/uploads\/2015\/08\/angeln-300x225.jpg 300w, https:\/\/www.frankensicht.de\/wp-content\/uploads\/2015\/08\/angeln.jpg 640w\" sizes=\"auto, (max-width: 300px) 100vw, 300px\" \/><\/a><\/p>\n<p>Wirtschaftsstaatssekret\u00e4r Franz-Josef Pschierer: Die Digitalisierung bietet uns vielf\u00e4ltige Chancen, etwa in Form neuer Gesch\u00e4ftsmodelle oder orts- und zeitunabh\u00e4ngiger Besch\u00e4ftigungsm\u00f6glichkeiten. Das erfordert mehr Flexibilit\u00e4t. Mit Blick auf die Position der bayerischen Unternehmen im internationalen Wettbewerb fordert Pschierer, die geltenden Regeln schnellstm\u00f6glich auf den Pr\u00fcfstand zu stellen: Nur so k\u00f6nnen die Chancen der Digitalisierung f\u00fcr Arbeitgeber und Arbeitnehmer in Bayern und Deutschland gleicherma\u00dfen genutzt werden.<\/p>\n<p>Die Digitalisierung ver\u00e4ndert alle Bereiche des Lebens und Arbeitens. Es ist von zentraler Bedeutung, dieses Zukunftsthema in einem breiten Dialog zu beleuchten, ist sich Arbeitsstaatssekret\u00e4r Johannes Hintersberger sicher. F\u00fcr den Bereich Arbeiten 4.0 haben die Mitglieder des Dialogforums vier Handlungsfelder identifiziert: Die Flexibilisierung, den Arbeitsschutz, die Sozialversicherungssysteme und die Fachkr\u00e4ftesicherung. Im Dialogforum wurden die zentralen Fragestellungen, die mit diesen Handlungsfeldern verbunden sind, diskutiert und gemeinsame Antworten gefunden.<\/p>\n<p>Mit der Digitalisierung wird ein Wandel der Arbeits- und Betriebsformen einhergehen. Inwieweit das Arbeitsrecht vor dem Hintergrund zunehmender r\u00e4umlicher Flexibilisierungsm\u00f6glichkeiten neu geordnet werden muss, und ob auch das Arbeitszeitrecht angepasst werden muss, wurde intensiv diskutiert.<\/p>\n<p>Die Partner im Dialogforum sind sich einig: Die Strukturen des Arbeitsschutzes wurden fortlaufend weiterentwickelt. Sie gew\u00e4hrleisten ein gutes Arbeitsschutzniveau, m\u00fcssen aber auch im Zuge der Digitalisierung soweit erforderlich \u00a0angepasst werden.<\/p>\n<p>&amp;bdquo;In der Arbeitswelt 4.0 spielen Aus- und Weiterbildung eine noch gr\u00f6\u00dfere Rolle als bislang. Wir m\u00fcssen schon heute daf\u00fcr sorgen, dass die Fachkr\u00e4fte von morgen daf\u00fcr das notwendige Handwerkszeug erhalten. Neben IT-Kompetenzen geh\u00f6rt dazu vor allem interdisziplin\u00e4res Denken, sagte Pschierer. Gerade in Zeiten des digitalen Wandels muss soziale Sicherung gew\u00e4hrleistet bleiben machte Hintersberger deutlich und erg\u00e4nzte: Insbesondere die Vorsorge f\u00fcr das Alter muss planungssicher sein. Dies gilt auch f\u00fcr neue Erwerbsformen, die die Digitalisierung hervorbringt.<\/p>\n<p>Um die Chancen der Digitalisierung zu nutzen, sind fundierte digitale Kompetenzen und das lebenslange Lernen wichtige Voraussetzungen: Hintersberger: Das Erlernen digitaler Souver\u00e4nit\u00e4t ist Zielsetzung f\u00fcr die Kleinsten, aber auch f\u00fcr Menschen im Berufsleben, so Hintersberger. Ein gutes Fundament f\u00fcr die Fachkr\u00e4ftesicherung ist und bleibt die duale Ausbildung, die schon \u00fcber eine lange Zeit hinweg ihre Anpassungsf\u00e4higkeit bewiesen hat.<\/p>\n<p>Das Dialogforum wird seine fruchtbare und konstruktive Arbeit fortsetzen. Im Fokus stehen nun einzelne Aspekte wie die Aus- und Weiterbildung. Aber auch der Themenbereich Leben 4.0 wird verst\u00e4rkt beleuchtet.<\/p>\n<p>Quelle:stmwi.bayern.de<\/p>\n","protected":false},"excerpt":{"rendered":"<p>M\u00fcnchen: Bayerisches Dialogforum \u201aLeben und Arbeiten 4.0&#8242; Pschierer \/ Hintersberger: &#8222;Im Dialogforum \u201aLeben und Arbeiten 4.0&#8242; arbeiten wir gemeinsam daran, dass die Digitalisierung f\u00fcr alle Menschen in Bayern zum Gewinn wird&#8220; Die Digitalisierung wird die Arbeitswelt und auch unser gesellschaftliches Leben grundlegend \u00e4ndern. Um diesen Prozess aktiv zu gestalten haben Bayerns Wirtschaftsstaatssekret\u00e4r Franz-Josef Pschierer und [&hellip;]<\/p>\n","protected":false},"author":7,"featured_media":3634,"comment_status":"closed","ping_status":"open","sticky":false,"template":"","format":"standard","meta":{"footnotes":""},"categories":[78,71],"tags":[2131],"class_list":["post-10211","post","type-post","status-publish","format-standard","has-post-thumbnail","hentry","category-bayern","category-menue","tag-dialogforum"],"_links":{"self":[{"href":"https:\/\/www.frankensicht.de\/index.php?rest_route=\/wp\/v2\/posts\/10211","targetHints":{"allow":["GET"]}}],"collection":[{"href":"https:\/\/www.frankensicht.de\/index.php?rest_route=\/wp\/v2\/posts"}],"about":[{"href":"https:\/\/www.frankensicht.de\/index.php?rest_route=\/wp\/v2\/types\/post"}],"author":[{"embeddable":true,"href":"https:\/\/www.frankensicht.de\/index.php?rest_route=\/wp\/v2\/users\/7"}],"replies":[{"embeddable":true,"href":"https:\/\/www.frankensicht.de\/index.php?rest_route=%2Fwp%2Fv2%2Fcomments&post=10211"}],"version-history":[{"count":3,"href":"https:\/\/www.frankensicht.de\/index.php?rest_route=\/wp\/v2\/posts\/10211\/revisions"}],"predecessor-version":[{"id":10214,"href":"https:\/\/www.frankensicht.de\/index.php?rest_route=\/wp\/v2\/posts\/10211\/revisions\/10214"}],"wp:featuredmedia":[{"embeddable":true,"href":"https:\/\/www.frankensicht.de\/index.php?rest_route=\/wp\/v2\/media\/3634"}],"wp:attachment":[{"href":"https:\/\/www.frankensicht.de\/index.php?rest_route=%2Fwp%2Fv2%2Fmedia&parent=10211"}],"wp:term":[{"taxonomy":"category","embeddable":true,"href":"https:\/\/www.frankensicht.de\/index.php?rest_route=%2Fwp%2Fv2%2Fcategories&post=10211"},{"taxonomy":"post_tag","embeddable":true,"href":"https:\/\/www.frankensicht.de\/index.php?rest_route=%2Fwp%2Fv2%2Ftags&post=10211"}],"curies":[{"name":"wp","href":"https:\/\/api.w.org\/{rel}","templated":true}]}}